{"id":218814,"date":"2016-04-19T17:42:19","date_gmt":"2016-04-19T17:42:19","guid":{"rendered":"http:\/\/diariodominicano.ddns.net\/?p=218814"},"modified":"2016-04-19T17:42:19","modified_gmt":"2016-04-19T17:42:19","slug":"miguel-mejia-destaca-apoyo-del-presidente-a-las-acciones-de-integracion","status":"publish","type":"post","link":"https:\/\/diariodominicano.com\/?p=218814","title":{"rendered":"Miguel Mej\u00eda destaca apoyo del Presidente a las acciones de Integraci\u00f3n"},"content":{"rendered":"<p><body><\/p>\n<p><img decoding=\"async\" src=\"img3\/integracion.jpg\" \/>  <\/p>\n<p><span class=\"text1noticias\">Santo Domingo, R. D., 19 de abril.- El ministro para Pol\u00edticas de Integraci\u00f3n Regional resalt\u00f3 el apoyo que brinda el presidente Danilo Medina a las acciones que desarrolla esa oficina, especialmente, a trav\u00e9s del programa de formaci\u00f3n nacional \u00abEducar para integrar\u00bb.<\/span><\/p>\n<p><span class=\"text1noticias\"> <\/span><\/p>\n<p><span class=\"text1noticias\">Miguel Mej\u00eda hizo el se\u00f1alamiento al encabezar la octava graduaci\u00f3n del curso \u00abRa\u00edces Hist\u00f3ricas y Procesos Actuales de Integraci\u00f3n en Am\u00e9rica Latina y el Caribe\u00bb, que tuvo lugar el pasado s\u00e1bado en Moca, provincia Espaillat.<\/span><\/p>\n<p><span class=\"text1noticias\"> <\/span><\/p>\n<p><span class=\"text1noticias\">Manifest\u00f3 que ya han sido impartidos unos diez cursos de Integraci\u00f3n Regional, de los cuales se programan otras graduaciones, a favor de distintos sectores productivos, empresariales, acad\u00e9micos y profesionales del pa\u00eds.<\/span><\/p>\n<p><span class=\"text1noticias\"> <\/span><\/p>\n<p><span class=\"text1noticias\">Al pronunciar el discurso de clausura de la octava investidura, expuso el entusiasmo, la participaci\u00f3n y el inter\u00e9s de los asistentes al curso, as\u00ed como el adecuado cumplimiento a las exigencias docentes del mismo.<\/span><\/p>\n<p><span class=\"text1noticias\"> <\/span><\/p>\n<p><span class=\"text1noticias\">Al acto, efectuado en la sede de la gobernaci\u00f3n provincial, asistieron, adem\u00e1s, el senador Jos\u00e9 Rafael Vargas y algunos de los profesores que impartieron el curso, entre ellos, los doctores Pedro Sotolongo y El\u00edades Acosta; as\u00ed como la licenciada Evelyn Valoy.<\/span><\/p>\n<p><span class=\"text1noticias\"> <\/span><\/p>\n<p><span class=\"text1noticias\">El curso fue realizado durante siete s\u00e1bados consecutivos, en los que un equipo de profesores nacionales y extranjeros imparti\u00f3 las diez asignaturas.<\/span><\/p>\n<p><span class=\"text1noticias\"> <\/span><\/p>\n<p><span class=\"text1noticias\">Placas de reconocimiento<\/span><\/p>\n<p><span class=\"text1noticias\">Participantes en el curso expresaron su agradecimiento por los conocimientos adquiridos y entregaron placas de reconocimiento al ministro Mej\u00eda y al coordinador del curso, licenciado Edgard Garc\u00eda.<\/span><\/p>\n<p><span class=\"text1noticias\"> <\/span><\/p>\n<p><span class=\"text1noticias\">Tambi\u00e9n la se\u00f1ora Olga Espaillat, propietaria del colegio \u00abEducare\u00bb, donde fueron impartidas las clases, recibi\u00f3 un reconocimiento especial.  <\/span><\/p>\n<p><span class=\"text1noticias\"> <\/span><\/p>\n<p><span class=\"text1noticias\">En nombre de los graduandos, el comunicador Danilo Almanzar, presidente de la filial del C\u00edrculo de Locutores de la Ciudad de Moca, pronunci\u00f3 las palabras de agradecimiento.<\/span><\/p>\n<p><span class=\"text1noticias\"> <\/span><\/p>\n<p><span class=\"text1noticias\">La actividad, que tuvo a Eugenio Garc\u00eda (Genito) como maestro de ceremonias, concluy\u00f3 con la entrega de los certificados a los graduandos.<\/span><\/p>\n<p><span class=\"text1noticias\"> <\/span><\/p>\n<p><span class=\"text1noticias\">Los profesionales, cuarenta y nueve en total, se comprometieron a convertirse en multiplicadores de los conocimientos adquiridos y a apoyar las acciones del gobierno por la integraci\u00f3n <\/span>regional.<\/p>\n<h6> 2016-04-19 17:42:19 <\/h6>\n<p><!--\n<link rel=\"stylesheet\" href=\"css\/bootstrap.min.css\">\n\n\n<ul class=\"pagination\">\n\t    \n\t\n\n<li >\n\t<a href='?page_no=13198'>Previous<\/a>\n\t<\/li>\n\n\n       \n    \n\n<li><a href='?page_no=1'>1<\/a><\/li>\n\n\n\n<li><a href='?page_no=2'>2<\/a><\/li>\n\n\n\n<li><a>...<\/a><\/li>\n\n\n\n<li><a href='?page_no=13197'>13197<\/a><\/li>\n\n\n\n<li><a href='?page_no=13198'>13198<\/a><\/li>\n\n\n\n<li class='active'><a>13199<\/a><\/li>\n\n\n\n<li><a href='?page_no=13200'>13200<\/a><\/li>\n\n\n\n<li><a href='?page_no=13201'>13201<\/a><\/li>\n\n\n\n<li><a>...<\/a><\/li>\n\n\n\n<li><a href='?page_no=56169'>56169<\/a><\/li>\n\n\n\n<li><a href='?page_no=56170'>56170<\/a><\/li>\n\n    \n\t\n\n<li >\n\t<a href='?page_no=13200'>Next<\/a>\n\t<\/li>\n\n\n    \n\n<li><a href='?page_no=56170'>Last &rsaquo;&rsaquo;<\/a><\/li>\n\n<\/ul>\n\n\n--><br \/>\n<\/body><\/p>\n","protected":false},"excerpt":{"rendered":"<p>Santo Domingo, R. D., 19 de abril.- El ministro para Pol\u00edticas de Integraci\u00f3n Regional resalt\u00f3 el apoyo que brinda el presidente Danilo Medina a las acciones que desarrolla esa oficina, especialmente, a trav\u00e9s del programa de formaci\u00f3n nacional \u00abEducar para integrar\u00bb. Miguel Mej\u00eda hizo el se\u00f1alamiento al encabezar la octava graduaci\u00f3n del curso \u00abRa\u00edces Hist\u00f3ricas [&hellip;]<\/p>\n","protected":false},"author":3,"featured_media":0,"comment_status":"open","ping_status":"open","sticky":false,"template":"","format":"standard","meta":{"footnotes":""},"categories":[20],"tags":[],"class_list":["post-218814","post","type-post","status-publish","format-standard","hentry","category-dominicana-hoy"],"_links":{"self":[{"href":"https:\/\/diariodominicano.com\/index.php?rest_route=\/wp\/v2\/posts\/218814","targetHints":{"allow":["GET"]}}],"collection":[{"href":"https:\/\/diariodominicano.com\/index.php?rest_route=\/wp\/v2\/posts"}],"about":[{"href":"https:\/\/diariodominicano.com\/index.php?rest_route=\/wp\/v2\/types\/post"}],"author":[{"embeddable":true,"href":"https:\/\/diariodominicano.com\/index.php?rest_route=\/wp\/v2\/users\/3"}],"replies":[{"embeddable":true,"href":"https:\/\/diariodominicano.com\/index.php?rest_route=%2Fwp%2Fv2%2Fcomments&post=218814"}],"version-history":[{"count":0,"href":"https:\/\/diariodominicano.com\/index.php?rest_route=\/wp\/v2\/posts\/218814\/revisions"}],"wp:attachment":[{"href":"https:\/\/diariodominicano.com\/index.php?rest_route=%2Fwp%2Fv2%2Fmedia&parent=218814"}],"wp:term":[{"taxonomy":"category","embeddable":true,"href":"https:\/\/diariodominicano.com\/index.php?rest_route=%2Fwp%2Fv2%2Fcategories&post=218814"},{"taxonomy":"post_tag","embeddable":true,"href":"https:\/\/diariodominicano.com\/index.php?rest_route=%2Fwp%2Fv2%2Ftags&post=218814"}],"curies":[{"name":"wp","href":"https:\/\/api.w.org\/{rel}","templated":true}]}}