{"id":218813,"date":"2016-04-19T17:52:08","date_gmt":"2016-04-19T17:52:08","guid":{"rendered":"http:\/\/diariodominicano.ddns.net\/?p=218813"},"modified":"2016-04-19T17:52:08","modified_gmt":"2016-04-19T17:52:08","slug":"amet-ve-positiva-instalacion-de-conos-en-la-entrada-tunel-de-la-27-de-febrero","status":"publish","type":"post","link":"https:\/\/diariodominicano.com\/?p=218813","title":{"rendered":"AMET ve positiva instalaci\u00f3n de \u00abconos\u00bb en la entrada t\u00fanel de la 27 de Febrero"},"content":{"rendered":"<p><body><\/p>\n<p><img decoding=\"async\" src=\"img3\/DSC_0046.JPG\" \/>  <\/p>\n<p><strong><span class=\"text1noticias\">Santo Domingo, R. D., 19 de abril.-<\/span><\/strong><span class=\"text1noticias\"> La Autoridad Metropolitana de Transporte (AMET) calific\u00f3 de positivos los resultados obtenidos hasta el momento, tras la colocaci\u00f3n de dispositivos para canalizar el tr\u00e1nsito \u00abconos\u00bb en la avenida 27 de Febrero, previo a la entrada del t\u00fanel en direcci\u00f3n oeste-este, ya que ha sido notaria la agilizaci\u00f3n y reducci\u00f3n de embotellamientos.<\/span><\/p>\n<p><span class=\"text1noticias\"> <\/span><\/p>\n<p><span class=\"text1noticias\">La medida, la cual se encuentra en prueba desde la semana pasada, ha permitido habilitar verdaderos carriles expresos y limitar el cruce de veh\u00edculos de un carril a otro, lo cual ocasionaba problemas en la circulaci\u00f3n vial.<\/span><\/p>\n<p><span class=\"text1noticias\"> <\/span><\/p>\n<p><span class=\"text1noticias\">\u00abDesde la salida del paso a desnivel de la Doctor Defill\u00f3 han sido colocados conos para crear carriles expresos y se habilit\u00f3 una salida previo a la entrada del t\u00fanel\u00bb, precis\u00f3 la AMET.<\/span><\/p>\n<p><span class=\"text1noticias\"> <\/span><\/p>\n<p><span class=\"text1noticias\">Dijo, adem\u00e1s, que a unos 100 metros de la Defill\u00f3 en la misma direcci\u00f3n se habilit\u00f3 una entrada a los carriles expresos.<\/span><\/p>\n<p><span class=\"text1noticias\"> <\/span><\/p>\n<p><span class=\"text1noticias\">\u00abLa medida ha dado excelentes resultados en cuanto a la agilizaci\u00f3n del tr\u00e1nsito, ahorr\u00f3 de tiempo y combustible\u00bb, dijo.<\/span><\/p>\n<p><span class=\"text1noticias\"> <\/span><\/p>\n<p><span class=\"text1noticias\">El organismo encargado de regular el tr\u00e1nsito inform\u00f3 que seguir\u00e1n evaluando el comportamiento del tr\u00e1nsito en la zona, con el objetivo de seguir las mejoras.<\/span><\/p>\n<p><span class=\"text1noticias\"> <\/span><\/p>\n<p><span class=\"text1noticias\">Recomendaci\u00f3n.<\/span><\/p>\n<p><span class=\"text1noticias\"> <\/span><\/p>\n<p><span class=\"text1noticias\">La AMET exhort\u00f3 a las personas que transitan en dicha direcci\u00f3n por la referida avenida y tienen como destino alg\u00fan punto entre la Defill\u00f3 y la avenida Winston Churchill a verificar que la medida no les afecte, ya que entonces tienen que obviar el paso a desnivel y seguir la ruta \u00abpor arriba\u00bb en el carril derecho.<\/span><\/p>\n<p><span class=\"text1noticias\"> <\/span><\/p>\n<p><span class=\"text1noticias\">El organismo encargado de regular el tr\u00e1nsito pidi\u00f3 disculpas a los conductores que la medida pudiera causar alg\u00fan malestar, pero reiter\u00f3 que procuran contribuir a la agilizaci\u00f3n del tr\u00e1nsito.<\/span><\/p>\n<p><span class=\"text1noticias\"> <\/span><\/p>\n<p><span class=\"text1noticias\">Sostuvo que en cada momento, incluyendo las denominadas horas picos, el flujo vehicular avanza de manera satisfactoria luego de la instalaci\u00f3n de los dispositivos para canalizar el tr\u00e1nsito.<\/span><\/p>\n<p><span class=\"text1noticias\"> <\/span><\/p>\n<p><span class=\"text1noticias\">\u00abSe ha logrado evitar los denominados cuellos de botellas y que los conductores est\u00e9n cruzando de un carril a otro, lo cual facilita la entrada al t\u00fanel<\/span>\u00ab, indic\u00f3.<\/p>\n<h6> 2016-04-19 17:52:08 <\/h6>\n<p><!--\n<link rel=\"stylesheet\" href=\"css\/bootstrap.min.css\">\n\n\n<ul class=\"pagination\">\n\t    \n\t\n\n<li >\n\t<a href='?page_no=13197'>Previous<\/a>\n\t<\/li>\n\n\n       \n    \n\n<li><a href='?page_no=1'>1<\/a><\/li>\n\n\n\n<li><a href='?page_no=2'>2<\/a><\/li>\n\n\n\n<li><a>...<\/a><\/li>\n\n\n\n<li><a href='?page_no=13196'>13196<\/a><\/li>\n\n\n\n<li><a href='?page_no=13197'>13197<\/a><\/li>\n\n\n\n<li class='active'><a>13198<\/a><\/li>\n\n\n\n<li><a href='?page_no=13199'>13199<\/a><\/li>\n\n\n\n<li><a href='?page_no=13200'>13200<\/a><\/li>\n\n\n\n<li><a>...<\/a><\/li>\n\n\n\n<li><a href='?page_no=56169'>56169<\/a><\/li>\n\n\n\n<li><a href='?page_no=56170'>56170<\/a><\/li>\n\n    \n\t\n\n<li >\n\t<a href='?page_no=13199'>Next<\/a>\n\t<\/li>\n\n\n    \n\n<li><a href='?page_no=56170'>Last &rsaquo;&rsaquo;<\/a><\/li>\n\n<\/ul>\n\n\n--><br \/>\n<\/body><\/p>\n","protected":false},"excerpt":{"rendered":"<p>Santo Domingo, R. D., 19 de abril.- La Autoridad Metropolitana de Transporte (AMET) calific\u00f3 de positivos los resultados obtenidos hasta el momento, tras la colocaci\u00f3n de dispositivos para canalizar el tr\u00e1nsito \u00abconos\u00bb en la avenida 27 de Febrero, previo a la entrada del t\u00fanel en direcci\u00f3n oeste-este, ya que ha sido notaria la agilizaci\u00f3n y [&hellip;]<\/p>\n","protected":false},"author":3,"featured_media":0,"comment_status":"open","ping_status":"open","sticky":false,"template":"","format":"standard","meta":{"footnotes":""},"categories":[20],"tags":[],"class_list":["post-218813","post","type-post","status-publish","format-standard","hentry","category-dominicana-hoy"],"_links":{"self":[{"href":"https:\/\/diariodominicano.com\/index.php?rest_route=\/wp\/v2\/posts\/218813","targetHints":{"allow":["GET"]}}],"collection":[{"href":"https:\/\/diariodominicano.com\/index.php?rest_route=\/wp\/v2\/posts"}],"about":[{"href":"https:\/\/diariodominicano.com\/index.php?rest_route=\/wp\/v2\/types\/post"}],"author":[{"embeddable":true,"href":"https:\/\/diariodominicano.com\/index.php?rest_route=\/wp\/v2\/users\/3"}],"replies":[{"embeddable":true,"href":"https:\/\/diariodominicano.com\/index.php?rest_route=%2Fwp%2Fv2%2Fcomments&post=218813"}],"version-history":[{"count":0,"href":"https:\/\/diariodominicano.com\/index.php?rest_route=\/wp\/v2\/posts\/218813\/revisions"}],"wp:attachment":[{"href":"https:\/\/diariodominicano.com\/index.php?rest_route=%2Fwp%2Fv2%2Fmedia&parent=218813"}],"wp:term":[{"taxonomy":"category","embeddable":true,"href":"https:\/\/diariodominicano.com\/index.php?rest_route=%2Fwp%2Fv2%2Fcategories&post=218813"},{"taxonomy":"post_tag","embeddable":true,"href":"https:\/\/diariodominicano.com\/index.php?rest_route=%2Fwp%2Fv2%2Ftags&post=218813"}],"curies":[{"name":"wp","href":"https:\/\/api.w.org\/{rel}","templated":true}]}}