{"id":218812,"date":"2016-04-19T18:47:14","date_gmt":"2016-04-19T18:47:14","guid":{"rendered":"http:\/\/diariodominicano.ddns.net\/?p=218812"},"modified":"2016-04-19T18:47:14","modified_gmt":"2016-04-19T18:47:14","slug":"minerd-organiza-actividades-para-el-dia-nacional-de-la-etica-ciudadana","status":"publish","type":"post","link":"https:\/\/diariodominicano.com\/?p=218812","title":{"rendered":"MINERD organiza actividades para el D\u00eda Nacional de la \u00c9tica Ciudadana"},"content":{"rendered":"<p><body><\/p>\n<p><img decoding=\"async\" src=\"img3\/Ulises F.Espaillat.JPG\" \/>  <\/p>\n<p><strong> <\/strong><\/p>\n<p><strong> <\/strong><\/p>\n<p><strong><span class=\"text1noticias\">Santo Domingo. RD., 19 de abril.-<\/span><\/strong><span class=\"text1noticias\">La  Oficina de Acceso a la Informaci\u00f3n P\u00fablica del Ministerio de Educaci\u00f3n (MINERD) organiz\u00f3 el taller: \u00ab\u00c9tica e Integridad en los Servidores P\u00fablicos\u00bb con el objetivo de promover una conducta pulcra y honesta en los empleados del Ministerio de Educaci\u00f3n (MINERD), y fomentar la eficiencia  en los servicios que ofrecen al p\u00fablico.<\/span><\/p>\n<\/p>\n<p><span class=\"text1noticias\">En la actividad participaron servidores de la sede central y de las instituciones adscritas a la cartera educativa, y se realiz\u00f3 en el marco de los preparativos del programa de actividades de la Semana de la \u00c9tica Ciudadana, que se desarrollar\u00e1 del 26 al 29 de abril.<\/span><\/p>\n<\/p>\n<p><span class=\"text1noticias\">Al pronunciar las palabras de apertura del taller, Henry N\u00fa\u00f1ez, director de la Oficina de Acceso a la Informaci\u00f3n del MINERD, dijo que la citada jornada se realiza cada a\u00f1o, en ocasi\u00f3n de conmemorarse el 29 de abril el D\u00eda Nacional de la \u00c9tica Ciudadana en homenaje al presidente Ulises Francisco Espaillat.<\/span><\/p>\n<\/p>\n<p><span class=\"text1noticias\">Indic\u00f3 que la fecha fue institucionalizada mediante el Decreto No. 252-05, por ser el d\u00eda en que el Presidente Ulises Francisco Espaillat tom\u00f3 posesi\u00f3n como Presidente de la Rep\u00fablica.<\/span><\/p>\n<\/p>\n<p><span class=\"text1noticias\">\u00abCada a\u00f1o, en abril, nosotros celebramos toda una semana de actividades, que culminan el 29 de abril, por eso nos encontramos inmersos en todo lo que tienen que ver con la programaci\u00f3n del programa de la jornada\u00bb, expres\u00f3 N\u00fa\u00f1ez.<\/span><\/p>\n<\/p>\n<p><span class=\"text1noticias\">Adem\u00e1s, la disposici\u00f3n presidencial cre\u00f3 la Comisi\u00f3n Permanente para la celebraci\u00f3n de actividades en el D\u00eda Nacional de la \u00c9tica, y est\u00e1 integrada por el MINERD, que  la preside; la Comisi\u00f3n Permanente de Efem\u00e9rides Patrias, los Ministerios de Cultura, y de Educaci\u00f3n Superior, Ciencia y Tecnolog\u00eda, as\u00ed como la Academia Dominicana de la Historia, la Coalici\u00f3n por la Transparencia y la Institucionalidad, y el Consorcio de Educaci\u00f3n C\u00edvica.<\/span><\/p>\n<\/p>\n<p><span class=\"text1noticias\">Temas abordados<\/span><\/p>\n<\/p>\n<p><span class=\"text1noticias\">En el taller, Francia Reynoso y Ronis P\u00e9rez, facilitadores de la Direcci\u00f3n General de \u00c9tica e Integridad Gubernamental (DIGEIG) abordaron los temas \u00c9tica y valores institucionales, R\u00e9gimen \u00c9tico de los Servidores P\u00fablicos y Gobierno Abierto.<\/span><\/p>\n<\/p>\n<p><span class=\"text1noticias\">En su intervenci\u00f3n,  Reynoso reforz\u00f3 los valores \u00e9ticos y morales que hacen ser diferentes a los servidores p\u00fablicos, para que el ciudadano \u00abtenga una percepci\u00f3n diferente de ese servidor p\u00fablico, que muchas veces es menospreciado, por el ciudadano\u00bb.<\/span><\/p>\n<\/p>\n<p><span class=\"text1noticias\">Entre esos valores la especialista cit\u00f3 la honestidad, eficiencia, probidad, responsabilidad; imparcialidad e integridad.<\/span><\/p>\n<\/p>\n<p><span class=\"text1noticias\">\u00abEn el servidor p\u00fablico una de sus principales caracter\u00edsticas debe ser la transparencia en todo el sentido de la palabra, no solo en el aspecto laboral, sino en su comportamiento, porque nosotros somos modelos y representantes de una instituci\u00f3n que nos paga un salario para brindar un servicio\u00bb, enfatiz\u00f3 la especialista.<\/span><\/p>\n<\/p>\n<p><span class=\"text1noticias\">Semana de la \u00c9tica Ciudadana<\/span><\/p>\n<\/p>\n<p><span class=\"text1noticias\">Las actividades se inician el martes 26 de abril, con un Encuentro de Educadores C\u00edvicos, en la Pontificia Universidad Cat\u00f3lica Madre y Maestra (PUCMM), recinto Santo Domingo, de 9:00 a.m. a 4:00 p.m. Ese mismo d\u00eda est\u00e1 pautada la conferencia \u00c9tica del Profesor Universitario, a las 5:00 p.m., en la Universidad Central del Este, en San Pedro de Macor\u00eds.<\/span><\/p>\n<\/p>\n<p><span class=\"text1noticias\">Mientras, el mi\u00e9rcoles 27 la misma conferencia ser\u00e1 dictada, a las 10:00 a.m., en el Instituto de Educaci\u00f3n Superior Loyola, en San Crist\u00f3bal. En tanto, el jueves 28, se desarrollar\u00e1 en la PUCMM, recinto Santiago, otro Encuentro de Educadores C\u00edvicos, de 9:00 a.m. a 4:00 p.m., y a las 10:00 a.m., tendr\u00e1 lugar la conferencia: Por un Liderazgo \u00c9tico en la Administraci\u00f3n P\u00fablica, en la gobernaci\u00f3n de la provincia La Altagracia, y a las 4:00 p.m. una actividad similar con el tema \u00c9tica del Profesor Universitario, en la Universidad Cat\u00f3lica del Este (UCADE), en Hig\u00fcey.<\/span><\/p>\n<\/p>\n<p><span class=\"text1noticias\">Clausura<\/span><\/p>\n<\/p>\n<p><span class=\"text1noticias\">El viernes 29 de abril, D\u00eda Nacional de la \u00c9tica Ciudadana, la jornada concluir\u00e1 con varias actividades. La primera es un izamiento de la Bandera Nacional, en la Plaza Pedro Henr\u00edquez Ure\u00f1a, en la sede central del MINERD, luego, a las 9:00 a.m. se depositar\u00e1 una ofrenda floral en el Pante\u00f3n de la Patria. A las 10.00 a.m., se oficiar\u00e1 una  Eucarist\u00eda, en la Catedral Primada de Am\u00e9rica.<\/span><\/p>\n<\/p>\n<p><span class=\"text1noticias\">Tambi\u00e9n ese d\u00eda, en Moca, se depositar\u00e1 una ofrenda floral, a las 9:00 a.m., y a las 10:00 a.m., se tiene programada la conferencia: \u00bfDecir Adi\u00f3s a la Utop\u00eda y la \u00c9tica?, en la gobernaci\u00f3n de la provincia Espaillat.<\/span><\/p>\n<\/p>\n<p><span class=\"text1noticias\">Ulises Francisco Espaillat<\/span><\/p>\n<\/p>\n<p><span class=\"text1noticias\">La figura de Ulises Francisco Espaillat, luchador liberal en la Guerra de la Restauraci\u00f3n y Presidente Constitucional de la Rep\u00fablica en 1876 fue un ejemplo de accionar p\u00fablico: apegado a principios \u00e9ticos, defensor de la institucionalidad democr\u00e1tica, defensor de la educaci\u00f3n como la v\u00eda m\u00e1s efectiva para lograr el desarrollo y del di\u00e1logo constructivo  a soluci\u00f3n de conflictos.  <\/span><\/p>\n<\/p>\n<h6> 2016-04-19 18:47:14 <\/h6>\n<p><!--\n<link rel=\"stylesheet\" href=\"css\/bootstrap.min.css\">\n\n\n<ul class=\"pagination\">\n\t    \n\t\n\n<li >\n\t<a href='?page_no=13196'>Previous<\/a>\n\t<\/li>\n\n\n       \n    \n\n<li><a href='?page_no=1'>1<\/a><\/li>\n\n\n\n<li><a href='?page_no=2'>2<\/a><\/li>\n\n\n\n<li><a>...<\/a><\/li>\n\n\n\n<li><a href='?page_no=13195'>13195<\/a><\/li>\n\n\n\n<li><a href='?page_no=13196'>13196<\/a><\/li>\n\n\n\n<li class='active'><a>13197<\/a><\/li>\n\n\n\n<li><a href='?page_no=13198'>13198<\/a><\/li>\n\n\n\n<li><a href='?page_no=13199'>13199<\/a><\/li>\n\n\n\n<li><a>...<\/a><\/li>\n\n\n\n<li><a href='?page_no=56169'>56169<\/a><\/li>\n\n\n\n<li><a href='?page_no=56170'>56170<\/a><\/li>\n\n    \n\t\n\n<li >\n\t<a href='?page_no=13198'>Next<\/a>\n\t<\/li>\n\n\n    \n\n<li><a href='?page_no=56170'>Last &rsaquo;&rsaquo;<\/a><\/li>\n\n<\/ul>\n\n\n--><br \/>\n<\/body><\/p>\n","protected":false},"excerpt":{"rendered":"<p>Santo Domingo. RD., 19 de abril.-La Oficina de Acceso a la Informaci\u00f3n P\u00fablica del Ministerio de Educaci\u00f3n (MINERD) organiz\u00f3 el taller: \u00ab\u00c9tica e Integridad en los Servidores P\u00fablicos\u00bb con el objetivo de promover una conducta pulcra y honesta en los empleados del Ministerio de Educaci\u00f3n (MINERD), y fomentar la eficiencia en los servicios que ofrecen [&hellip;]<\/p>\n","protected":false},"author":3,"featured_media":0,"comment_status":"open","ping_status":"open","sticky":false,"template":"","format":"standard","meta":{"footnotes":""},"categories":[20],"tags":[],"class_list":["post-218812","post","type-post","status-publish","format-standard","hentry","category-dominicana-hoy"],"_links":{"self":[{"href":"https:\/\/diariodominicano.com\/index.php?rest_route=\/wp\/v2\/posts\/218812","targetHints":{"allow":["GET"]}}],"collection":[{"href":"https:\/\/diariodominicano.com\/index.php?rest_route=\/wp\/v2\/posts"}],"about":[{"href":"https:\/\/diariodominicano.com\/index.php?rest_route=\/wp\/v2\/types\/post"}],"author":[{"embeddable":true,"href":"https:\/\/diariodominicano.com\/index.php?rest_route=\/wp\/v2\/users\/3"}],"replies":[{"embeddable":true,"href":"https:\/\/diariodominicano.com\/index.php?rest_route=%2Fwp%2Fv2%2Fcomments&post=218812"}],"version-history":[{"count":0,"href":"https:\/\/diariodominicano.com\/index.php?rest_route=\/wp\/v2\/posts\/218812\/revisions"}],"wp:attachment":[{"href":"https:\/\/diariodominicano.com\/index.php?rest_route=%2Fwp%2Fv2%2Fmedia&parent=218812"}],"wp:term":[{"taxonomy":"category","embeddable":true,"href":"https:\/\/diariodominicano.com\/index.php?rest_route=%2Fwp%2Fv2%2Fcategories&post=218812"},{"taxonomy":"post_tag","embeddable":true,"href":"https:\/\/diariodominicano.com\/index.php?rest_route=%2Fwp%2Fv2%2Ftags&post=218812"}],"curies":[{"name":"wp","href":"https:\/\/api.w.org\/{rel}","templated":true}]}}