{"id":218810,"date":"2016-04-20T09:35:16","date_gmt":"2016-04-20T09:35:16","guid":{"rendered":"http:\/\/diariodominicano.ddns.net\/?p=218810"},"modified":"2016-04-20T09:35:16","modified_gmt":"2016-04-20T09:35:16","slug":"se-reune-con-comision-investiga-caso-de-certificados-de-alfabetizacion","status":"publish","type":"post","link":"https:\/\/diariodominicano.com\/?p=218810","title":{"rendered":"Se reune con comisi\u00f3n investiga caso de certificados de alfabetizaci\u00f3n"},"content":{"rendered":"<p><body><\/p>\n<p><img decoding=\"async\" src=\"img3\/Montalvo.jpg\" \/>  <\/p>\n<p><strong>Santo Domingo, R. D., 20 de abril (DICOM).-<\/strong> El ministro de la presidencia, Gustavo Montalvo, se reuni\u00f3 con la comisi\u00f3n designada para investigar lo referente a las 2,500 personas que recibieron certificados de graduaci\u00f3n el pasado s\u00e1bado, por parte del Plan Nacional de Alfabetizaci\u00f3n \u00abQuisqueya Aprende Contigo\u00bb.<\/p>\n<\/p>\n<p>La responsabilidad de esta investigaci\u00f3n estar\u00e1 a cargo de Elena Villeya, presidenta de la Acci\u00f3n Empresarial por la Educaci\u00f3n EDUCA, monse\u00f1or Gregorio Nicanor Pe\u00f1a, representando a la Conferencia del Episcopado Dominicano y Jos\u00e9 Ram\u00f3n Holgu\u00edn, rector de la Asociaci\u00f3n de Universidades no Alineadas (AUNA).<\/p>\n<\/p>\n<p>Esta comisi\u00f3n, que contar\u00e1 adem\u00e1s con la participaci\u00f3n de Pedro Luis Castellanos, como facilitador y enlace por parte del Gobierno, se encargar\u00e1 de  investigar sobre las 2,500 personas que recibieron sus certificados  de graduaci\u00f3n.<\/p>\n<\/p>\n<p>Personas cumplieron con los objetivos pedag\u00f3gicos<\/p>\n<\/p>\n<p>El objetivo de esta investigaci\u00f3n es establecer que tanto en la organizaci\u00f3n del evento como en la entrega de los certificados se actu\u00f3 de manera correcta, que los mismos fueron entregados a las personas que cumplieron con los objetivos pedag\u00f3gicos, es decir que hayan desarrollado sus habilidades b\u00e1sicas de lecto escritura y hayan sido debidamente aprobados para certificaci\u00f3n por el Equipo T\u00e9cnico Nacional de Quisqueya Aprende Contigo.<\/p>\n<\/p>\n<p>Plan de alfabetizaci\u00f3n un esfuerzo del Gobierno digno y exitoso<\/p>\n<\/p>\n<p>\u00abEl plan de alfabetizaci\u00f3n es uno de los esfuerzos m\u00e1s dignos y exitosos que nuestra sociedad ha emprendido, y en el mismo participan todos los sectores de nuestra sociedad. Los dominicanos pueden estar seguros de que conocer\u00e1n los resultados de esta investigaci\u00f3n, si en el acto del pasado s\u00e1bado hubo errores, ser\u00e1n corregidos y si se comprobara pr\u00e1cticas incorrectas, se aplicar\u00e1n los correctivos necesarios\u00bb, expres\u00f3 Montalvo.<\/p>\n<\/p>\n<p>Las personas designadas en la comisi\u00f3n que investigar\u00e1 la organizaci\u00f3n y entrega de los certificados  del Plan Quisqueya Aprende Contigo, representan a organismos que forman parte de la Junta Nacional de Alfabetizaci\u00f3n, creada mediante el Decreto 546-12 y presidida por el Ministro de la Presidencia, Gustavo Montalvo.<\/p>\n<h6> 2016-04-20 09:35:16 <\/h6>\n<p><!--\n<link rel=\"stylesheet\" href=\"css\/bootstrap.min.css\">\n\n\n<ul class=\"pagination\">\n\t    \n\t\n\n<li >\n\t<a href='?page_no=13194'>Previous<\/a>\n\t<\/li>\n\n\n       \n    \n\n<li><a href='?page_no=1'>1<\/a><\/li>\n\n\n\n<li><a href='?page_no=2'>2<\/a><\/li>\n\n\n\n<li><a>...<\/a><\/li>\n\n\n\n<li><a href='?page_no=13193'>13193<\/a><\/li>\n\n\n\n<li><a href='?page_no=13194'>13194<\/a><\/li>\n\n\n\n<li class='active'><a>13195<\/a><\/li>\n\n\n\n<li><a href='?page_no=13196'>13196<\/a><\/li>\n\n\n\n<li><a href='?page_no=13197'>13197<\/a><\/li>\n\n\n\n<li><a>...<\/a><\/li>\n\n\n\n<li><a href='?page_no=56169'>56169<\/a><\/li>\n\n\n\n<li><a href='?page_no=56170'>56170<\/a><\/li>\n\n    \n\t\n\n<li >\n\t<a href='?page_no=13196'>Next<\/a>\n\t<\/li>\n\n\n    \n\n<li><a href='?page_no=56170'>Last &rsaquo;&rsaquo;<\/a><\/li>\n\n<\/ul>\n\n\n--><br \/>\n<\/body><\/p>\n","protected":false},"excerpt":{"rendered":"<p>Santo Domingo, R. D., 20 de abril (DICOM).- El ministro de la presidencia, Gustavo Montalvo, se reuni\u00f3 con la comisi\u00f3n designada para investigar lo referente a las 2,500 personas que recibieron certificados de graduaci\u00f3n el pasado s\u00e1bado, por parte del Plan Nacional de Alfabetizaci\u00f3n \u00abQuisqueya Aprende Contigo\u00bb. La responsabilidad de esta investigaci\u00f3n estar\u00e1 a cargo [&hellip;]<\/p>\n","protected":false},"author":3,"featured_media":0,"comment_status":"open","ping_status":"open","sticky":false,"template":"","format":"standard","meta":{"footnotes":""},"categories":[20],"tags":[],"class_list":["post-218810","post","type-post","status-publish","format-standard","hentry","category-dominicana-hoy"],"_links":{"self":[{"href":"https:\/\/diariodominicano.com\/index.php?rest_route=\/wp\/v2\/posts\/218810","targetHints":{"allow":["GET"]}}],"collection":[{"href":"https:\/\/diariodominicano.com\/index.php?rest_route=\/wp\/v2\/posts"}],"about":[{"href":"https:\/\/diariodominicano.com\/index.php?rest_route=\/wp\/v2\/types\/post"}],"author":[{"embeddable":true,"href":"https:\/\/diariodominicano.com\/index.php?rest_route=\/wp\/v2\/users\/3"}],"replies":[{"embeddable":true,"href":"https:\/\/diariodominicano.com\/index.php?rest_route=%2Fwp%2Fv2%2Fcomments&post=218810"}],"version-history":[{"count":0,"href":"https:\/\/diariodominicano.com\/index.php?rest_route=\/wp\/v2\/posts\/218810\/revisions"}],"wp:attachment":[{"href":"https:\/\/diariodominicano.com\/index.php?rest_route=%2Fwp%2Fv2%2Fmedia&parent=218810"}],"wp:term":[{"taxonomy":"category","embeddable":true,"href":"https:\/\/diariodominicano.com\/index.php?rest_route=%2Fwp%2Fv2%2Fcategories&post=218810"},{"taxonomy":"post_tag","embeddable":true,"href":"https:\/\/diariodominicano.com\/index.php?rest_route=%2Fwp%2Fv2%2Ftags&post=218810"}],"curies":[{"name":"wp","href":"https:\/\/api.w.org\/{rel}","templated":true}]}}