{"id":218809,"date":"2016-04-20T15:55:17","date_gmt":"2016-04-20T15:55:17","guid":{"rendered":"http:\/\/diariodominicano.ddns.net\/?p=218809"},"modified":"2016-04-20T15:55:17","modified_gmt":"2016-04-20T15:55:17","slug":"reconocen-al-presidente-por-los-aportes-a-crecimiento-de-la-produccion-de-arroz","status":"publish","type":"post","link":"https:\/\/diariodominicano.com\/?p=218809","title":{"rendered":"Reconocen al Presidente por los aportes a crecimiento de la producci\u00f3n de arroz"},"content":{"rendered":"<p><body><\/p>\n<p><img decoding=\"async\" src=\"img3\/arroceros.jpg\" \/>  <\/p>\n<p><span class=\"text1noticias\">Santo Domingo, R. D., 20 de abril.- La Asociaci\u00f3n Dominicana de Factor\u00edas de Arroz (ADOFA), reconoci\u00f3 hoy al presidente Danilo Medina por el relanzamiento, desarrollo y crecimiento de la producci\u00f3n arrocera, como resultado de las pol\u00edticas p\u00fablicas de su Gobierno.<\/span><\/p>\n<p><span class=\"text1noticias\"> <\/span><\/p>\n<p><span class=\"text1noticias\">En un acto celebrado al mediod\u00eda del mi\u00e9rcoles  en uno de los salones del tercer piso del Palacio Nacional, el presidente Medina recibi\u00f3 una preciosa placa de reconocimiento por su invaluable labor en beneficio del sector arrocero.<\/span><\/p>\n<p><span class=\"text1noticias\"> <\/span><\/p>\n<p><span class=\"text1noticias\">Fausto Armando Pimentel, presidente de ADOFA, dijo que el presidente Danilo Medina no solo ha hecho grandes aportes en el sector arrocero sino en todo el sector agropecuario.<\/span><\/p>\n<p><span class=\"text1noticias\"> <\/span><\/p>\n<p><span class=\"text1noticias\"> \u00abEsto ha sido gracias al apoyo dado por el Presidente al campo dominicano, lo que ha permitido un desarrollo en las zonas rurales; los niveles de vida del campesino y del sector agr\u00edcola en sentido general han mejorado en los \u00faltimos a\u00f1os, gracias a esa labor que realiza al frente de las instituciones del Gobierno\u00bb, agreg\u00f3.<\/span><\/p>\n<p><span class=\"text1noticias\"> <\/span><\/p>\n<p><span class=\"text1noticias\">De igual modo, explic\u00f3 que por tales motivos se hac\u00eda justo hacer este reconocimiento de manera formal.<\/span><\/p>\n<p><span class=\"text1noticias\"> <\/span><\/p>\n<p><span class=\"text1noticias\">Junto a ellos estuvo un representante de la Federaci\u00f3n Nacional de Productores de Arroz (FENARROZ) en nombre de ese sector cosechero nacional.<\/span><\/p>\n<p><span class=\"text1noticias\"> <\/span><\/p>\n<p><span class=\"text1noticias\">Acompa\u00f1\u00f3 al presidente Danilo Medina el ministro de Agricultura, \u00c1ngel Est\u00e9vez.<\/span><\/p>\n<p><span class=\"text1noticias\"> <\/span><\/p>\n<p><span class=\"text1noticias\">Los productores destacaron que Danilo Medina cumpli\u00f3 con diez puntos estrat\u00e9gicos prometidos en su Programa de Gobierno.<\/span><\/p>\n<p><span class=\"text1noticias\"> <\/span><\/p>\n<p><span class=\"text1noticias\">La labor de apoyo del presidente Danilo Medina y su gesti\u00f3n de Gobierno al sector agropecuario nacional ha sido consistente y varios de los actores m\u00e1s importantes del sector tambi\u00e9n han destacado estos esfuerzos.<\/span><\/p>\n<p><span class=\"text1noticias\"> <\/span><\/p>\n<p><span class=\"text1noticias\">El presidente Danilo Medina tambi\u00e9n ha recibido a los miembros directivos de la Junta Agroempresarial Dominicana (JAD), quienes lo reconocieron por haber cumplido con los diez puntos estrat\u00e9gicos para ese sector previstos en su Programa de Gobierno.<\/span><\/p>\n<p><span class=\"text1noticias\"> <\/span><\/p>\n<p><span class=\"text1noticias\">Las diez propuestas para la transformaci\u00f3n del sector agropecuario con las que se comprometi\u00f3 y ha cumplido el presidente Danilo Medina fueron enumeradas por la JAD:<\/span><\/p>\n<p><span class=\"text1noticias\"> <\/span><\/p>\n<p><span class=\"text1noticias\">1-. Financiamiento al campo, concedi\u00e9ndonos m\u00e1s de 32 mil millones de pesos en apenas tres a\u00f1os.<\/span><\/p>\n<p><span class=\"text1noticias\"> <\/span><\/p>\n<p><span class=\"text1noticias\">2- Apoyando un programa de titulaci\u00f3n de tierras que ya camina en los terrenos del Estado.<\/span><\/p>\n<p><span class=\"text1noticias\"> <\/span><\/p>\n<p><span class=\"text1noticias\">3- Soporte a los programas de investigaci\u00f3n y capacitaci\u00f3n de productores y t\u00e9cnicos.<\/span><\/p>\n<p><span class=\"text1noticias\"> <\/span><\/p>\n<p><span class=\"text1noticias\">Se han Rehabilitado y construido nuevas infraestructuras en las zonas rurales.<\/span><\/p>\n<p><span class=\"text1noticias\"> <\/span><\/p>\n<p><span class=\"text1noticias\">4- Mejoramiento del Sistema Nacional de Manejo Sanitario con calidad e inocuidad de los alimentos.<\/span><\/p>\n<p><span class=\"text1noticias\"> <\/span><\/p>\n<p><span class=\"text1noticias\">5- Rehabilitando y construyendo nuevas infraestructuras en las zonas rurales.<\/span><\/p>\n<p><span class=\"text1noticias\"> <\/span><\/p>\n<p><span class=\"text1noticias\">6- Creando nuevas pol\u00edticas de fomento para las exportaciones con los casos recientes de la creaci\u00f3n del BANDEX y el lanzamiento en el d\u00eda de ayer del programa PROSPERA del Banco de Reservas que ya ha aportado m\u00e1s de mil millones de pesos a sectores promisorios de las exportaciones agropecuarias.<\/span><\/p>\n<p><span class=\"text1noticias\"> <\/span><\/p>\n<p><span class=\"text1noticias\">7- Mejorando la pol\u00edtica fiscal a favor del campo, con el establecimiento de un sistema de simple tributaci\u00f3n a tasas muy bajas para nuestros agricultores.<\/span><\/p>\n<p><span class=\"text1noticias\"> <\/span><\/p>\n<p><span class=\"text1noticias\">8- La agilizaci\u00f3n de los procesos burocr\u00e1ticos que constituyen la permisolog\u00eda medioambiental para desarrollar proyectos agropecuarios y agroindustriales.<\/span><\/p>\n<p><span class=\"text1noticias\"> <\/span><\/p>\n<p><span class=\"text1noticias\">9- Avanzando las conversaciones para el programa de reforma institucional del marco legal de nuestras instituciones p\u00fablicas del sector y<\/span><\/p>\n<p><span class=\"text1noticias\"> <\/span><\/p>\n<p><span class=\"text1noticias\">10- Destac\u00e1ndose con extraordinario valor el Programa de Apoyo a la Asociatividad de Productores y Productoras del campo dominicano, llegando a constituirse en los \u00faltimos 3 a\u00f1os m\u00e1s asociaciones y cooperativas que las que se hab\u00edan registrado durante los \u00faltimos 20 a\u00f1os<\/span> de la vida republicana.<\/p>\n<h6> 2016-04-20 15:55:17 <\/h6>\n<p><!--\n<link rel=\"stylesheet\" href=\"css\/bootstrap.min.css\">\n\n\n<ul class=\"pagination\">\n\t    \n\t\n\n<li >\n\t<a href='?page_no=13193'>Previous<\/a>\n\t<\/li>\n\n\n       \n    \n\n<li><a href='?page_no=1'>1<\/a><\/li>\n\n\n\n<li><a href='?page_no=2'>2<\/a><\/li>\n\n\n\n<li><a>...<\/a><\/li>\n\n\n\n<li><a href='?page_no=13192'>13192<\/a><\/li>\n\n\n\n<li><a href='?page_no=13193'>13193<\/a><\/li>\n\n\n\n<li class='active'><a>13194<\/a><\/li>\n\n\n\n<li><a href='?page_no=13195'>13195<\/a><\/li>\n\n\n\n<li><a href='?page_no=13196'>13196<\/a><\/li>\n\n\n\n<li><a>...<\/a><\/li>\n\n\n\n<li><a href='?page_no=56169'>56169<\/a><\/li>\n\n\n\n<li><a href='?page_no=56170'>56170<\/a><\/li>\n\n    \n\t\n\n<li >\n\t<a href='?page_no=13195'>Next<\/a>\n\t<\/li>\n\n\n    \n\n<li><a href='?page_no=56170'>Last &rsaquo;&rsaquo;<\/a><\/li>\n\n<\/ul>\n\n\n--><br \/>\n<\/body><\/p>\n","protected":false},"excerpt":{"rendered":"<p>Santo Domingo, R. D., 20 de abril.- La Asociaci\u00f3n Dominicana de Factor\u00edas de Arroz (ADOFA), reconoci\u00f3 hoy al presidente Danilo Medina por el relanzamiento, desarrollo y crecimiento de la producci\u00f3n arrocera, como resultado de las pol\u00edticas p\u00fablicas de su Gobierno. En un acto celebrado al mediod\u00eda del mi\u00e9rcoles en uno de los salones del tercer [&hellip;]<\/p>\n","protected":false},"author":3,"featured_media":0,"comment_status":"open","ping_status":"open","sticky":false,"template":"","format":"standard","meta":{"footnotes":""},"categories":[20],"tags":[],"class_list":["post-218809","post","type-post","status-publish","format-standard","hentry","category-dominicana-hoy"],"_links":{"self":[{"href":"https:\/\/diariodominicano.com\/index.php?rest_route=\/wp\/v2\/posts\/218809","targetHints":{"allow":["GET"]}}],"collection":[{"href":"https:\/\/diariodominicano.com\/index.php?rest_route=\/wp\/v2\/posts"}],"about":[{"href":"https:\/\/diariodominicano.com\/index.php?rest_route=\/wp\/v2\/types\/post"}],"author":[{"embeddable":true,"href":"https:\/\/diariodominicano.com\/index.php?rest_route=\/wp\/v2\/users\/3"}],"replies":[{"embeddable":true,"href":"https:\/\/diariodominicano.com\/index.php?rest_route=%2Fwp%2Fv2%2Fcomments&post=218809"}],"version-history":[{"count":0,"href":"https:\/\/diariodominicano.com\/index.php?rest_route=\/wp\/v2\/posts\/218809\/revisions"}],"wp:attachment":[{"href":"https:\/\/diariodominicano.com\/index.php?rest_route=%2Fwp%2Fv2%2Fmedia&parent=218809"}],"wp:term":[{"taxonomy":"category","embeddable":true,"href":"https:\/\/diariodominicano.com\/index.php?rest_route=%2Fwp%2Fv2%2Fcategories&post=218809"},{"taxonomy":"post_tag","embeddable":true,"href":"https:\/\/diariodominicano.com\/index.php?rest_route=%2Fwp%2Fv2%2Ftags&post=218809"}],"curies":[{"name":"wp","href":"https:\/\/api.w.org\/{rel}","templated":true}]}}