{"id":218807,"date":"2016-04-20T16:35:02","date_gmt":"2016-04-20T16:35:02","guid":{"rendered":"http:\/\/diariodominicano.ddns.net\/?p=218807"},"modified":"2016-04-20T16:35:02","modified_gmt":"2016-04-20T16:35:02","slug":"ottt-continua-programa-de-capacitacion-a-choferes-y-estudiantes","status":"publish","type":"post","link":"https:\/\/diariodominicano.com\/?p=218807","title":{"rendered":"OTTT contin\u00faa programa de capacitaci\u00f3n a ch\u00f3feres y estudiantes"},"content":{"rendered":"<p><body><\/p>\n<p><img decoding=\"async\" src=\"img3\/Personal.JPG\" \/>  <\/p>\n<p><span class=\"text1noticias\"> <\/span><\/p>\n<\/p>\n<p><span class=\"text1noticias\">Santo Domingo. RD., 20 de abril.- A fin de seguir creando conciencia en los ciudadanos sobre la capacitaci\u00f3n en educaci\u00f3n vial y as\u00ed reducir las violaciones a las leyes de tr\u00e1nsito, la Oficina T\u00e9cnica de Transporte Terrestre (OTTT) ha capacitado en los \u00faltimos dos meses de este a\u00f1o 857 ch\u00f3feres de instituciones p\u00fablicas y empresas privadas en diversos puntos del pa\u00eds.<\/span><\/p>\n<\/p>\n<p><span class=\"text1noticias\">El director general de la instituci\u00f3n, licenciado H\u00e9ctor Mojica, expres\u00f3 que la seguridad vial depende de todos los sectores y afecta por igual  por el cual se ha estado impartiendo talleres de formaci\u00f3n a entidades que buscan involucrarse para aportar un granito de arena y transmitirle esos conocimientos a otros y de esa forma contribuir en la reducci\u00f3n de los accidentes de tr\u00e1nsito.<\/span><\/p>\n<\/p>\n<p><span class=\"text1noticias\">\u00abTenemos que cambiar nuestro comportamiento hacia las reglas de tr\u00e1nsito, tenemos una Ley que se llama Ley 241 que hay que cumplir, pero si usted desconoce la penalidad y la consecuencia que provoca irse en rojo o no ponerse el cintur\u00f3n de seguridad, lo seguridad haciendo repetidas veces hasta que haya un accidente, donde usted ser\u00eda la v\u00edctima junto a otros que jam\u00e1s tuvieron la culpa de su imprudencia o falta de educaci\u00f3n vial\u00bb, dijo Mojica.<\/span><\/p>\n<\/p>\n<p><span class=\"text1noticias\">Indic\u00f3 que sin la moderaci\u00f3n de las conductas humanas no es posible lograr un \u00f3ptimo resultado, por ello, la instrucci\u00f3n es continuar con los esfuerzos que hagan posible generar una verdadera cultura de respeto y convivencia.<\/span><\/p>\n<\/p>\n<p><span class=\"text1noticias\">El funcionario agreg\u00f3 que capacit\u00f3 a trav\u00e9s del departamento de educaci\u00f3n vial de la instituci\u00f3n que dirige el licenciado Francisco Puello Berroa,  durante el mes de marzo unos 255 estudiantes en  educaci\u00f3n vial, formaci\u00f3n que llev\u00f3  a varios centros  educativos del Distrito Nacional.<\/span><\/p>\n<p><span class=\"text1noticias\"> <\/span><\/p>\n<\/p>\n<p><span class=\"text1noticias\">Formaci\u00f3n a estudiantes de centros educativos p\u00fablicos y privados<\/span><\/p>\n<\/p>\n<p><span class=\"text1noticias\">El programa de educaci\u00f3n vial para escuelas y colegios que lleva a cabo la OTTT  inici\u00f3 formalmente en noviembre del pasado a\u00f1os y tienen la finalidad de orientar a los estudiantes sobre c\u00f3mo comportarse en las v\u00edas, ya que son los peatones de hoy y los conductores del futuro.<\/span><\/p>\n<p><span class=\"text1noticias\"> <\/span><\/p>\n<\/p>\n<p><span class=\"text1noticias\">La iniciativa busca adem\u00e1s  de la aprobaci\u00f3n de un marco regulatorio m\u00e1s adecuado para el transporte,  al igual que cambiar la cultura del manejo del pa\u00eds, a fin de concienciar sobre los factores de riesgos que en materia de tr\u00e1nsito implican el alcohol, las drogas, alta velocidad, no uso del cintur\u00f3n de seguridad y el uso del tel\u00e9fono celular mientras se conducen un veh\u00edculo.<\/span><\/p>\n<p><span class=\"text1noticias\"> <\/span><\/p>\n<\/p>\n<p><span class=\"text1noticias\">Entre los centros educativos visitados por el personal de Educaci\u00f3n Vial de la OTTT, figuran los  Liceos San Pablo Ap\u00f3stol,  donde asistieron en cuatro  oportunidades y capacitaron 165 colegiales; mientras que en el  plantel Benito Ju\u00e1rez, tanda matutina  instruyeron 90  alumnos; en tanto que en el colegio Nuestra Se\u00f1ora de la Mercedes, adiestraron  a igual n\u00fameros de escolares<\/span>.<\/p>\n<\/p>\n<\/p>\n<h6> 2016-04-20 16:35:02 <\/h6>\n<p><!--\n<link rel=\"stylesheet\" href=\"css\/bootstrap.min.css\">\n\n\n<ul class=\"pagination\">\n\t    \n\t\n\n<li >\n\t<a href='?page_no=13191'>Previous<\/a>\n\t<\/li>\n\n\n       \n    \n\n<li><a href='?page_no=1'>1<\/a><\/li>\n\n\n\n<li><a href='?page_no=2'>2<\/a><\/li>\n\n\n\n<li><a>...<\/a><\/li>\n\n\n\n<li><a href='?page_no=13190'>13190<\/a><\/li>\n\n\n\n<li><a href='?page_no=13191'>13191<\/a><\/li>\n\n\n\n<li class='active'><a>13192<\/a><\/li>\n\n\n\n<li><a href='?page_no=13193'>13193<\/a><\/li>\n\n\n\n<li><a href='?page_no=13194'>13194<\/a><\/li>\n\n\n\n<li><a>...<\/a><\/li>\n\n\n\n<li><a href='?page_no=56169'>56169<\/a><\/li>\n\n\n\n<li><a href='?page_no=56170'>56170<\/a><\/li>\n\n    \n\t\n\n<li >\n\t<a href='?page_no=13193'>Next<\/a>\n\t<\/li>\n\n\n    \n\n<li><a href='?page_no=56170'>Last &rsaquo;&rsaquo;<\/a><\/li>\n\n<\/ul>\n\n\n--><br \/>\n<\/body><\/p>\n","protected":false},"excerpt":{"rendered":"<p>Santo Domingo. RD., 20 de abril.- A fin de seguir creando conciencia en los ciudadanos sobre la capacitaci\u00f3n en educaci\u00f3n vial y as\u00ed reducir las violaciones a las leyes de tr\u00e1nsito, la Oficina T\u00e9cnica de Transporte Terrestre (OTTT) ha capacitado en los \u00faltimos dos meses de este a\u00f1o 857 ch\u00f3feres de instituciones p\u00fablicas y empresas [&hellip;]<\/p>\n","protected":false},"author":3,"featured_media":0,"comment_status":"open","ping_status":"open","sticky":false,"template":"","format":"standard","meta":{"footnotes":""},"categories":[20],"tags":[],"class_list":["post-218807","post","type-post","status-publish","format-standard","hentry","category-dominicana-hoy"],"_links":{"self":[{"href":"https:\/\/diariodominicano.com\/index.php?rest_route=\/wp\/v2\/posts\/218807","targetHints":{"allow":["GET"]}}],"collection":[{"href":"https:\/\/diariodominicano.com\/index.php?rest_route=\/wp\/v2\/posts"}],"about":[{"href":"https:\/\/diariodominicano.com\/index.php?rest_route=\/wp\/v2\/types\/post"}],"author":[{"embeddable":true,"href":"https:\/\/diariodominicano.com\/index.php?rest_route=\/wp\/v2\/users\/3"}],"replies":[{"embeddable":true,"href":"https:\/\/diariodominicano.com\/index.php?rest_route=%2Fwp%2Fv2%2Fcomments&post=218807"}],"version-history":[{"count":0,"href":"https:\/\/diariodominicano.com\/index.php?rest_route=\/wp\/v2\/posts\/218807\/revisions"}],"wp:attachment":[{"href":"https:\/\/diariodominicano.com\/index.php?rest_route=%2Fwp%2Fv2%2Fmedia&parent=218807"}],"wp:term":[{"taxonomy":"category","embeddable":true,"href":"https:\/\/diariodominicano.com\/index.php?rest_route=%2Fwp%2Fv2%2Fcategories&post=218807"},{"taxonomy":"post_tag","embeddable":true,"href":"https:\/\/diariodominicano.com\/index.php?rest_route=%2Fwp%2Fv2%2Ftags&post=218807"}],"curies":[{"name":"wp","href":"https:\/\/api.w.org\/{rel}","templated":true}]}}