{"id":218806,"date":"2016-04-20T17:07:03","date_gmt":"2016-04-20T17:07:03","guid":{"rendered":"http:\/\/diariodominicano.ddns.net\/?p=218806"},"modified":"2016-04-20T17:07:03","modified_gmt":"2016-04-20T17:07:03","slug":"educacion-convoca-participar-en-cuarta-jornada-contra-dengue-y-zika","status":"publish","type":"post","link":"https:\/\/diariodominicano.com\/?p=218806","title":{"rendered":"Educaci\u00f3n convoca participar en Cuarta Jornada contra Dengue y Zika"},"content":{"rendered":"<p><body><\/p>\n<p><img decoding=\"async\" src=\"img3\/Amarante.jpg\" \/>  <\/p>\n<p><span class=\"text1noticias\">Santo Domingo, R. D., 20 de abril.- En cumplimiento de lo dispuesto por el presidente Danilo Medina, el Ministerio de Educaci\u00f3n convoc\u00f3 a todo su personal administrativo, de apoyo y a las Asociaciones de Padres, Madres, Tutores y Amigos de la Escuela a participar en la Cuarta Jornada Nacional de eliminaci\u00f3n de los criaderos del mosquito transmisor del Dengue, el Zika-virus y la Chikungunya, los d\u00edas viernes 22 y s\u00e1bado 23  de este mes.<\/span><\/p>\n<p><span class=\"text1noticias\"> <\/span><\/p>\n<p><span class=\"text1noticias\">Al hacer el anuncio, el Ministro de Educaci\u00f3n, licenciado Carlos Amarante Baret, aclar\u00f3 que aunque el personal administrativo y de apoyo del MINERD estar\u00e1 ocupado en la Jornada Nacional, el viernes habr\u00e1 clases en todo el pa\u00eds, por lo que llam\u00f3 a docentes y estudiantes a acudir a las aulas ese d\u00eda y a integrarse voluntariamente a las labores de eliminaci\u00f3n de los criaderos del mosquito Aedes Aegypti el s\u00e1bado 23 de este mes.<\/span><\/p>\n<p><span class=\"text1noticias\"> <\/span><\/p>\n<p><span class=\"text1noticias\">Indic\u00f3 que como en jornadas anteriores, en esta ocasi\u00f3n el Ministerio de Educaci\u00f3n participar\u00e1 en forma entusiasta en la cuarta jornada de eliminaci\u00f3n de criaderos del mosquito.<\/span><\/p>\n<p><span class=\"text1noticias\"> <\/span><\/p>\n<p><span class=\"text1noticias\">La Jornada, en la que participar\u00e1n todas las instituciones del Estado, tiene el objetivo de eliminar criaderos del mosquito Aedes Aegypti, que transmite el virus del Zika, el dengue y la chikungunya.<\/span><\/p>\n<p><span class=\"text1noticias\"> <\/span><\/p>\n<p><span class=\"text1noticias\">Amarante Baret record\u00f3 al personal del MINERD, a los Directores Regionales, Distritales y de centros su deber de orientar a los estudiantes sobre las medidas preventivas para evitar las citadas enfermedades.<\/span><\/p>\n<p><span class=\"text1noticias\"> <\/span><\/p>\n<p><span class=\"text1noticias\">Tambi\u00e9n exhort\u00f3 a las asociaciones de padres, amigos y tutores de los centros educativos a mantener limpios, con la participaci\u00f3n de los estudiantes, los patios de las escuelas, de los hogares y sus entornos.<\/span><\/p>\n<p><span class=\"text1noticias\"> <\/span><\/p>\n<p><span class=\"text1noticias\">El Ministro de Educaci\u00f3n aclar\u00f3 que el viernes 22 la docencia no ser\u00e1 suspendida por la jornada de sensibilizaci\u00f3n y erradicaci\u00f3n de criaderos de mosquitos contra el Zika-virus, pues solamente est\u00e1n autorizados a participar en la actividad el personal administrativo y de apoyo de la sede central y de las 18 Direcciones Regionales y de Distritos Educativos.<\/span><\/p>\n<p><span class=\"text1noticias\"> <\/span><\/p>\n<p><span class=\"text1noticias\">\u00abEl personal del MINERD, asumiendo las directrices del presidente Medina, volver\u00e1 a las calles el viernes y el s\u00e1bado para sensibilizar a la comunidad nacional sobre la necesidad de tomar medidas que contribuyan a erradicar la expansi\u00f3n de enfermedades asociadas al mosquito Aedes Aegytis\u00bb, indic\u00f3 Amarante Baret.<\/span><\/p>\n<p><span class=\"text1noticias\"> <\/span><\/p>\n<p><span class=\"text1noticias\">El funcionario dijo que como en las jornadas anteriores, con el objetivo de realizar un trabajo efectivo se conformar\u00e1n equipos liderados por funcionarios de la instituci\u00f3n y directores departamentales que se desplazar\u00e1n por diferentes localidades, conforme a las orientaciones trazadas por el Ministerio de Salud P\u00fablica.<\/span><\/p>\n<p><span class=\"text1noticias\"> <\/span><\/p>\n<p><span class=\"text1noticias\">Resultados de Tercera Jornada <\/span><\/p>\n<p><span class=\"text1noticias\">En la anterior Jornada de Sensibilizaci\u00f3n y Erradicaci\u00f3n de Criaderos de Mosquitos, realizada los d\u00edas 19 y 20 del pasado mes de marzo, Educaci\u00f3n particip\u00f3 con 14,299 servidores de la sede central, m\u00e1s el personal de las 18 Direcciones Regionales, que  visitaron 69,547 viviendas, levantaron 56,435 escombros, eliminaron 90,549 criaderos de mosquitos y entregaron  41,050 brochures y otros materiales edu<\/span>cativos. <\/p>\n<h6> 2016-04-20 17:07:03 <\/h6>\n<p><!--\n<link rel=\"stylesheet\" href=\"css\/bootstrap.min.css\">\n\n\n<ul class=\"pagination\">\n\t    \n\t\n\n<li >\n\t<a href='?page_no=13190'>Previous<\/a>\n\t<\/li>\n\n\n       \n    \n\n<li><a href='?page_no=1'>1<\/a><\/li>\n\n\n\n<li><a href='?page_no=2'>2<\/a><\/li>\n\n\n\n<li><a>...<\/a><\/li>\n\n\n\n<li><a href='?page_no=13189'>13189<\/a><\/li>\n\n\n\n<li><a href='?page_no=13190'>13190<\/a><\/li>\n\n\n\n<li class='active'><a>13191<\/a><\/li>\n\n\n\n<li><a href='?page_no=13192'>13192<\/a><\/li>\n\n\n\n<li><a href='?page_no=13193'>13193<\/a><\/li>\n\n\n\n<li><a>...<\/a><\/li>\n\n\n\n<li><a href='?page_no=56169'>56169<\/a><\/li>\n\n\n\n<li><a href='?page_no=56170'>56170<\/a><\/li>\n\n    \n\t\n\n<li >\n\t<a href='?page_no=13192'>Next<\/a>\n\t<\/li>\n\n\n    \n\n<li><a href='?page_no=56170'>Last &rsaquo;&rsaquo;<\/a><\/li>\n\n<\/ul>\n\n\n--><br \/>\n<\/body><\/p>\n","protected":false},"excerpt":{"rendered":"<p>Santo Domingo, R. D., 20 de abril.- En cumplimiento de lo dispuesto por el presidente Danilo Medina, el Ministerio de Educaci\u00f3n convoc\u00f3 a todo su personal administrativo, de apoyo y a las Asociaciones de Padres, Madres, Tutores y Amigos de la Escuela a participar en la Cuarta Jornada Nacional de eliminaci\u00f3n de los criaderos del [&hellip;]<\/p>\n","protected":false},"author":3,"featured_media":0,"comment_status":"open","ping_status":"open","sticky":false,"template":"","format":"standard","meta":{"footnotes":""},"categories":[20],"tags":[],"class_list":["post-218806","post","type-post","status-publish","format-standard","hentry","category-dominicana-hoy"],"_links":{"self":[{"href":"https:\/\/diariodominicano.com\/index.php?rest_route=\/wp\/v2\/posts\/218806","targetHints":{"allow":["GET"]}}],"collection":[{"href":"https:\/\/diariodominicano.com\/index.php?rest_route=\/wp\/v2\/posts"}],"about":[{"href":"https:\/\/diariodominicano.com\/index.php?rest_route=\/wp\/v2\/types\/post"}],"author":[{"embeddable":true,"href":"https:\/\/diariodominicano.com\/index.php?rest_route=\/wp\/v2\/users\/3"}],"replies":[{"embeddable":true,"href":"https:\/\/diariodominicano.com\/index.php?rest_route=%2Fwp%2Fv2%2Fcomments&post=218806"}],"version-history":[{"count":0,"href":"https:\/\/diariodominicano.com\/index.php?rest_route=\/wp\/v2\/posts\/218806\/revisions"}],"wp:attachment":[{"href":"https:\/\/diariodominicano.com\/index.php?rest_route=%2Fwp%2Fv2%2Fmedia&parent=218806"}],"wp:term":[{"taxonomy":"category","embeddable":true,"href":"https:\/\/diariodominicano.com\/index.php?rest_route=%2Fwp%2Fv2%2Fcategories&post=218806"},{"taxonomy":"post_tag","embeddable":true,"href":"https:\/\/diariodominicano.com\/index.php?rest_route=%2Fwp%2Fv2%2Ftags&post=218806"}],"curies":[{"name":"wp","href":"https:\/\/api.w.org\/{rel}","templated":true}]}}