{"id":218798,"date":"2016-04-21T10:40:01","date_gmt":"2016-04-21T10:40:01","guid":{"rendered":"http:\/\/diariodominicano.ddns.net\/?p=218798"},"modified":"2016-04-21T10:40:01","modified_gmt":"2016-04-21T10:40:01","slug":"valentino-ji-zen-tang-rd-puede-ser-puente-entre-caribe-y-centroamerica","status":"publish","type":"post","link":"https:\/\/diariodominicano.com\/?p=218798","title":{"rendered":"Valentino Ji Zen Tang: RD puede ser puente entre Caribe y Centroam\u00e9rica"},"content":{"rendered":"<p><body><\/p>\n<p><img decoding=\"async\" src=\"img3\/Taiwan.jpg\" \/>  <\/p>\n<p><span class=\"text1noticias\">Santo Domingo, R. D., 21 de abril.- El ministro para Pol\u00edticas de la Integraci\u00f3n Regional, Miguel Mej\u00eda, se reuni\u00f3 con el embajador de Taiw\u00e1n en el pa\u00eds, Valentino Ji Zen Tang, con quien convers\u00f3 sobre los fuertes v\u00ednculos que unen a las dos naciones.<\/span><\/p>\n<p><span class=\"text1noticias\"> <\/span><\/p>\n<p><span class=\"text1noticias\">Posici\u00f3n geogr\u00e1fica estrat\u00e9gica<\/span><\/p>\n<p><span class=\"text1noticias\"> <\/span><\/p>\n<p><span class=\"text1noticias\">De igual modo la posici\u00f3n estrat\u00e9gica que posee y el desarrollo que ha observado en el pa\u00eds en los \u00faltimos a\u00f1os.<\/span><\/p>\n<p><span class=\"text1noticias\"> <\/span><\/p>\n<p><span class=\"text1noticias\">Miguel Mej\u00eda destac\u00f3 que la Rep\u00fablica China de Taiw\u00e1n ha estado interesada en los procesos de integraci\u00f3n que se desarrollan en el continente americano y ha requerido del Ministerio que dirige una informaci\u00f3n de lo que hasta el momento ha hecho Rep\u00fablica Dominicana en pos de esa integraci\u00f3n.<\/span><\/p>\n<p><span class=\"text1noticias\"> <\/span><\/p>\n<p><span class=\"text1noticias\">\u00abAl embajador se le ha explicado lo que ha estado haciendo el Gobierno, bajo la orientaci\u00f3n del presidente de la Rep\u00fablica, Danilo Medina\u00bb, dijo.<\/span><\/p>\n<p><span class=\"text1noticias\"> <\/span><\/p>\n<p><span class=\"text1noticias\">Taiw\u00e1n enfatiza alcance de su relaci\u00f3n con RD<\/span><\/p>\n<p><span class=\"text1noticias\"> <\/span><\/p>\n<p><span class=\"text1noticias\">Mientras, el representante diplom\u00e1tico taiwan\u00e9s enfatiz\u00f3 los alcances de las relaciones de su pa\u00eds con Rep\u00fablica Dominicana, en el marco de los acuerdos con las naciones del \u00e1rea.<\/span><\/p>\n<p><span class=\"text1noticias\"> <\/span><\/p>\n<p><span class=\"text1noticias\">\u00abY si bien la Rep\u00fablica Dominicana est\u00e1 en la zona del Caribe, forma parte del Sistema de la Integraci\u00f3n Centroamericana (SICA), y por eso creemos que este pa\u00eds puede ser un puente entre el Caribe y Centroam\u00e9rica, porque cuenta adem\u00e1s con esa posici\u00f3n ventajosa\u00bb, dijo.<\/span><\/p>\n<p><span class=\"text1noticias\"> <\/span><\/p>\n<p><span class=\"text1noticias\">Miguel Mej\u00eda entreg\u00f3 varias publicaciones que recogen la esencia de la iniciativa del Gobierno \u00abEducar para Integrar\u00bb, que procura crear conciencia para los distintos sectores de la vida nacional sobre la importancia que tienen los procesos de integraci\u00f3n regional y continental.<\/span><\/p>\n<h6> 2016-04-21 10:40:01 <\/h6>\n<p><!--\n<link rel=\"stylesheet\" href=\"css\/bootstrap.min.css\">\n\n\n<ul class=\"pagination\">\n\t    \n\t\n\n<li >\n\t<a href='?page_no=13183'>Previous<\/a>\n\t<\/li>\n\n\n       \n    \n\n<li><a href='?page_no=1'>1<\/a><\/li>\n\n\n\n<li><a href='?page_no=2'>2<\/a><\/li>\n\n\n\n<li><a>...<\/a><\/li>\n\n\n\n<li><a href='?page_no=13182'>13182<\/a><\/li>\n\n\n\n<li><a href='?page_no=13183'>13183<\/a><\/li>\n\n\n\n<li class='active'><a>13184<\/a><\/li>\n\n\n\n<li><a href='?page_no=13185'>13185<\/a><\/li>\n\n\n\n<li><a href='?page_no=13186'>13186<\/a><\/li>\n\n\n\n<li><a>...<\/a><\/li>\n\n\n\n<li><a href='?page_no=56169'>56169<\/a><\/li>\n\n\n\n<li><a href='?page_no=56170'>56170<\/a><\/li>\n\n    \n\t\n\n<li >\n\t<a href='?page_no=13185'>Next<\/a>\n\t<\/li>\n\n\n    \n\n<li><a href='?page_no=56170'>Last &rsaquo;&rsaquo;<\/a><\/li>\n\n<\/ul>\n\n\n--><br \/>\n<\/body><\/p>\n","protected":false},"excerpt":{"rendered":"<p>Santo Domingo, R. D., 21 de abril.- El ministro para Pol\u00edticas de la Integraci\u00f3n Regional, Miguel Mej\u00eda, se reuni\u00f3 con el embajador de Taiw\u00e1n en el pa\u00eds, Valentino Ji Zen Tang, con quien convers\u00f3 sobre los fuertes v\u00ednculos que unen a las dos naciones. Posici\u00f3n geogr\u00e1fica estrat\u00e9gica De igual modo la posici\u00f3n estrat\u00e9gica que posee [&hellip;]<\/p>\n","protected":false},"author":3,"featured_media":0,"comment_status":"open","ping_status":"open","sticky":false,"template":"","format":"standard","meta":{"footnotes":""},"categories":[20],"tags":[],"class_list":["post-218798","post","type-post","status-publish","format-standard","hentry","category-dominicana-hoy"],"_links":{"self":[{"href":"https:\/\/diariodominicano.com\/index.php?rest_route=\/wp\/v2\/posts\/218798","targetHints":{"allow":["GET"]}}],"collection":[{"href":"https:\/\/diariodominicano.com\/index.php?rest_route=\/wp\/v2\/posts"}],"about":[{"href":"https:\/\/diariodominicano.com\/index.php?rest_route=\/wp\/v2\/types\/post"}],"author":[{"embeddable":true,"href":"https:\/\/diariodominicano.com\/index.php?rest_route=\/wp\/v2\/users\/3"}],"replies":[{"embeddable":true,"href":"https:\/\/diariodominicano.com\/index.php?rest_route=%2Fwp%2Fv2%2Fcomments&post=218798"}],"version-history":[{"count":0,"href":"https:\/\/diariodominicano.com\/index.php?rest_route=\/wp\/v2\/posts\/218798\/revisions"}],"wp:attachment":[{"href":"https:\/\/diariodominicano.com\/index.php?rest_route=%2Fwp%2Fv2%2Fmedia&parent=218798"}],"wp:term":[{"taxonomy":"category","embeddable":true,"href":"https:\/\/diariodominicano.com\/index.php?rest_route=%2Fwp%2Fv2%2Fcategories&post=218798"},{"taxonomy":"post_tag","embeddable":true,"href":"https:\/\/diariodominicano.com\/index.php?rest_route=%2Fwp%2Fv2%2Ftags&post=218798"}],"curies":[{"name":"wp","href":"https:\/\/api.w.org\/{rel}","templated":true}]}}