{"id":218797,"date":"2016-04-21T11:05:57","date_gmt":"2016-04-21T11:05:57","guid":{"rendered":"http:\/\/diariodominicano.ddns.net\/?p=218797"},"modified":"2016-04-21T11:05:57","modified_gmt":"2016-04-21T11:05:57","slug":"danilo-medina-destaca-calidad-de-profesionales-de-la-unphu","status":"publish","type":"post","link":"https:\/\/diariodominicano.com\/?p=218797","title":{"rendered":"Danilo Medina destaca calidad de profesionales de la UNPHU"},"content":{"rendered":"<p><body><\/p>\n<p><img decoding=\"async\" src=\"img3\/palacio3.jpg\" \/>  <\/p>\n<p><span class=\"text1noticias\">Santo Domingo, R. D., 21 de abril.- El presidente Danilo Medina manifest\u00f3 que la Universidad Nacional Pedro Henr\u00edquez Ure\u00f1a (UNPHU), exhibe una abundante cosecha de profesionales, con \u00f3ptimos niveles de calidad en diversas ramas del saber.<\/span><\/p>\n<p><span class=\"text1noticias\"> <\/span><\/p>\n<p><span class=\"text1noticias\">Estas consideraciones fueron expresadas por el jefe de Estado en carta dirigida al rector de la UNPHU, Miguel Fiallo Calder\u00f3n, con motivo de celebrarse este jueves, el 50 aniversario de la fundaci\u00f3n de esa casa de estudios.<\/span><\/p>\n<p><span class=\"text1noticias\"> <\/span><\/p>\n<p><span class=\"text1noticias\">\u00abCon motivo de conmemorarse ma\u00f1ana jueves 21 de abril, el 50 aniversario de la fundaci\u00f3n de ese centro acad\u00e9mico, reciba las sinceras congratulaciones que le presento en nombre del Gobierno y en el m\u00edo propio, con petici\u00f3n de que sean transmitidas a las dem\u00e1s autoridades, al personal docente, administrativo y de apoyo, egresados y a todo el estudiantado\u00bb.<\/span><\/p>\n<p><span class=\"text1noticias\"> <\/span><\/p>\n<p><span class=\"text1noticias\">Igualmente, el presidente Danilo Medina envi\u00f3 \u00abuna felicitaci\u00f3n especial a la Fundaci\u00f3n Universitaria Dominicana, por cuya iniciativa fue fundada la UNPHU en 1966, con participaci\u00f3n de connotadas figuras de la vida nacional y profesores de gran prestigio, escogi\u00e9ndose como primer rector al arquitecto Jos\u00e9 Antonio Caro \u00c1lvarez\u00bb.<\/span><\/p>\n<p><span class=\"text1noticias\"> <\/span><\/p>\n<p><span class=\"text1noticias\">En ese contexto, el jefe de Estado formul\u00f3 los mejores deseos de que la referida universidad contin\u00fae en el alto sitial que ocupa en la educaci\u00f3n superior de la Rep\u00fablica Dominicana y que sus programas de ense\u00f1anza aporten cada vez m\u00e1s y mejores profesionales al desarrollo de la Naci\u00f3n.<\/span><\/p>\n<h6> 2016-04-21 11:05:57 <\/h6>\n<p><!--\n<link rel=\"stylesheet\" href=\"css\/bootstrap.min.css\">\n\n\n<ul class=\"pagination\">\n\t    \n\t\n\n<li >\n\t<a href='?page_no=13182'>Previous<\/a>\n\t<\/li>\n\n\n       \n    \n\n<li><a href='?page_no=1'>1<\/a><\/li>\n\n\n\n<li><a href='?page_no=2'>2<\/a><\/li>\n\n\n\n<li><a>...<\/a><\/li>\n\n\n\n<li><a href='?page_no=13181'>13181<\/a><\/li>\n\n\n\n<li><a href='?page_no=13182'>13182<\/a><\/li>\n\n\n\n<li class='active'><a>13183<\/a><\/li>\n\n\n\n<li><a href='?page_no=13184'>13184<\/a><\/li>\n\n\n\n<li><a href='?page_no=13185'>13185<\/a><\/li>\n\n\n\n<li><a>...<\/a><\/li>\n\n\n\n<li><a href='?page_no=56169'>56169<\/a><\/li>\n\n\n\n<li><a href='?page_no=56170'>56170<\/a><\/li>\n\n    \n\t\n\n<li >\n\t<a href='?page_no=13184'>Next<\/a>\n\t<\/li>\n\n\n    \n\n<li><a href='?page_no=56170'>Last &rsaquo;&rsaquo;<\/a><\/li>\n\n<\/ul>\n\n\n--><br \/>\n<\/body><\/p>\n","protected":false},"excerpt":{"rendered":"<p>Santo Domingo, R. D., 21 de abril.- El presidente Danilo Medina manifest\u00f3 que la Universidad Nacional Pedro Henr\u00edquez Ure\u00f1a (UNPHU), exhibe una abundante cosecha de profesionales, con \u00f3ptimos niveles de calidad en diversas ramas del saber. Estas consideraciones fueron expresadas por el jefe de Estado en carta dirigida al rector de la UNPHU, Miguel Fiallo [&hellip;]<\/p>\n","protected":false},"author":3,"featured_media":0,"comment_status":"open","ping_status":"open","sticky":false,"template":"","format":"standard","meta":{"footnotes":""},"categories":[20],"tags":[],"class_list":["post-218797","post","type-post","status-publish","format-standard","hentry","category-dominicana-hoy"],"_links":{"self":[{"href":"https:\/\/diariodominicano.com\/index.php?rest_route=\/wp\/v2\/posts\/218797","targetHints":{"allow":["GET"]}}],"collection":[{"href":"https:\/\/diariodominicano.com\/index.php?rest_route=\/wp\/v2\/posts"}],"about":[{"href":"https:\/\/diariodominicano.com\/index.php?rest_route=\/wp\/v2\/types\/post"}],"author":[{"embeddable":true,"href":"https:\/\/diariodominicano.com\/index.php?rest_route=\/wp\/v2\/users\/3"}],"replies":[{"embeddable":true,"href":"https:\/\/diariodominicano.com\/index.php?rest_route=%2Fwp%2Fv2%2Fcomments&post=218797"}],"version-history":[{"count":0,"href":"https:\/\/diariodominicano.com\/index.php?rest_route=\/wp\/v2\/posts\/218797\/revisions"}],"wp:attachment":[{"href":"https:\/\/diariodominicano.com\/index.php?rest_route=%2Fwp%2Fv2%2Fmedia&parent=218797"}],"wp:term":[{"taxonomy":"category","embeddable":true,"href":"https:\/\/diariodominicano.com\/index.php?rest_route=%2Fwp%2Fv2%2Fcategories&post=218797"},{"taxonomy":"post_tag","embeddable":true,"href":"https:\/\/diariodominicano.com\/index.php?rest_route=%2Fwp%2Fv2%2Ftags&post=218797"}],"curies":[{"name":"wp","href":"https:\/\/api.w.org\/{rel}","templated":true}]}}