{"id":218792,"date":"2016-04-21T16:02:25","date_gmt":"2016-04-21T16:02:25","guid":{"rendered":"http:\/\/diariodominicano.ddns.net\/?p=218792"},"modified":"2016-04-21T16:02:25","modified_gmt":"2016-04-21T16:02:25","slug":"fidias-aristy-destaca-aportes-del-gobierno-para-reducir-la-demanda-de-drogas-en-rd","status":"publish","type":"post","link":"https:\/\/diariodominicano.com\/?p=218792","title":{"rendered":"FIDIAS ARISTY destaca aportes del Gobierno para reducir la demanda de drogas en RD"},"content":{"rendered":"<p><body><\/p>\n<p><img decoding=\"async\" src=\"img3\/Fidias Aristy.jpg\" \/>  <\/p>\n<\/p>\n<p><span class=\"text1noticias\">Nueva York.21 de abril.-El Dr. Fidias Aristy, al intervenir en el panel sobre Reducci\u00f3n de la Demanda y Aspectos Conexos de la Sesi\u00f3n Especial sobre Drogas de las Naciones Unidas, destac\u00f3 que en Rep\u00fablica Dominicana el Presidente Danilo Medina implementa el mejor modelo para reducir la demanda de drogas, consistente en fortalecer de manera enf\u00e1tica la Educaci\u00f3n, ofreciendo apoyo e incentivos especialmente a ni\u00f1os, ni\u00f1as y adolescentes, as\u00ed como combatiendo la pobreza.<\/span><\/p>\n<\/p>\n<p><span class=\"text1noticias\">Expres\u00f3 que el Gobierno dominicano crea el mejor escudo preventivo contra las drogas, al hacer \u00e9nfasis en pol\u00edticas estatales para la promoci\u00f3n de un mejor sistema educativo, y de mejores condiciones para los grupos m\u00e1s vulnerables. <\/span><\/p>\n<\/p>\n<p><span class=\"text1noticias\">En su intervenci\u00f3n, Fidias Aristy destac\u00f3 que en la naci\u00f3n dominicana se respeta, sin distinci\u00f3n, los Derechos Humanos.<\/span><\/p>\n<\/p>\n<p><span class=\"text1noticias\">Sesi\u00f3n Especial de la ONU<\/span><\/p>\n<\/p>\n<p><span class=\"text1noticias\">En su participaci\u00f3n en nombre de la Comunidad de Estados Latinoamericanos y Caribe\u00f1os (CELAC) el Presidente del Consejo Nacional de Drogas, Fidias Aristy, sostuvo que es necesario adoptar medidas efectivas y pr\u00e1cticas que permitan la prevenci\u00f3n de drogas, en particular entre los ni\u00f1os y los adolescentes en toda la regi\u00f3n de Am\u00e9rica Latina y el Caribe. <\/span><\/p>\n<\/p>\n<p><span class=\"text1noticias\">Asimismo, se\u00f1al\u00f3 en la sesi\u00f3n especial sobre drogas celebrada en las Naciones Unidas, que la CELAC pone \u00e9nfasis en la necesidad de fortalecer la cooperaci\u00f3n internacional, como eje central de los esfuerzos para abordar el problema mundial de las drogas. <\/span><\/p>\n<\/p>\n<h6> 2016-04-21 16:02:25 <\/h6>\n<p><!--\n<link rel=\"stylesheet\" href=\"css\/bootstrap.min.css\">\n\n\n<ul class=\"pagination\">\n\t    \n\t\n\n<li >\n\t<a href='?page_no=13178'>Previous<\/a>\n\t<\/li>\n\n\n       \n    \n\n<li><a href='?page_no=1'>1<\/a><\/li>\n\n\n\n<li><a href='?page_no=2'>2<\/a><\/li>\n\n\n\n<li><a>...<\/a><\/li>\n\n\n\n<li><a href='?page_no=13177'>13177<\/a><\/li>\n\n\n\n<li><a href='?page_no=13178'>13178<\/a><\/li>\n\n\n\n<li class='active'><a>13179<\/a><\/li>\n\n\n\n<li><a href='?page_no=13180'>13180<\/a><\/li>\n\n\n\n<li><a href='?page_no=13181'>13181<\/a><\/li>\n\n\n\n<li><a>...<\/a><\/li>\n\n\n\n<li><a href='?page_no=56169'>56169<\/a><\/li>\n\n\n\n<li><a href='?page_no=56170'>56170<\/a><\/li>\n\n    \n\t\n\n<li >\n\t<a href='?page_no=13180'>Next<\/a>\n\t<\/li>\n\n\n    \n\n<li><a href='?page_no=56170'>Last &rsaquo;&rsaquo;<\/a><\/li>\n\n<\/ul>\n\n\n--><br \/>\n<\/body><\/p>\n","protected":false},"excerpt":{"rendered":"<p>Nueva York.21 de abril.-El Dr. Fidias Aristy, al intervenir en el panel sobre Reducci\u00f3n de la Demanda y Aspectos Conexos de la Sesi\u00f3n Especial sobre Drogas de las Naciones Unidas, destac\u00f3 que en Rep\u00fablica Dominicana el Presidente Danilo Medina implementa el mejor modelo para reducir la demanda de drogas, consistente en fortalecer de manera enf\u00e1tica [&hellip;]<\/p>\n","protected":false},"author":3,"featured_media":0,"comment_status":"open","ping_status":"open","sticky":false,"template":"","format":"standard","meta":{"footnotes":""},"categories":[20],"tags":[],"class_list":["post-218792","post","type-post","status-publish","format-standard","hentry","category-dominicana-hoy"],"_links":{"self":[{"href":"https:\/\/diariodominicano.com\/index.php?rest_route=\/wp\/v2\/posts\/218792","targetHints":{"allow":["GET"]}}],"collection":[{"href":"https:\/\/diariodominicano.com\/index.php?rest_route=\/wp\/v2\/posts"}],"about":[{"href":"https:\/\/diariodominicano.com\/index.php?rest_route=\/wp\/v2\/types\/post"}],"author":[{"embeddable":true,"href":"https:\/\/diariodominicano.com\/index.php?rest_route=\/wp\/v2\/users\/3"}],"replies":[{"embeddable":true,"href":"https:\/\/diariodominicano.com\/index.php?rest_route=%2Fwp%2Fv2%2Fcomments&post=218792"}],"version-history":[{"count":0,"href":"https:\/\/diariodominicano.com\/index.php?rest_route=\/wp\/v2\/posts\/218792\/revisions"}],"wp:attachment":[{"href":"https:\/\/diariodominicano.com\/index.php?rest_route=%2Fwp%2Fv2%2Fmedia&parent=218792"}],"wp:term":[{"taxonomy":"category","embeddable":true,"href":"https:\/\/diariodominicano.com\/index.php?rest_route=%2Fwp%2Fv2%2Fcategories&post=218792"},{"taxonomy":"post_tag","embeddable":true,"href":"https:\/\/diariodominicano.com\/index.php?rest_route=%2Fwp%2Fv2%2Ftags&post=218792"}],"curies":[{"name":"wp","href":"https:\/\/api.w.org\/{rel}","templated":true}]}}