{"id":218791,"date":"2016-04-21T16:21:09","date_gmt":"2016-04-21T16:21:09","guid":{"rendered":"http:\/\/diariodominicano.ddns.net\/?p=218791"},"modified":"2016-04-21T16:21:09","modified_gmt":"2016-04-21T16:21:09","slug":"vicepresidenta-entrega-tres-centros-de-atencion-primaria-en-puerto-plata","status":"publish","type":"post","link":"https:\/\/diariodominicano.com\/?p=218791","title":{"rendered":"Vicepresidenta entrega tres Centros de Atenci\u00f3n Primaria en Puerto Plata"},"content":{"rendered":"<p><body><\/p>\n<p><img decoding=\"async\" src=\"http:\/\/10.0.0.82:8080\/img3\/La%20vicepresidenta%20Margarita%20Cede%C3%83%C2%B1o%20corta%20la%20cinta%20que%20deja%20en%20servicio%20el%20centro%20de%20salud.JPG\" \/><br \/><img decoding=\"async\" src=\"http:\/\/10.0.0.82:8080\/img3\/La%20vicepresidenta%20Margarita%20Cede%C3%83%C2%B1o%20corta%20la%20cinta%20que%20deja%20en%20servicio%20el%20centro%20de%20salud.JPG\" \/>  <\/p>\n<p><span class=\"text1noticias\"> <\/span><\/p>\n<p><span class=\"text1noticias\"> <\/span><\/p>\n<p><span class=\"text1noticias\">PUERTO PLTA. RD., 21 de abril.- Con el objetivo de ofrecer servicios de salud de calidad a los residentes de la provincia Puerto Plata, la vicepresidenta de la Rep\u00fablica, doctora Margarita Cede\u00f1o, inaugur\u00f3 aqu\u00ed simult\u00e1neamente tres Centros de Primer Nivel de Atenci\u00f3n de Salud (CPN), los cuales beneficiaran a miles de familias de escasos recursos de la zona.<\/span><\/p>\n<p><span class=\"text1noticias\"> <\/span><\/p>\n<\/p>\n<p><span class=\"text1noticias\">Los nuevos CPN, construidos con el apoyo del Banco Interamericano de Desarrollo (BID), est\u00e1n ubicados en los municipios Gregorio Luper\u00f3n y Puerto Plata, espec\u00edficamente en los sectores Padre Granero y Padre Las Casas. En el primero la Vicemandataria encabez\u00f3 el acto formal y cort\u00f3 la cinta para dejar en operaci\u00f3n esos centros de salud.<\/span><\/p>\n<p><span class=\"text1noticias\"> <\/span><\/p>\n<\/p>\n<p><span class=\"text1noticias\">Los 21 establecimientos entregados por la doctora  Margarita Cede\u00f1o en diferentes puntos del pa\u00eds, aportan en la reducci\u00f3n de la brecha entre la oferta y demanda de servicios de salud y contribuyen con la descongesti\u00f3n de los grandes hospitales a nivel provincial y regional<\/span><\/p>\n<p><span class=\"text1noticias\"> <\/span><\/p>\n<\/p>\n<p><span class=\"text1noticias\">La Vicepresidencia de la Rep\u00fablica, a trav\u00e9s del Gabinete de Coordinaci\u00f3n de Pol\u00edticas Sociales, adem\u00e1s est\u00e1 inmersa en la edificaci\u00f3n de 42 CPN y en la readecuaci\u00f3n de otros 112. Tambi\u00e9n ser\u00e1n certificados como proveedores del Servicio Nacional de Salud (Senasa).<\/span><\/p>\n<p><span class=\"text1noticias\"> <\/span><\/p>\n<\/p>\n<p><span class=\"text1noticias\">La Vicemandataria considera que con los Centros de Primer Nivel de Atenci\u00f3n se hace m\u00e1s eficiente la inversi\u00f3n de los recursos, y sobretodo, se brinda una atenci\u00f3n humana y cercana a las familias que habitan en cada una de las comunidades donde operan, debido a que en los mismos se pueden prevenir patolog\u00edas o enfermedad e indicar  tratamiento a quienes las puedan padecer.<\/span><\/p>\n<p><span class=\"text1noticias\"> <\/span><\/p>\n<\/p>\n<p><span class=\"text1noticias\">Las palabras centrales estuvieron a cargo del coordinador de salud del Gabinete de Pol\u00edticas Sociales, doctor H\u00e9ctor Urraca, quien dijo que el Gobierno ha puesto en funcionamiento los centros de baja complejidad capaces de atender la demanda del 80 por ciento de los habitantes de esas comunidades, con lo que se descongestionan los grandes hospitales.<\/span><\/p>\n<p><span class=\"text1noticias\"> <\/span><\/p>\n<\/p>\n<p><span class=\"text1noticias\">\u00abAl incorporar los centros aumentamos la oferta de servicios y reducimos la brecha, y de esta forma es posible impactar en la calidad de vida de la poblaci\u00f3n, ya que desde all\u00ed, con los modernos equipos, se podr\u00e1n realizar no solo la medicina curativa sino la preventiva, que es la que repercutir\u00e1 de forma directa en la salud de las personas y en las finanzas del sector sanitario\u00bb, indic\u00f3.<\/span><\/p>\n<p><span class=\"text1noticias\"> <\/span><\/p>\n<\/p>\n<p><span class=\"text1noticias\">Los residentes de esas comunidades contaran con los servicios del Plan B\u00e1sico de Salud dirigidos a la disminuci\u00f3n de la mortalidad materno-infantil, la colocaci\u00f3n de inmunizaciones seg\u00fan el esquema nacional de vacunaci\u00f3n, detecci\u00f3n oportuna de casos de c\u00e1ncer de mama, c\u00e9rvico-uterino y pr\u00f3stata, entre otros.<\/span><\/p>\n<p><span class=\"text1noticias\"> <\/span><\/p>\n<\/p>\n<p><span class=\"text1noticias\">Todos estos centros est\u00e1n habilitados seg\u00fan la normativa de la Direcci\u00f3n Nacional de Habilitaci\u00f3n del Ministerio de Salud P\u00fablica, dotados de todos los equipos requeridos y de un programa inform\u00e1tico para que los datos de los pacientes, as\u00ed como el registro de sus vacunas, est\u00e9n disponibles en cualquier CPN que acudan.<\/span><\/p>\n<p><span class=\"text1noticias\"> <\/span><\/p>\n<\/p>\n<p><span class=\"text1noticias\">Los dem\u00e1s CPN que ha construido el Gabinete Social est\u00e1n ubicados en comunidades en los que no exist\u00eda oferta de servicios sanitarios de El Seibo, Hato Mayor, San Francisco de Macor\u00eds, Ban\u00ed, Monte Plata, Santo Domingo Este,  Yamas\u00e1 y San Juan de la Maguana.<\/span><\/p>\n<p><span class=\"text1noticias\"> <\/span><\/p>\n<\/p>\n<p><span class=\"text1noticias\">Acompa\u00f1aron a la Vicepresidenta el especialista senior del BID, Sandro Parodi; el gobernador provincial, doctor Iv\u00e1n Rivera Bastardo; el senador licenciado Francis Vargas; la directora regional de Salud, doctora Austria de la Rosa, y el obispo de Puerto Plata, Julio C\u00e9sar Cornielle, quien bendijo la obra.<\/span><\/p>\n<\/p>\n<\/p>\n<\/p>\n<h6> 2016-04-21 16:21:09 <\/h6>\n<p><!--\n<link rel=\"stylesheet\" href=\"css\/bootstrap.min.css\">\n\n\n<ul class=\"pagination\">\n\t    \n\t\n\n<li >\n\t<a href='?page_no=13177'>Previous<\/a>\n\t<\/li>\n\n\n       \n    \n\n<li><a href='?page_no=1'>1<\/a><\/li>\n\n\n\n<li><a href='?page_no=2'>2<\/a><\/li>\n\n\n\n<li><a>...<\/a><\/li>\n\n\n\n<li><a href='?page_no=13176'>13176<\/a><\/li>\n\n\n\n<li><a href='?page_no=13177'>13177<\/a><\/li>\n\n\n\n<li class='active'><a>13178<\/a><\/li>\n\n\n\n<li><a href='?page_no=13179'>13179<\/a><\/li>\n\n\n\n<li><a href='?page_no=13180'>13180<\/a><\/li>\n\n\n\n<li><a>...<\/a><\/li>\n\n\n\n<li><a href='?page_no=56169'>56169<\/a><\/li>\n\n\n\n<li><a href='?page_no=56170'>56170<\/a><\/li>\n\n    \n\t\n\n<li >\n\t<a href='?page_no=13179'>Next<\/a>\n\t<\/li>\n\n\n    \n\n<li><a href='?page_no=56170'>Last &rsaquo;&rsaquo;<\/a><\/li>\n\n<\/ul>\n\n\n--><br \/>\n<\/body><\/p>\n","protected":false},"excerpt":{"rendered":"<p>PUERTO PLTA. RD., 21 de abril.- Con el objetivo de ofrecer servicios de salud de calidad a los residentes de la provincia Puerto Plata, la vicepresidenta de la Rep\u00fablica, doctora Margarita Cede\u00f1o, inaugur\u00f3 aqu\u00ed simult\u00e1neamente tres Centros de Primer Nivel de Atenci\u00f3n de Salud (CPN), los cuales beneficiaran a miles de familias de escasos recursos [&hellip;]<\/p>\n","protected":false},"author":3,"featured_media":0,"comment_status":"open","ping_status":"open","sticky":false,"template":"","format":"standard","meta":{"footnotes":""},"categories":[20],"tags":[],"class_list":["post-218791","post","type-post","status-publish","format-standard","hentry","category-dominicana-hoy"],"_links":{"self":[{"href":"https:\/\/diariodominicano.com\/index.php?rest_route=\/wp\/v2\/posts\/218791","targetHints":{"allow":["GET"]}}],"collection":[{"href":"https:\/\/diariodominicano.com\/index.php?rest_route=\/wp\/v2\/posts"}],"about":[{"href":"https:\/\/diariodominicano.com\/index.php?rest_route=\/wp\/v2\/types\/post"}],"author":[{"embeddable":true,"href":"https:\/\/diariodominicano.com\/index.php?rest_route=\/wp\/v2\/users\/3"}],"replies":[{"embeddable":true,"href":"https:\/\/diariodominicano.com\/index.php?rest_route=%2Fwp%2Fv2%2Fcomments&post=218791"}],"version-history":[{"count":0,"href":"https:\/\/diariodominicano.com\/index.php?rest_route=\/wp\/v2\/posts\/218791\/revisions"}],"wp:attachment":[{"href":"https:\/\/diariodominicano.com\/index.php?rest_route=%2Fwp%2Fv2%2Fmedia&parent=218791"}],"wp:term":[{"taxonomy":"category","embeddable":true,"href":"https:\/\/diariodominicano.com\/index.php?rest_route=%2Fwp%2Fv2%2Fcategories&post=218791"},{"taxonomy":"post_tag","embeddable":true,"href":"https:\/\/diariodominicano.com\/index.php?rest_route=%2Fwp%2Fv2%2Ftags&post=218791"}],"curies":[{"name":"wp","href":"https:\/\/api.w.org\/{rel}","templated":true}]}}