{"id":218790,"date":"2016-04-21T17:11:58","date_gmt":"2016-04-21T17:11:58","guid":{"rendered":"http:\/\/diariodominicano.ddns.net\/?p=218790"},"modified":"2016-04-21T17:11:58","modified_gmt":"2016-04-21T17:11:58","slug":"isfodosu-otorgara-1200-becas-para-carreras-de-formacion-docente","status":"publish","type":"post","link":"https:\/\/diariodominicano.com\/?p=218790","title":{"rendered":"ISFODOSU otorgar\u00e1  1,200 becas para carreras de formaci\u00f3n docente"},"content":{"rendered":"<p><body><\/p>\n<p><img decoding=\"async\" src=\"img3\/ACM_1782.JPG\" \/><br \/><img decoding=\"async\" src=\"img3\/ACM_1782.JPG\" \/>  <\/p>\n<\/p>\n<p><span class=\"text1noticias\">Santo Domingo. RD.,21 de abril.-El Instituto Superior de Formaci\u00f3n Docente Salom\u00e9 Ure\u00f1a (ISFODOSU), del Ministerio de Educaci\u00f3n (MINERD), convoc\u00f3 a los aspirantes a maestros para que apliquen para optar por las 1,200 becas disponibles en las carreras de Educaci\u00f3n Inicial, Primaria y F\u00edsica correspondientes al per\u00edodo acad\u00e9mico septiembre-diciembre 2016.<\/span><\/p>\n<\/p>\n<p><span class=\"text1noticias\">El rector del ISFODOSU, Julio S\u00e1nchez Mar\u00ed\u00f1ez, explic\u00f3 en rueda de prensa efectuada en el Sal\u00f3n de Reuniones de la Rector\u00eda de esa instituci\u00f3n, que los candidatos tienen desde el mes de abril y hasta junio para aplicar y completar la documentaci\u00f3n requerida.<\/span><\/p>\n<\/p>\n<p><span class=\"text1noticias\">S\u00e1nchez Mar\u00ed\u00f1ez resalt\u00f3 que dentro de las novedades para el citado per\u00edodo todos los candidatos que ingresen al proceso estar\u00e1n bajo la modalidad de jornada completa, en horario de 8 de la ma\u00f1ana a 4:30 de la tarde, a quienes se les facilitar\u00e1 en calidad de pr\u00e9stamo una tableta con los libros que necesitar\u00e1n en su carrera, en formato digital.<\/span><\/p>\n<\/p>\n<p><span class=\"text1noticias\">\u00abNo se puede tener un maestro de calidad, con las competencias requeridas para el siglo 21 si no dedica el tiempo necesario para formarse. Los aspirantes a maestros deben agotar una agenda de estudios a tiempo completo. Nuestros estudiantes est\u00e1n becados con un rango de 18 a 25 a\u00f1os, para que puedan dedicar un tiempo al sistema una vez que finalicen la carrera y con la garant\u00eda de un cuerpo profesoral comprometido exclusivamente para docentes.\u00bb afirm\u00f3.<\/span><\/p>\n<\/p>\n<p><span class=\"text1noticias\">Asimismo, S\u00e1nchez Mar\u00ed\u00f1ez resalt\u00f3 que en los Concursos de Oposici\u00f3n Docente de los a\u00f1os 2013, 2014 y 2015 realizados por el Ministerio de Educaci\u00f3n los egresados del ISFODOSU son los que han obtenido las mejores calificaciones. <\/span><\/p>\n<\/p>\n<p><span class=\"text1noticias\">Dilcia Valerio, directora de Admisi\u00f3n, explic\u00f3 que el formulario para aplicar a las becas estar\u00e1 disponible en las oficinas de Admisi\u00f3n de los distintos recintos  de Santo Domingo, Santiago, San Pedro de Macor\u00eds y San Juan de la Maguana.  Adem\u00e1s, a trav\u00e9s de la p\u00e1gina www.isfodosu.edu.do, con el cual deber\u00e1n entregarse los siguientes documentos: copia del acta de nacimiento, r\u00e9cord de bachiller emitido por el centro de estudio, copia de la c\u00e9dula y un aporte econ\u00f3mico que se le confirmar\u00e1 v\u00eda telef\u00f3nica en el recinto de su inter\u00e9s.<\/span><\/p>\n<\/p>\n<p><span class=\"text1noticias\">En la mesa principal de la actividad, acompa\u00f1aron al Rector y a la directora de Admisi\u00f3n, la vicerrectora acad\u00e9mica, Rosa Kranwinkel.<\/span><\/p>\n<\/p>\n<p><span class=\"text1noticias\">Sobre el ISFODOSU<\/span><\/p>\n<\/p>\n<p><span class=\"text1noticias\">El Instituto Superior de Formaci\u00f3n Docente Salom\u00e9 Ure\u00f1a es una instituci\u00f3n de educaci\u00f3n superior cuyo fin primordial consiste en la formaci\u00f3n, capacitaci\u00f3n y especializaci\u00f3n de profesionales en el \u00e1rea de las ciencias de la educaci\u00f3n.<\/span><\/p>\n<\/p>\n<p><span class=\"text1noticias\">El Instituto est\u00e1 integrado por los recintos: F\u00e9lix Evaristo Mej\u00eda y Eugenio Mar\u00eda de Hostos, en el Distrito Nacional; Emilio Prud&#8217;Homme, en Santiago; Luis Napole\u00f3n N\u00fa\u00f1ez Molina, <\/span>en Licey al Medio, Santiago; Juan Vicente Moscoso, en San Pedro de Macor\u00eds, y Urania Mont\u00e1s, en San Juan de la Maguana.<\/p>\n<\/p>\n<\/p>\n<h6> 2016-04-21 17:11:58 <\/h6>\n<p><!--\n<link rel=\"stylesheet\" href=\"css\/bootstrap.min.css\">\n\n\n<ul class=\"pagination\">\n\t    \n\t\n\n<li >\n\t<a href='?page_no=13176'>Previous<\/a>\n\t<\/li>\n\n\n       \n    \n\n<li><a href='?page_no=1'>1<\/a><\/li>\n\n\n\n<li><a href='?page_no=2'>2<\/a><\/li>\n\n\n\n<li><a>...<\/a><\/li>\n\n\n\n<li><a href='?page_no=13175'>13175<\/a><\/li>\n\n\n\n<li><a href='?page_no=13176'>13176<\/a><\/li>\n\n\n\n<li class='active'><a>13177<\/a><\/li>\n\n\n\n<li><a href='?page_no=13178'>13178<\/a><\/li>\n\n\n\n<li><a href='?page_no=13179'>13179<\/a><\/li>\n\n\n\n<li><a>...<\/a><\/li>\n\n\n\n<li><a href='?page_no=56169'>56169<\/a><\/li>\n\n\n\n<li><a href='?page_no=56170'>56170<\/a><\/li>\n\n    \n\t\n\n<li >\n\t<a href='?page_no=13178'>Next<\/a>\n\t<\/li>\n\n\n    \n\n<li><a href='?page_no=56170'>Last &rsaquo;&rsaquo;<\/a><\/li>\n\n<\/ul>\n\n\n--><br \/>\n<\/body><\/p>\n","protected":false},"excerpt":{"rendered":"<p>Santo Domingo. RD.,21 de abril.-El Instituto Superior de Formaci\u00f3n Docente Salom\u00e9 Ure\u00f1a (ISFODOSU), del Ministerio de Educaci\u00f3n (MINERD), convoc\u00f3 a los aspirantes a maestros para que apliquen para optar por las 1,200 becas disponibles en las carreras de Educaci\u00f3n Inicial, Primaria y F\u00edsica correspondientes al per\u00edodo acad\u00e9mico septiembre-diciembre 2016. El rector del ISFODOSU, Julio S\u00e1nchez [&hellip;]<\/p>\n","protected":false},"author":3,"featured_media":0,"comment_status":"open","ping_status":"open","sticky":false,"template":"","format":"standard","meta":{"footnotes":""},"categories":[20],"tags":[],"class_list":["post-218790","post","type-post","status-publish","format-standard","hentry","category-dominicana-hoy"],"_links":{"self":[{"href":"https:\/\/diariodominicano.com\/index.php?rest_route=\/wp\/v2\/posts\/218790","targetHints":{"allow":["GET"]}}],"collection":[{"href":"https:\/\/diariodominicano.com\/index.php?rest_route=\/wp\/v2\/posts"}],"about":[{"href":"https:\/\/diariodominicano.com\/index.php?rest_route=\/wp\/v2\/types\/post"}],"author":[{"embeddable":true,"href":"https:\/\/diariodominicano.com\/index.php?rest_route=\/wp\/v2\/users\/3"}],"replies":[{"embeddable":true,"href":"https:\/\/diariodominicano.com\/index.php?rest_route=%2Fwp%2Fv2%2Fcomments&post=218790"}],"version-history":[{"count":0,"href":"https:\/\/diariodominicano.com\/index.php?rest_route=\/wp\/v2\/posts\/218790\/revisions"}],"wp:attachment":[{"href":"https:\/\/diariodominicano.com\/index.php?rest_route=%2Fwp%2Fv2%2Fmedia&parent=218790"}],"wp:term":[{"taxonomy":"category","embeddable":true,"href":"https:\/\/diariodominicano.com\/index.php?rest_route=%2Fwp%2Fv2%2Fcategories&post=218790"},{"taxonomy":"post_tag","embeddable":true,"href":"https:\/\/diariodominicano.com\/index.php?rest_route=%2Fwp%2Fv2%2Ftags&post=218790"}],"curies":[{"name":"wp","href":"https:\/\/api.w.org\/{rel}","templated":true}]}}