{"id":218789,"date":"2016-04-22T11:26:42","date_gmt":"2016-04-22T11:26:42","guid":{"rendered":"http:\/\/diariodominicano.ddns.net\/?p=218789"},"modified":"2016-04-22T11:26:42","modified_gmt":"2016-04-22T11:26:42","slug":"teleferico-y-linea-2b-metro-beneficiaran-a-comunidad-del-gran-santo-domingo","status":"publish","type":"post","link":"https:\/\/diariodominicano.com\/?p=218789","title":{"rendered":"Telef\u00e9rico y L\u00ednea 2B Metro beneficiar\u00e1n a comunidad del Gran Santo Domingo"},"content":{"rendered":"<p><body><\/p>\n<p><img decoding=\"async\" src=\"img3\/presidm.jpg\" \/><br \/><img decoding=\"async\" src=\"img3\/metro_0.jpg\" \/><br \/><img decoding=\"async\" src=\"img3\/metro20.jpg\" \/>  <\/p>\n<\/p>\n<p><strong><span class=\"text1noticias\">Santo Domingo, R. D., 22 de abril.-<\/span><\/strong><span class=\"text1noticias\"> El presidente Danilo Medina supervis\u00f3 el jueves el avance de la construcci\u00f3n del Telef\u00e9rico y de la L\u00ednea 2B del Metro de Santo Domingo. En los lugares recibi\u00f3 detalles de los ingenieros que tienen a cargo la ejecuci\u00f3n de las dos  obras.<\/span><\/p>\n<p><span class=\"text1noticias\"> <\/span><\/p>\n<p><span class=\"text1noticias\">La Direcci\u00f3n de Comunicaciones de la Presidencia inform\u00f3  que durante su Visita Sorpresa, el jefe de Estado hizo un recorrido por las estaciones de la L\u00ednea 2B del Metro de Santo Domingo y observ\u00f3 la construcci\u00f3n de las torres del Telef\u00e9rico, en puntos diversos por donde pasar\u00e1 el  sistema de transporte de cable a\u00e9reo.<\/span><\/p>\n<p><span class=\"text1noticias\"> <\/span><\/p>\n<p><span class=\"text1noticias\">El subdirector del Metro de Santo Domingo, Leonel Carrasco y el director de la  Comisi\u00f3n para la Readecuaci\u00f3n de La Barquita, Jos\u00e9 Miguel Gonz\u00e1lez Cuadra, ofrecieron al presidente Danilo Medina los detalles sobre el avance de ambas obras.<\/span><\/p>\n<\/p>\n<p><span class=\"text1noticias\">El Telef\u00e9rico de Santo Domingo tendr\u00e1 un recorrido de cinco kil\u00f3metros y consta de cinco estaciones: Charles de Gaulle, Sabana Perdida, La Nueva Barquita, Los Tres Brazos y Gualey.<\/span><\/p>\n<p><span class=\"text1noticias\"> <\/span><\/p>\n<p><span class=\"text1noticias\">La infraestructura tambi\u00e9n  impactar\u00e1 a los moradores de Los Palmares, Bello Amanecer, Brisa del Este, Brisa de Los Palmares, La Victoria, Villa Blanca, Salom\u00e9 Ure\u00f1a, Los Cerros del Para\u00edso, La Javilla, Los Restauradores, Los Mina Norte, Los Guandules, Ensanche Espaillat, entre otros barrios que tendr\u00e1n la oportunidad de usar un transporte masivo de pasajeros seguro y econ\u00f3mico.<\/span><\/p>\n<p><span class=\"text1noticias\">Readecuaci\u00f3n de La Barquita<\/span><\/p>\n<p><span class=\"text1noticias\"> <\/span><\/p>\n<p><span class=\"text1noticias\">La edificaci\u00f3n de las  instalaciones se enmarca dentro del programa de readecuaci\u00f3n del barrio La Barquita. Mientras que el trayecto de la l\u00ednea del Metro se extiende desde la avenida Padre Castellanos, en el Distrito Nacional, hasta la carretera Mella, municipio Santo Domingo Este, en beneficio de los barrios Los Mina, Invi, Los Trinitarios Segundos, Los Billeteros, Catanga y otros, precis\u00f3 DICOM.<\/span><\/p>\n<\/p>\n<p><span class=\"text1noticias\">Danilo Medina estuvo acompa\u00f1ado por el ministro administrativo de la Presidencia, Jos\u00e9 Ram\u00f3n Peralta y de sus asistentes Carlos Pared P\u00e9rez y Robert de la Cruz.<\/span><\/p>\n<\/p>\n<h6> 2016-04-22 11:26:42 <\/h6>\n<p><!--\n<link rel=\"stylesheet\" href=\"css\/bootstrap.min.css\">\n\n\n<ul class=\"pagination\">\n\t    \n\t\n\n<li >\n\t<a href='?page_no=13175'>Previous<\/a>\n\t<\/li>\n\n\n       \n    \n\n<li><a href='?page_no=1'>1<\/a><\/li>\n\n\n\n<li><a href='?page_no=2'>2<\/a><\/li>\n\n\n\n<li><a>...<\/a><\/li>\n\n\n\n<li><a href='?page_no=13174'>13174<\/a><\/li>\n\n\n\n<li><a href='?page_no=13175'>13175<\/a><\/li>\n\n\n\n<li class='active'><a>13176<\/a><\/li>\n\n\n\n<li><a href='?page_no=13177'>13177<\/a><\/li>\n\n\n\n<li><a href='?page_no=13178'>13178<\/a><\/li>\n\n\n\n<li><a>...<\/a><\/li>\n\n\n\n<li><a href='?page_no=56169'>56169<\/a><\/li>\n\n\n\n<li><a href='?page_no=56170'>56170<\/a><\/li>\n\n    \n\t\n\n<li >\n\t<a href='?page_no=13177'>Next<\/a>\n\t<\/li>\n\n\n    \n\n<li><a href='?page_no=56170'>Last &rsaquo;&rsaquo;<\/a><\/li>\n\n<\/ul>\n\n\n--><br \/>\n<\/body><\/p>\n","protected":false},"excerpt":{"rendered":"<p>Santo Domingo, R. D., 22 de abril.- El presidente Danilo Medina supervis\u00f3 el jueves el avance de la construcci\u00f3n del Telef\u00e9rico y de la L\u00ednea 2B del Metro de Santo Domingo. En los lugares recibi\u00f3 detalles de los ingenieros que tienen a cargo la ejecuci\u00f3n de las dos obras. La Direcci\u00f3n de Comunicaciones de la [&hellip;]<\/p>\n","protected":false},"author":3,"featured_media":0,"comment_status":"open","ping_status":"open","sticky":false,"template":"","format":"standard","meta":{"footnotes":""},"categories":[20],"tags":[],"class_list":["post-218789","post","type-post","status-publish","format-standard","hentry","category-dominicana-hoy"],"_links":{"self":[{"href":"https:\/\/diariodominicano.com\/index.php?rest_route=\/wp\/v2\/posts\/218789","targetHints":{"allow":["GET"]}}],"collection":[{"href":"https:\/\/diariodominicano.com\/index.php?rest_route=\/wp\/v2\/posts"}],"about":[{"href":"https:\/\/diariodominicano.com\/index.php?rest_route=\/wp\/v2\/types\/post"}],"author":[{"embeddable":true,"href":"https:\/\/diariodominicano.com\/index.php?rest_route=\/wp\/v2\/users\/3"}],"replies":[{"embeddable":true,"href":"https:\/\/diariodominicano.com\/index.php?rest_route=%2Fwp%2Fv2%2Fcomments&post=218789"}],"version-history":[{"count":0,"href":"https:\/\/diariodominicano.com\/index.php?rest_route=\/wp\/v2\/posts\/218789\/revisions"}],"wp:attachment":[{"href":"https:\/\/diariodominicano.com\/index.php?rest_route=%2Fwp%2Fv2%2Fmedia&parent=218789"}],"wp:term":[{"taxonomy":"category","embeddable":true,"href":"https:\/\/diariodominicano.com\/index.php?rest_route=%2Fwp%2Fv2%2Fcategories&post=218789"},{"taxonomy":"post_tag","embeddable":true,"href":"https:\/\/diariodominicano.com\/index.php?rest_route=%2Fwp%2Fv2%2Ftags&post=218789"}],"curies":[{"name":"wp","href":"https:\/\/api.w.org\/{rel}","templated":true}]}}