{"id":218785,"date":"2016-04-22T13:30:08","date_gmt":"2016-04-22T13:30:08","guid":{"rendered":"http:\/\/diariodominicano.ddns.net\/?p=218785"},"modified":"2016-04-22T13:30:08","modified_gmt":"2016-04-22T13:30:08","slug":"primera-dama-entregara-casa-para-sextillizos-el-lunes","status":"publish","type":"post","link":"https:\/\/diariodominicano.com\/?p=218785","title":{"rendered":"Primera Dama entregar\u00e1 casa para sextillizos el lunes"},"content":{"rendered":"<p><body><\/p>\n<p><img decoding=\"async\" src=\"img3\/DPD_9781.JPG\" \/>  <\/p>\n<p>Santo Domingo, R. D., 22 de abril.- La Primera Dama de la Rep\u00fablica C\u00e1ndida Montilla de Medina entregar\u00e1 este lunes 25 de abril la casa prometida a la madre de los sextillizos, nacidos el 8 de febrero del 2015, en la comunidad La Victoria, municipio Santo Domingo Norte.<\/p>\n<\/p>\n<p>El acto tendr\u00e1 lugar a las 10 de la ma\u00f1ana, en la localidad de La Victoria, municipio Santo Domingo Norte, donde fue levantada la vivienda que consta de todas las facilidades, en terrenos propiedad de Aracelis Guzm\u00e1n, madre de los ni\u00f1os.<\/p>\n<\/p>\n<p>Montilla de Medina hab\u00eda prometido a Guzm\u00e1n que no la abandonar\u00eda, bajo ninguna circunstancias, por lo cual, entre las contribuciones del Despacho para elevar la calidad de vida de esa familia figur\u00f3 la construcci\u00f3n de una vivienda propia.<\/p>\n<\/p>\n<p>La Primera Dama, junto a distintas personalidades, incluyendo el padre Ram\u00f3n Benito Angeles, dio el primer palazo para la construcci\u00f3n de la casa a finales de octubre del pasado a\u00f1o 2015, y prometi\u00f3 que la entregar\u00eda amueblada, lo m\u00e1s pronto posible.<\/p>\n<\/p>\n<p>Desde que Aracelis Guzm\u00e1n dio a luz, Montilla de Medina acudi\u00f3 al hospital y desde entonces se mantuvo atenta, personalmente de la evoluci\u00f3n del caso de los sextillizos, y expres\u00f3 su deseo de que tanto los beb\u00e9s como su madre vivieran en un lugar seguro y c\u00f3modo: \u00abqueremos ver a los ni\u00f1os bien, por eso agotamos todos los procesos para que sea as\u00ed\u00bb, dijo en su momento.<\/p>\n<\/p>\n<p>\u00abMe siento confiada con la atenci\u00f3n de la Primera Dama. Es una mujer sencilla y nos ha dado todo el apoyo, nos sentimos agradecidos\u00bb, proclam\u00f3 la se\u00f1ora Guzm\u00e1n Mart\u00ednez cuando Montilla de Medina acudi\u00f3 en su auxilio.<\/p>\n<\/p>\n<p>El Despacho de la Primera Dama, a trav\u00e9s del programa Cuenta Conmigo y Servicio al Ciudadano, mantiene las donaciones de leche, pa\u00f1ales, canastillas y otros elementoslas necesarios para que los ni\u00f1os, que tambi\u00e9n recibieron sus cunas, crezcan en salud y ambiente adecuado para su desarrollo.<\/p>\n<\/p>\n<p>De los seis ni\u00f1os nacidos el 8 de febrero en el hospital materno-infantil Reynaldo Alm\u00e1nzar, sobreviven cinco, Sara\u00ed Trinidad, Ashley, Aleysha, Anderson y Jefferson Figuereo Guzm\u00e1n, una de las cuales, adem\u00e1s, fue bautizada por Montilla de Medina, en una ceremonia en la que todos recibieron ese sacramento religioso.<\/p>\n<h6> 2016-04-22 13:30:08 <\/h6>\n<p><!--\n<link rel=\"stylesheet\" href=\"css\/bootstrap.min.css\">\n\n\n<ul class=\"pagination\">\n\t    \n\t\n\n<li >\n\t<a href='?page_no=13171'>Previous<\/a>\n\t<\/li>\n\n\n       \n    \n\n<li><a href='?page_no=1'>1<\/a><\/li>\n\n\n\n<li><a href='?page_no=2'>2<\/a><\/li>\n\n\n\n<li><a>...<\/a><\/li>\n\n\n\n<li><a href='?page_no=13170'>13170<\/a><\/li>\n\n\n\n<li><a href='?page_no=13171'>13171<\/a><\/li>\n\n\n\n<li class='active'><a>13172<\/a><\/li>\n\n\n\n<li><a href='?page_no=13173'>13173<\/a><\/li>\n\n\n\n<li><a href='?page_no=13174'>13174<\/a><\/li>\n\n\n\n<li><a>...<\/a><\/li>\n\n\n\n<li><a href='?page_no=56169'>56169<\/a><\/li>\n\n\n\n<li><a href='?page_no=56170'>56170<\/a><\/li>\n\n    \n\t\n\n<li >\n\t<a href='?page_no=13173'>Next<\/a>\n\t<\/li>\n\n\n    \n\n<li><a href='?page_no=56170'>Last &rsaquo;&rsaquo;<\/a><\/li>\n\n<\/ul>\n\n\n--><br \/>\n<\/body><\/p>\n","protected":false},"excerpt":{"rendered":"<p>Santo Domingo, R. D., 22 de abril.- La Primera Dama de la Rep\u00fablica C\u00e1ndida Montilla de Medina entregar\u00e1 este lunes 25 de abril la casa prometida a la madre de los sextillizos, nacidos el 8 de febrero del 2015, en la comunidad La Victoria, municipio Santo Domingo Norte. El acto tendr\u00e1 lugar a las 10 [&hellip;]<\/p>\n","protected":false},"author":3,"featured_media":0,"comment_status":"open","ping_status":"open","sticky":false,"template":"","format":"standard","meta":{"footnotes":""},"categories":[20],"tags":[],"class_list":["post-218785","post","type-post","status-publish","format-standard","hentry","category-dominicana-hoy"],"_links":{"self":[{"href":"https:\/\/diariodominicano.com\/index.php?rest_route=\/wp\/v2\/posts\/218785","targetHints":{"allow":["GET"]}}],"collection":[{"href":"https:\/\/diariodominicano.com\/index.php?rest_route=\/wp\/v2\/posts"}],"about":[{"href":"https:\/\/diariodominicano.com\/index.php?rest_route=\/wp\/v2\/types\/post"}],"author":[{"embeddable":true,"href":"https:\/\/diariodominicano.com\/index.php?rest_route=\/wp\/v2\/users\/3"}],"replies":[{"embeddable":true,"href":"https:\/\/diariodominicano.com\/index.php?rest_route=%2Fwp%2Fv2%2Fcomments&post=218785"}],"version-history":[{"count":0,"href":"https:\/\/diariodominicano.com\/index.php?rest_route=\/wp\/v2\/posts\/218785\/revisions"}],"wp:attachment":[{"href":"https:\/\/diariodominicano.com\/index.php?rest_route=%2Fwp%2Fv2%2Fmedia&parent=218785"}],"wp:term":[{"taxonomy":"category","embeddable":true,"href":"https:\/\/diariodominicano.com\/index.php?rest_route=%2Fwp%2Fv2%2Fcategories&post=218785"},{"taxonomy":"post_tag","embeddable":true,"href":"https:\/\/diariodominicano.com\/index.php?rest_route=%2Fwp%2Fv2%2Ftags&post=218785"}],"curies":[{"name":"wp","href":"https:\/\/api.w.org\/{rel}","templated":true}]}}