{"id":218781,"date":"2016-04-22T17:30:50","date_gmt":"2016-04-22T17:30:50","guid":{"rendered":"http:\/\/diariodominicano.ddns.net\/?p=218781"},"modified":"2016-04-22T17:30:50","modified_gmt":"2016-04-22T17:30:50","slug":"cancilleria-traera-restos-de-dominicanos-fallecido-en-terremoto-en-ecuador","status":"publish","type":"post","link":"https:\/\/diariodominicano.com\/?p=218781","title":{"rendered":"Canciller\u00eda traer\u00e1 restos de dominicanos fallecido en terremoto  en Ecuador"},"content":{"rendered":"<p><body><\/p>\n<p><img decoding=\"async\" src=\"http:\/\/10.0.0.82:8080\/img3\/Cancilleri%C3%8C%C2%81a.jpg\" \/><br \/><img decoding=\"async\" src=\"http:\/\/10.0.0.82:8080\/img3\/Cancilleri%C3%8C%C2%81a.jpg\" \/>  <\/p>\n<p><strong> <\/strong><\/p>\n<p><strong> <\/strong><\/p>\n<p><strong><span class=\"text1noticias\">Santo Domingo. RD., 22 de abril.-<\/span><\/strong><span class=\"text1noticias\"> El Ministerio de Relaciones Exteriores inform\u00f3 que este s\u00e1bado ser\u00e1n trasladados al pa\u00eds los restos del  dominicano Miguel Payano,  fallecido en el terremoto ocurrido en Ecuador, as\u00ed como otros seis criollos residentes en esa naci\u00f3n que perdieron sus casas y otras pertenencias durante este fen\u00f3meno natural y decidieron retornar a su patria con la asistencia de esta instituci\u00f3n.<\/span><\/p>\n<\/p>\n<p><span class=\"text1noticias\">El portavoz y Director de Comunicaciones de la Canciller\u00eda, Miguel Medina, manifest\u00f3 que los dominicanos y el cad\u00e1ver del se\u00f1or Payano ser\u00e1n retornados este s\u00e1bado al pa\u00eds, en el avi\u00f3n que trasladar\u00e1 a la brigada humanitaria enviada por el gobierno dominicano a Ecuador y que estuvo apoyando en las tareas de rescate y asistencia tras el terrible terremoto.<\/span><\/p>\n<\/p>\n<p><span class=\"text1noticias\">Medina expres\u00f3 que el cad\u00e1ver del se\u00f1or Payano fue cremado y tan pronto llegue a territorio nacional, sus restos ser\u00e1n entregados a sus familiares. Reiter\u00f3 que Payano, de 49 a\u00f1os,  ha sido el \u00fanico dominicano que ha perecido en la tragedia, quien era oriundo de Cotu\u00ed, provincia S\u00e1nchez Ram\u00edrez. <\/span><\/p>\n<\/p>\n<p><span class=\"text1noticias\">Expuso que tanto los gastos del servicio funerario, como los relativos a su traslado fueron cubiertos por el Ministerio de Relaciones Exteriores, por instrucciones del presidente Danilo Medina, al canciller Andr\u00e9s Navarro.<\/span><\/p>\n<\/p>\n<p><span class=\"text1noticias\">Criollos decidieron retornar<\/span><\/p>\n<\/p>\n<p><span class=\"text1noticias\">El vocero de la Canciller\u00eda tambi\u00e9n inform\u00f3 que entre los dominicanos que retornar\u00e1n de Ecuador se encuentra la familia oriunda de San Pedro Macor\u00eds, del se\u00f1or Yoel Hidalgo de la Cruz, compuesta adem\u00e1s por su esposa Aleida S\u00e1nchez, y dos ni\u00f1as menores de edad, residentes en Manta, Ecuador, cuya casa fue derrumbada a ra\u00edz del terremoto.<\/span><\/p>\n<\/p>\n<p><span class=\"text1noticias\">Refiri\u00f3 que esta familia de cuatro integrantes fue trasladada a Guayaquil y alojada en un hotel, por gestiones realizadas por la embajada dominicana en Ecuador conjuntamente con nuestro consulado en esa localidad.<\/span><\/p>\n<\/p>\n<p><span class=\"text1noticias\">Medina indic\u00f3 que a ra\u00edz del terremoto, tambi\u00e9n retornar\u00e1n al pa\u00eds los dominicanos Jacqueline Concepci\u00f3n De Oleo, del Distrito Nacional, y Jos\u00e9 Odalis Beato Ortiz, de Jarabacoa,  quienes han sido asistidos por nuestras autoridades diplom\u00e1ticas en Ecuador en coordinaci\u00f3n con el Departamento de Protecci\u00f3n de los Dominicanos en el Exterior.<\/span><\/p>\n<\/p>\n<p><span class=\"text1noticias\">Medina enfatiz\u00f3 que el personal de la embajada y el servicio consular dominicano establecido en la naci\u00f3n suramericana ha estado en contacto permanente con las autoridades ecuatorianas y con las familias dominicanas residentes en ciudades como Guayaquil, Santo Domingo, Tungurahua, Ibarra y Quito, zonas donde el fen\u00f3meno natural afect\u00f3 con mayor fuerza para brindar la asistencia debida.<\/span><\/p>\n<\/p>\n<p><span class=\"text1noticias\">De igual manera, reiter\u00f3 la solidaridad de la Rep\u00fablica Dominicana al gobierno y al pueblo ecuatoriano por el embate de este fen\u00f3meno natural que ha causado terribles da\u00f1os humanos y materiales.<\/span><\/p>\n<\/p>\n<h6> 2016-04-22 17:30:50 <\/h6>\n<p><!--\n<link rel=\"stylesheet\" href=\"css\/bootstrap.min.css\">\n\n\n<ul class=\"pagination\">\n\t    \n\t\n\n<li >\n\t<a href='?page_no=13168'>Previous<\/a>\n\t<\/li>\n\n\n       \n    \n\n<li><a href='?page_no=1'>1<\/a><\/li>\n\n\n\n<li><a href='?page_no=2'>2<\/a><\/li>\n\n\n\n<li><a>...<\/a><\/li>\n\n\n\n<li><a href='?page_no=13167'>13167<\/a><\/li>\n\n\n\n<li><a href='?page_no=13168'>13168<\/a><\/li>\n\n\n\n<li class='active'><a>13169<\/a><\/li>\n\n\n\n<li><a href='?page_no=13170'>13170<\/a><\/li>\n\n\n\n<li><a href='?page_no=13171'>13171<\/a><\/li>\n\n\n\n<li><a>...<\/a><\/li>\n\n\n\n<li><a href='?page_no=56169'>56169<\/a><\/li>\n\n\n\n<li><a href='?page_no=56170'>56170<\/a><\/li>\n\n    \n\t\n\n<li >\n\t<a href='?page_no=13170'>Next<\/a>\n\t<\/li>\n\n\n    \n\n<li><a href='?page_no=56170'>Last &rsaquo;&rsaquo;<\/a><\/li>\n\n<\/ul>\n\n\n--><br \/>\n<\/body><\/p>\n","protected":false},"excerpt":{"rendered":"<p>Santo Domingo. RD., 22 de abril.- El Ministerio de Relaciones Exteriores inform\u00f3 que este s\u00e1bado ser\u00e1n trasladados al pa\u00eds los restos del dominicano Miguel Payano, fallecido en el terremoto ocurrido en Ecuador, as\u00ed como otros seis criollos residentes en esa naci\u00f3n que perdieron sus casas y otras pertenencias durante este fen\u00f3meno natural y decidieron retornar [&hellip;]<\/p>\n","protected":false},"author":3,"featured_media":0,"comment_status":"open","ping_status":"open","sticky":false,"template":"","format":"standard","meta":{"footnotes":""},"categories":[20],"tags":[],"class_list":["post-218781","post","type-post","status-publish","format-standard","hentry","category-dominicana-hoy"],"_links":{"self":[{"href":"https:\/\/diariodominicano.com\/index.php?rest_route=\/wp\/v2\/posts\/218781","targetHints":{"allow":["GET"]}}],"collection":[{"href":"https:\/\/diariodominicano.com\/index.php?rest_route=\/wp\/v2\/posts"}],"about":[{"href":"https:\/\/diariodominicano.com\/index.php?rest_route=\/wp\/v2\/types\/post"}],"author":[{"embeddable":true,"href":"https:\/\/diariodominicano.com\/index.php?rest_route=\/wp\/v2\/users\/3"}],"replies":[{"embeddable":true,"href":"https:\/\/diariodominicano.com\/index.php?rest_route=%2Fwp%2Fv2%2Fcomments&post=218781"}],"version-history":[{"count":0,"href":"https:\/\/diariodominicano.com\/index.php?rest_route=\/wp\/v2\/posts\/218781\/revisions"}],"wp:attachment":[{"href":"https:\/\/diariodominicano.com\/index.php?rest_route=%2Fwp%2Fv2%2Fmedia&parent=218781"}],"wp:term":[{"taxonomy":"category","embeddable":true,"href":"https:\/\/diariodominicano.com\/index.php?rest_route=%2Fwp%2Fv2%2Fcategories&post=218781"},{"taxonomy":"post_tag","embeddable":true,"href":"https:\/\/diariodominicano.com\/index.php?rest_route=%2Fwp%2Fv2%2Ftags&post=218781"}],"curies":[{"name":"wp","href":"https:\/\/api.w.org\/{rel}","templated":true}]}}