{"id":218778,"date":"2016-04-23T10:01:35","date_gmt":"2016-04-23T10:01:35","guid":{"rendered":"http:\/\/diariodominicano.ddns.net\/?p=218778"},"modified":"2016-04-23T10:01:35","modified_gmt":"2016-04-23T10:01:35","slug":"embajador-cortorreal-de-rd-firma-en-la-onu-acuerdo-de-paris-sobre-cambio-climatico","status":"publish","type":"post","link":"https:\/\/diariodominicano.com\/?p=218778","title":{"rendered":"Embajador Cortorreal de RD, firma en la ONU Acuerdo de Par\u00eds sobre Cambio Clim\u00e1tico."},"content":{"rendered":"<p><body><\/p>\n<p><img decoding=\"async\" src=\"img3\/Frank Cortorreal.jpg\" \/>  <\/p>\n<\/p>\n<p><span class=\"text1noticias\">Nueva York. 23 de abril.-El Embajador de Rep\u00fablica Dominicana Lic. Frank Cortorreal, firm\u00f3 hoy en las Naciones Unidas, D\u00eda Internacional de la Madre Tierra el Acuerdo de Par\u00eds sobre Cambio Clim\u00e1tico, que busca entre las naciones una v\u00eda de soluci\u00f3n intr\u00ednseca entre las personas y las especies que habitan el planeta.<\/span><\/p>\n<\/p>\n<p><span class=\"text1noticias\">La celebraci\u00f3n de este a\u00f1o, tuvo una mayor relevancia porque ha sido elegido para la firma del Acuerdo de Par\u00eds sobre Cambio Clim\u00e1tico que se celebra en la sede de la ONU en Nueva York y que convoca a unos 170 pa\u00edses que rubricaron el libro que compromete a las naciones y gobiernos a contribuir por una nueva pol\u00edtica medioambiental.<\/span><\/p>\n<\/p>\n<p><span class=\"text1noticias\">La Rep\u00fablica Dominicana estuvo representada por el Embajador Jefe de Misi\u00f3n Plenipotenciario Frank Cortorreal, quien sostuvo que el hist\u00f3rico pacto, junto con los Objetivos de Desarrollo Sostenible (ODS), tiene la capacidad de transformar el mundo y enfatiz\u00f3 que el gobierno del Lic. Danilo Medina sigue trabajando con el objetivo de cumplir la meta que se ha trazado la ONU.<\/span><\/p>\n<\/p>\n<p><span class=\"text1noticias\">El Embajador Cortorreal, manifest\u00f3 que todos los ciudadanos, empresarios, l\u00edderes y dirigentes tienen en sus manos el poder tomar decisiones y contribuir a mejorar nuestros pa\u00edses y por ende ayudamos a mejorar el planeta. El Presidente Danilo Medina, tiene en su plan de gobierno 2016-20 metas espec\u00edfica para contribuir y reforzar el Acuerdo de Par\u00eds y a encaminar a la consecuci\u00f3n de los ODS.<\/span><\/p>\n<\/p>\n<p><span class=\"text1noticias\">La ceremonia de firma del Acuerdo de Par\u00eds sobre el Cambio Clim\u00e1tico dio inicio hoy en la sede de la ONU en Nueva York con un recordatorio del tiempo limitado que tiene el mundo para actuar decisivamente en la mitigaci\u00f3n del fen\u00f3meno.<\/span><\/p>\n<\/p>\n<p><span class=\"text1noticias\">Ban Ki-moon, Secretario General de la Organizaci\u00f3n, inaugur\u00f3 el evento calific\u00e1ndolo de \u00abhist\u00f3rico\u00bb dada la convergencia de 171 pa\u00edses para rubricar el instrumento internacional en el que cada Estado se compromete a reducir sus emisiones contaminantes y a reforzar su resiliencia frente a los efectos del cambio clim\u00e1tico.<\/span><\/p>\n<p><span class=\"text1noticias\">Zona de los archivos adjuntos<\/span><\/p>\n<\/p>\n<h6> 2016-04-23 10:01:35 <\/h6>\n<p><!--\n<link rel=\"stylesheet\" href=\"css\/bootstrap.min.css\">\n\n\n<ul class=\"pagination\">\n\t    \n\t\n\n<li >\n\t<a href='?page_no=13165'>Previous<\/a>\n\t<\/li>\n\n\n       \n    \n\n<li><a href='?page_no=1'>1<\/a><\/li>\n\n\n\n<li><a href='?page_no=2'>2<\/a><\/li>\n\n\n\n<li><a>...<\/a><\/li>\n\n\n\n<li><a href='?page_no=13164'>13164<\/a><\/li>\n\n\n\n<li><a href='?page_no=13165'>13165<\/a><\/li>\n\n\n\n<li class='active'><a>13166<\/a><\/li>\n\n\n\n<li><a href='?page_no=13167'>13167<\/a><\/li>\n\n\n\n<li><a href='?page_no=13168'>13168<\/a><\/li>\n\n\n\n<li><a>...<\/a><\/li>\n\n\n\n<li><a href='?page_no=56169'>56169<\/a><\/li>\n\n\n\n<li><a href='?page_no=56170'>56170<\/a><\/li>\n\n    \n\t\n\n<li >\n\t<a href='?page_no=13167'>Next<\/a>\n\t<\/li>\n\n\n    \n\n<li><a href='?page_no=56170'>Last &rsaquo;&rsaquo;<\/a><\/li>\n\n<\/ul>\n\n\n--><br \/>\n<\/body><\/p>\n","protected":false},"excerpt":{"rendered":"<p>Nueva York. 23 de abril.-El Embajador de Rep\u00fablica Dominicana Lic. Frank Cortorreal, firm\u00f3 hoy en las Naciones Unidas, D\u00eda Internacional de la Madre Tierra el Acuerdo de Par\u00eds sobre Cambio Clim\u00e1tico, que busca entre las naciones una v\u00eda de soluci\u00f3n intr\u00ednseca entre las personas y las especies que habitan el planeta. La celebraci\u00f3n de este [&hellip;]<\/p>\n","protected":false},"author":3,"featured_media":0,"comment_status":"open","ping_status":"open","sticky":false,"template":"","format":"standard","meta":{"footnotes":""},"categories":[20],"tags":[],"class_list":["post-218778","post","type-post","status-publish","format-standard","hentry","category-dominicana-hoy"],"_links":{"self":[{"href":"https:\/\/diariodominicano.com\/index.php?rest_route=\/wp\/v2\/posts\/218778","targetHints":{"allow":["GET"]}}],"collection":[{"href":"https:\/\/diariodominicano.com\/index.php?rest_route=\/wp\/v2\/posts"}],"about":[{"href":"https:\/\/diariodominicano.com\/index.php?rest_route=\/wp\/v2\/types\/post"}],"author":[{"embeddable":true,"href":"https:\/\/diariodominicano.com\/index.php?rest_route=\/wp\/v2\/users\/3"}],"replies":[{"embeddable":true,"href":"https:\/\/diariodominicano.com\/index.php?rest_route=%2Fwp%2Fv2%2Fcomments&post=218778"}],"version-history":[{"count":0,"href":"https:\/\/diariodominicano.com\/index.php?rest_route=\/wp\/v2\/posts\/218778\/revisions"}],"wp:attachment":[{"href":"https:\/\/diariodominicano.com\/index.php?rest_route=%2Fwp%2Fv2%2Fmedia&parent=218778"}],"wp:term":[{"taxonomy":"category","embeddable":true,"href":"https:\/\/diariodominicano.com\/index.php?rest_route=%2Fwp%2Fv2%2Fcategories&post=218778"},{"taxonomy":"post_tag","embeddable":true,"href":"https:\/\/diariodominicano.com\/index.php?rest_route=%2Fwp%2Fv2%2Ftags&post=218778"}],"curies":[{"name":"wp","href":"https:\/\/api.w.org\/{rel}","templated":true}]}}