{"id":218776,"date":"2016-04-23T14:01:07","date_gmt":"2016-04-23T14:01:07","guid":{"rendered":"http:\/\/diariodominicano.ddns.net\/?p=218776"},"modified":"2016-04-23T14:01:07","modified_gmt":"2016-04-23T14:01:07","slug":"identifican-a-43-dominicanos-detenidos-en-grecia","status":"publish","type":"post","link":"https:\/\/diariodominicano.com\/?p=218776","title":{"rendered":"Identifican a 43 dominicanos detenidos en Grecia"},"content":{"rendered":"<p><body><\/p>\n<p><img decoding=\"async\" src=\"img3\/Cancilleriard.jpg\" \/>  <\/p>\n<p><span class=\"text1noticias\">Santo Domingo, 23 abr (PL) La canciller\u00eda dominicana identific\u00f3 hoy a 43 ciudadanos de este pa\u00eds detenidos en la isla griega de Lesbos e inform\u00f3 que tramita el regreso voluntario de algunos de ellos.<\/span><\/p>\n<p><span class=\"text1noticias\"> <\/span><\/p>\n<p><span class=\"text1noticias\">Se trata de 20 mujeres y 23 hombres arrestados por las autoridades griegas en esa \u00ednsula cuando intentaban viajar ilegalmente hacia Espa\u00f1a.<\/span><\/p>\n<p><span class=\"text1noticias\"> <\/span><\/p>\n<p><span class=\"text1noticias\">El Ministerio de Relaciones Exteriores, a trav\u00e9s de su vocero, Miguel Medina, dijo que las gestiones para el regreso voluntario de esas personas est\u00e1n en manos del viceministerio para Asuntos Consulares y Migratorios.<\/span><\/p>\n<p><span class=\"text1noticias\"> <\/span><\/p>\n<p><span class=\"text1noticias\">Medina a\u00f1adi\u00f3 que el consulado general dominicano en la ciudad de Atenas, Grecia, se encuentra trabajando aceleradamente en el traslado al pa\u00eds de tres dominicanas que renunciaron a la solicitud de asilo presentada por el grupo, para lo cual cuentan con la asistencia de la Organizaci\u00f3n Internacional de las Migraciones, indic\u00f3.<\/span><\/p>\n<p><span class=\"text1noticias\"> <\/span><\/p>\n<p><span class=\"text1noticias\">Identific\u00f3 a esas ciudadanas como Ana Griselda Acosta, Hero\u00edna D\u00edaz y Ana Mar\u00eda Su\u00e1rez, nativas de la provincia S\u00e1nchez Ram\u00edrez, y a\u00f1adi\u00f3 que esperan recibir la respuesta oficial de las autoridades griegas.<\/span><\/p>\n<p><span class=\"text1noticias\"> <\/span><\/p>\n<p><span class=\"text1noticias\">Agreg\u00f3 que otros dominicanos del grupo manifestaron su inter\u00e9s de regresar voluntariamente al pa\u00eds si no logran asilo, por lo que se proceder\u00e1 de igual manera, y que reciben asistencia humanitaria a trav\u00e9s del consulado.<\/span><\/p>\n<p><span class=\"text1noticias\"> <\/span><\/p>\n<p><span class=\"text1noticias\">Los indocumentados apresados en la frontera de Grecia despu\u00e9s del 20 de marzo corren el riesgo de ser deportados de inmediato seg\u00fan un acuerdo europeo para controlar la inmigraci\u00f3n ilegal m<\/span>asiva.<\/p>\n<h6> 2016-04-23 14:01:07 <\/h6>\n<p><!--\n<link rel=\"stylesheet\" href=\"css\/bootstrap.min.css\">\n\n\n<ul class=\"pagination\">\n\t    \n\t\n\n<li >\n\t<a href='?page_no=13163'>Previous<\/a>\n\t<\/li>\n\n\n       \n    \n\n<li><a href='?page_no=1'>1<\/a><\/li>\n\n\n\n<li><a href='?page_no=2'>2<\/a><\/li>\n\n\n\n<li><a>...<\/a><\/li>\n\n\n\n<li><a href='?page_no=13162'>13162<\/a><\/li>\n\n\n\n<li><a href='?page_no=13163'>13163<\/a><\/li>\n\n\n\n<li class='active'><a>13164<\/a><\/li>\n\n\n\n<li><a href='?page_no=13165'>13165<\/a><\/li>\n\n\n\n<li><a href='?page_no=13166'>13166<\/a><\/li>\n\n\n\n<li><a>...<\/a><\/li>\n\n\n\n<li><a href='?page_no=56169'>56169<\/a><\/li>\n\n\n\n<li><a href='?page_no=56170'>56170<\/a><\/li>\n\n    \n\t\n\n<li >\n\t<a href='?page_no=13165'>Next<\/a>\n\t<\/li>\n\n\n    \n\n<li><a href='?page_no=56170'>Last &rsaquo;&rsaquo;<\/a><\/li>\n\n<\/ul>\n\n\n--><br \/>\n<\/body><\/p>\n","protected":false},"excerpt":{"rendered":"<p>Santo Domingo, 23 abr (PL) La canciller\u00eda dominicana identific\u00f3 hoy a 43 ciudadanos de este pa\u00eds detenidos en la isla griega de Lesbos e inform\u00f3 que tramita el regreso voluntario de algunos de ellos. Se trata de 20 mujeres y 23 hombres arrestados por las autoridades griegas en esa \u00ednsula cuando intentaban viajar ilegalmente hacia [&hellip;]<\/p>\n","protected":false},"author":3,"featured_media":0,"comment_status":"open","ping_status":"open","sticky":false,"template":"","format":"standard","meta":{"footnotes":""},"categories":[20],"tags":[],"class_list":["post-218776","post","type-post","status-publish","format-standard","hentry","category-dominicana-hoy"],"_links":{"self":[{"href":"https:\/\/diariodominicano.com\/index.php?rest_route=\/wp\/v2\/posts\/218776","targetHints":{"allow":["GET"]}}],"collection":[{"href":"https:\/\/diariodominicano.com\/index.php?rest_route=\/wp\/v2\/posts"}],"about":[{"href":"https:\/\/diariodominicano.com\/index.php?rest_route=\/wp\/v2\/types\/post"}],"author":[{"embeddable":true,"href":"https:\/\/diariodominicano.com\/index.php?rest_route=\/wp\/v2\/users\/3"}],"replies":[{"embeddable":true,"href":"https:\/\/diariodominicano.com\/index.php?rest_route=%2Fwp%2Fv2%2Fcomments&post=218776"}],"version-history":[{"count":0,"href":"https:\/\/diariodominicano.com\/index.php?rest_route=\/wp\/v2\/posts\/218776\/revisions"}],"wp:attachment":[{"href":"https:\/\/diariodominicano.com\/index.php?rest_route=%2Fwp%2Fv2%2Fmedia&parent=218776"}],"wp:term":[{"taxonomy":"category","embeddable":true,"href":"https:\/\/diariodominicano.com\/index.php?rest_route=%2Fwp%2Fv2%2Fcategories&post=218776"},{"taxonomy":"post_tag","embeddable":true,"href":"https:\/\/diariodominicano.com\/index.php?rest_route=%2Fwp%2Fv2%2Ftags&post=218776"}],"curies":[{"name":"wp","href":"https:\/\/api.w.org\/{rel}","templated":true}]}}