{"id":218773,"date":"2016-04-24T18:07:10","date_gmt":"2016-04-24T18:07:10","guid":{"rendered":"http:\/\/diariodominicano.ddns.net\/?p=218773"},"modified":"2016-04-24T18:07:10","modified_gmt":"2016-04-24T18:07:10","slug":"en-la-catedral-san-felipe-de-puerto-plata-recuerdan-a-constitucionalistas","status":"publish","type":"post","link":"https:\/\/diariodominicano.com\/?p=218773","title":{"rendered":"En la Catedral San Felipe de Puerto Plata recuerdan a constitucionalistas"},"content":{"rendered":"<p><body><\/p>\n<p><img decoding=\"async\" src=\"img3\/17eec244-754b-4699-8e20-bc40048dc292 (1).jpg\" \/><br \/><img decoding=\"async\" src=\"img3\/c9a4c4f9-7ab0-4fec-96f5-15cef010ac27.jpg\" \/><br \/><img decoding=\"async\" src=\"img3\/48629ce6-8c2c-4809-b2f2-8bd24b7e86ed.jpg\" \/>  <\/p>\n<p><strong><span class=\"text1noticias\">Por: Juan Jos\u00e9 Morrobel Sandoval.<\/span><\/strong><\/p>\n<p><strong><span class=\"text1noticias\"> <\/span><\/strong><\/p>\n<p><strong><span class=\"text1noticias\">PUERTO PLATA, 24 de Abril de 2016.-<\/span><\/strong><span class=\"text1noticias\"> En ocasi\u00f3n de conmemorarse los 51 aniversario de la Revoluci\u00f3n del 24 de abril, en la Catedral San Felipe fue oficiada una eucarist\u00eda en la ma\u00f1ana de este domingo 24 de abril, por el reverendo padre Martin Lantigua, en representaci\u00f3n del obispo de la Di\u00f3cesis Puerto Plata-Gaspar Hern\u00e1ndez, Julio C\u00e9sar Corniel, oficio religioso organizado por la Fundaci\u00f3n Francisco Alberto Caama\u00f1o y la Gobernaci\u00f3n Provincial de esta ciudad.<\/span><\/p>\n<p><span class=\"text1noticias\"> <\/span><\/p>\n<p><span class=\"text1noticias\">En su homil\u00eda el reverendo Lantigua llam\u00f3 a los feligreses a que nos amemos unos a otros, como el mandamiento que Jes\u00fas nos ense\u00f1\u00f3, y resalt\u00f3 el coraje y gallard\u00eda del Comandante constitucionalista Francisco Alberto  Caama\u00f1o, que con su ejemplo de Patriotismo sin igual, puso ejemplo a la juventud de aquel entonces. Exhort\u00f3 a que mantengamos viva la revoluci\u00f3n de servicio hacia los dem\u00e1s, porque Francisco Alberto fue un puro ejemplo de luchador por la libertad de la Rep\u00fablica Dominicana, a la vez que elogi\u00f3 a la gobernaci\u00f3n provincial que junto a la Fundaci\u00f3n Caama\u00f1o organiz\u00f3 la actividad.<\/span><\/p>\n<\/p>\n<p><span class=\"text1noticias\">El representante del Poder Ejecutivo doctor  Iv\u00e1n Rivera, estuvo representado por el vocero de la gobernaci\u00f3n el locutor Euclides L\u00f3pez,  de igual manera el Tte. Coronel Jos\u00e9 A Brito represent\u00f3 al director regional de la Polic\u00eda Nacional Gral. De Brigada Cesar A. De Sena Rojas, asisti\u00f3 tambi\u00e9n el capital de Nav\u00edo Ricardo Reyes Ram\u00edrez de la Armada Dominicana, el presidente de la Fundaci\u00f3n Caama\u00f1o Baldemiro Fr\u00edas junto a la profesora Elena Abreu, Gregorio \u00c1lvarez y otros ex combatientes de abril en esta provincia, asi como una representaci\u00f3n del colegio nuestra se\u00f1ora de la Altagracia de San Francisco de Macor\u00eds y una ampl\u00edan delegaci\u00f3n de empleados de la gobernaci\u00f3n provincial de esta ciudad.<\/span><\/p>\n<\/p>\n<\/p>\n<h6> 2016-04-24 18:07:10 <\/h6>\n<p><!--\n<link rel=\"stylesheet\" href=\"css\/bootstrap.min.css\">\n\n\n<ul class=\"pagination\">\n\t    \n\t\n\n<li >\n\t<a href='?page_no=13160'>Previous<\/a>\n\t<\/li>\n\n\n       \n    \n\n<li><a href='?page_no=1'>1<\/a><\/li>\n\n\n\n<li><a href='?page_no=2'>2<\/a><\/li>\n\n\n\n<li><a>...<\/a><\/li>\n\n\n\n<li><a href='?page_no=13159'>13159<\/a><\/li>\n\n\n\n<li><a href='?page_no=13160'>13160<\/a><\/li>\n\n\n\n<li class='active'><a>13161<\/a><\/li>\n\n\n\n<li><a href='?page_no=13162'>13162<\/a><\/li>\n\n\n\n<li><a href='?page_no=13163'>13163<\/a><\/li>\n\n\n\n<li><a>...<\/a><\/li>\n\n\n\n<li><a href='?page_no=56169'>56169<\/a><\/li>\n\n\n\n<li><a href='?page_no=56170'>56170<\/a><\/li>\n\n    \n\t\n\n<li >\n\t<a href='?page_no=13162'>Next<\/a>\n\t<\/li>\n\n\n    \n\n<li><a href='?page_no=56170'>Last &rsaquo;&rsaquo;<\/a><\/li>\n\n<\/ul>\n\n\n--><br \/>\n<\/body><\/p>\n","protected":false},"excerpt":{"rendered":"<p>Por: Juan Jos\u00e9 Morrobel Sandoval. PUERTO PLATA, 24 de Abril de 2016.- En ocasi\u00f3n de conmemorarse los 51 aniversario de la Revoluci\u00f3n del 24 de abril, en la Catedral San Felipe fue oficiada una eucarist\u00eda en la ma\u00f1ana de este domingo 24 de abril, por el reverendo padre Martin Lantigua, en representaci\u00f3n del obispo de [&hellip;]<\/p>\n","protected":false},"author":3,"featured_media":0,"comment_status":"open","ping_status":"open","sticky":false,"template":"","format":"standard","meta":{"footnotes":""},"categories":[20],"tags":[],"class_list":["post-218773","post","type-post","status-publish","format-standard","hentry","category-dominicana-hoy"],"_links":{"self":[{"href":"https:\/\/diariodominicano.com\/index.php?rest_route=\/wp\/v2\/posts\/218773","targetHints":{"allow":["GET"]}}],"collection":[{"href":"https:\/\/diariodominicano.com\/index.php?rest_route=\/wp\/v2\/posts"}],"about":[{"href":"https:\/\/diariodominicano.com\/index.php?rest_route=\/wp\/v2\/types\/post"}],"author":[{"embeddable":true,"href":"https:\/\/diariodominicano.com\/index.php?rest_route=\/wp\/v2\/users\/3"}],"replies":[{"embeddable":true,"href":"https:\/\/diariodominicano.com\/index.php?rest_route=%2Fwp%2Fv2%2Fcomments&post=218773"}],"version-history":[{"count":0,"href":"https:\/\/diariodominicano.com\/index.php?rest_route=\/wp\/v2\/posts\/218773\/revisions"}],"wp:attachment":[{"href":"https:\/\/diariodominicano.com\/index.php?rest_route=%2Fwp%2Fv2%2Fmedia&parent=218773"}],"wp:term":[{"taxonomy":"category","embeddable":true,"href":"https:\/\/diariodominicano.com\/index.php?rest_route=%2Fwp%2Fv2%2Fcategories&post=218773"},{"taxonomy":"post_tag","embeddable":true,"href":"https:\/\/diariodominicano.com\/index.php?rest_route=%2Fwp%2Fv2%2Ftags&post=218773"}],"curies":[{"name":"wp","href":"https:\/\/api.w.org\/{rel}","templated":true}]}}