{"id":218772,"date":"2016-04-25T13:03:13","date_gmt":"2016-04-25T13:03:13","guid":{"rendered":"http:\/\/diariodominicano.ddns.net\/?p=218772"},"modified":"2016-04-25T13:03:13","modified_gmt":"2016-04-25T13:03:13","slug":"designan-nuevo-subdirector-de-el-nacional","status":"publish","type":"post","link":"https:\/\/diariodominicano.com\/?p=218772","title":{"rendered":"Designan nuevo  subdirector  de El Nacional"},"content":{"rendered":"<p><body><\/p>\n<p><img decoding=\"async\" src=\"img3\/_DSC0233 (24).jpg\" \/>  <\/p>\n<p>Santo Domingo, R.D., 25 de abril.- El presidente del Grupo de Comunicaciones Corripio, don Jos\u00e9 Luis Corripio Estrada, anunci\u00f3 la designaci\u00f3n del periodista Jos\u00e9 Antonio Torres, como subdirector del vespertino El Nacional.<\/p>\n<\/p>\n<p>El nuevo ejecutivo ocupar\u00e1 la vacante dejada por Bol\u00edvar D\u00edaz G\u00f3mez, quien en febrero fue nombrado director de ese medio, tras la muerte de don Radham\u00e9s G\u00f3mez Pep\u00edn.<\/p>\n<p>La designaci\u00f3n de Torres se produjo durante una emotiva ceremonia en la redacci\u00f3n de El Nacional, en presencia de reporteros, ejecutivos period\u00edsticos y administrativos.<\/p>\n<\/p>\n<p>Torres labora desde hace 20 a\u00f1os en El Nacional, donde comenz\u00f3 como reportajista en el equipo de investigaci\u00f3n, pasando posteriormente a la redacci\u00f3n central y luego a editor del suplemento dominical Semana. Actualmente se desempe\u00f1aba como asistente del director.<\/p>\n<p>Es graduado de licenciado en educaci\u00f3n en la Universidad Aut\u00f3noma de Santo Domingo (UASD), en 1986. En 1990 obtuvo la licenciatura en comunicaci\u00f3n social, Cum Laude, en la Universidad Central del Este (UCE).<\/p>\n<\/p>\n<p>Adem\u00e1s, tiene un diplomado en marketing pol\u00edtico en The George Washington University, en Estados Unidos. Diplomado en planificaci\u00f3n estrat\u00e9gica en la Universidad Iberoamericana (Unibe). Tambi\u00e9n realiz\u00f3 un diplomado en periodismo ambiental en Intec.<\/p>\n<p>Fue profesor de lengua espa\u00f1ola y ciencias sociales durante 11 a\u00f1os en diferentes centros educativos de la capital, dedic\u00e1ndose  al ejercicio  como reportero en  Radio Mil Informando, llegando a  subdirector.<\/p>\n<\/p>\n<h6> 2016-04-25 13:03:13 <\/h6>\n<p><!--\n<link rel=\"stylesheet\" href=\"css\/bootstrap.min.css\">\n\n\n<ul class=\"pagination\">\n\t    \n\t\n\n<li >\n\t<a href='?page_no=13159'>Previous<\/a>\n\t<\/li>\n\n\n       \n    \n\n<li><a href='?page_no=1'>1<\/a><\/li>\n\n\n\n<li><a href='?page_no=2'>2<\/a><\/li>\n\n\n\n<li><a>...<\/a><\/li>\n\n\n\n<li><a href='?page_no=13158'>13158<\/a><\/li>\n\n\n\n<li><a href='?page_no=13159'>13159<\/a><\/li>\n\n\n\n<li class='active'><a>13160<\/a><\/li>\n\n\n\n<li><a href='?page_no=13161'>13161<\/a><\/li>\n\n\n\n<li><a href='?page_no=13162'>13162<\/a><\/li>\n\n\n\n<li><a>...<\/a><\/li>\n\n\n\n<li><a href='?page_no=56169'>56169<\/a><\/li>\n\n\n\n<li><a href='?page_no=56170'>56170<\/a><\/li>\n\n    \n\t\n\n<li >\n\t<a href='?page_no=13161'>Next<\/a>\n\t<\/li>\n\n\n    \n\n<li><a href='?page_no=56170'>Last &rsaquo;&rsaquo;<\/a><\/li>\n\n<\/ul>\n\n\n--><br \/>\n<\/body><\/p>\n","protected":false},"excerpt":{"rendered":"<p>Santo Domingo, R.D., 25 de abril.- El presidente del Grupo de Comunicaciones Corripio, don Jos\u00e9 Luis Corripio Estrada, anunci\u00f3 la designaci\u00f3n del periodista Jos\u00e9 Antonio Torres, como subdirector del vespertino El Nacional. El nuevo ejecutivo ocupar\u00e1 la vacante dejada por Bol\u00edvar D\u00edaz G\u00f3mez, quien en febrero fue nombrado director de ese medio, tras la muerte [&hellip;]<\/p>\n","protected":false},"author":3,"featured_media":0,"comment_status":"open","ping_status":"open","sticky":false,"template":"","format":"standard","meta":{"footnotes":""},"categories":[20],"tags":[],"class_list":["post-218772","post","type-post","status-publish","format-standard","hentry","category-dominicana-hoy"],"_links":{"self":[{"href":"https:\/\/diariodominicano.com\/index.php?rest_route=\/wp\/v2\/posts\/218772","targetHints":{"allow":["GET"]}}],"collection":[{"href":"https:\/\/diariodominicano.com\/index.php?rest_route=\/wp\/v2\/posts"}],"about":[{"href":"https:\/\/diariodominicano.com\/index.php?rest_route=\/wp\/v2\/types\/post"}],"author":[{"embeddable":true,"href":"https:\/\/diariodominicano.com\/index.php?rest_route=\/wp\/v2\/users\/3"}],"replies":[{"embeddable":true,"href":"https:\/\/diariodominicano.com\/index.php?rest_route=%2Fwp%2Fv2%2Fcomments&post=218772"}],"version-history":[{"count":0,"href":"https:\/\/diariodominicano.com\/index.php?rest_route=\/wp\/v2\/posts\/218772\/revisions"}],"wp:attachment":[{"href":"https:\/\/diariodominicano.com\/index.php?rest_route=%2Fwp%2Fv2%2Fmedia&parent=218772"}],"wp:term":[{"taxonomy":"category","embeddable":true,"href":"https:\/\/diariodominicano.com\/index.php?rest_route=%2Fwp%2Fv2%2Fcategories&post=218772"},{"taxonomy":"post_tag","embeddable":true,"href":"https:\/\/diariodominicano.com\/index.php?rest_route=%2Fwp%2Fv2%2Ftags&post=218772"}],"curies":[{"name":"wp","href":"https:\/\/api.w.org\/{rel}","templated":true}]}}