{"id":218770,"date":"2016-04-25T14:12:17","date_gmt":"2016-04-25T14:12:17","guid":{"rendered":"http:\/\/diariodominicano.ddns.net\/?p=218770"},"modified":"2016-04-25T14:12:17","modified_gmt":"2016-04-25T14:12:17","slug":"fidias-aristy-destaca-aportes-del-gobierno-para-reducir-drogas-en-r-d","status":"publish","type":"post","link":"https:\/\/diariodominicano.com\/?p=218770","title":{"rendered":"Fidias Aristy destaca aportes del gobierno para reducir drogas en R.D."},"content":{"rendered":"<p><body><\/p>\n<p><img decoding=\"async\" src=\"img3\/Fidias Aristy.JPG\" \/>  <\/p>\n<p>Santo Domingo, 25 de abril.- El Dr. Fidias Aristy, destac\u00f3 que el Presidente Danilo Medina implementa el mejor modelo para reducir la demanda de drogas, en Rep\u00fablica Dominicana, la cual consiste en fortalecer de manera enf\u00e1tica la Educaci\u00f3n, ofreciendo apoyo e incentivos especialmente a ni\u00f1os, ni\u00f1as y adolescentes, as\u00ed como combatiendo la pobreza.<\/p>\n<\/p>\n<p>As\u00ed se expres\u00f3 Aristy al intervenir en el panel sobre Reducci\u00f3n de la Demanda y Aspectos Conexos de la Sesi\u00f3n Especial sobre Drogas de las Naciones Unidas, y destac\u00f3 que en el pa\u00eds,  el Presidente Danilo Medina implementa el mejor modelo para reducir la demanda de drogas.<\/p>\n<\/p>\n<p>Expres\u00f3 que el Gobierno dominicano crea el mejor escudo preventivo contra las drogas, al hacer \u00e9nfasis en pol\u00edticas estatales para la promoci\u00f3n de un mejor sistema educativo, y de mejores condiciones para los grupos m\u00e1s vulnerables.<\/p>\n<p>En su intervenci\u00f3n, Fidias Aristy destac\u00f3 que en la naci\u00f3n dominicana se respeta, sin distinci\u00f3n, los Derechos Humanos.<\/p>\n<\/p>\n<p>Sesi\u00f3n Especial de la ONU<\/p>\n<p>En su participaci\u00f3n en nombre de la Comunidad de Estados Latinoamericanos y Caribe\u00f1os (CELAC) el Presidente del Consejo Nacional de Drogas, Fidias Aristy, sostuvo que es necesario adoptar medidas efectivas y pr\u00e1cticas que permitan la prevenci\u00f3n de drogas, en particular entre los ni\u00f1os y los adolescentes en toda la regi\u00f3n de Am\u00e9rica Latina y el Caribe.<\/p>\n<\/p>\n<p>Asimismo, se\u00f1al\u00f3 en la sesi\u00f3n especial sobre drogas celebrada en las Naciones Unidas, que la CELAC pone \u00e9nfasis en la necesidad de fortalecer la cooperaci\u00f3n internacional, como eje central de los esfuerzos para abordar el problema mundial de las drogas.<\/p>\n<\/p>\n<h6> 2016-04-25 14:12:17 <\/h6>\n<p><!--\n<link rel=\"stylesheet\" href=\"css\/bootstrap.min.css\">\n\n\n<ul class=\"pagination\">\n\t    \n\t\n\n<li >\n\t<a href='?page_no=13158'>Previous<\/a>\n\t<\/li>\n\n\n       \n    \n\n<li><a href='?page_no=1'>1<\/a><\/li>\n\n\n\n<li><a href='?page_no=2'>2<\/a><\/li>\n\n\n\n<li><a>...<\/a><\/li>\n\n\n\n<li><a href='?page_no=13157'>13157<\/a><\/li>\n\n\n\n<li><a href='?page_no=13158'>13158<\/a><\/li>\n\n\n\n<li class='active'><a>13159<\/a><\/li>\n\n\n\n<li><a href='?page_no=13160'>13160<\/a><\/li>\n\n\n\n<li><a href='?page_no=13161'>13161<\/a><\/li>\n\n\n\n<li><a>...<\/a><\/li>\n\n\n\n<li><a href='?page_no=56169'>56169<\/a><\/li>\n\n\n\n<li><a href='?page_no=56170'>56170<\/a><\/li>\n\n    \n\t\n\n<li >\n\t<a href='?page_no=13160'>Next<\/a>\n\t<\/li>\n\n\n    \n\n<li><a href='?page_no=56170'>Last &rsaquo;&rsaquo;<\/a><\/li>\n\n<\/ul>\n\n\n--><br \/>\n<\/body><\/p>\n","protected":false},"excerpt":{"rendered":"<p>Santo Domingo, 25 de abril.- El Dr. Fidias Aristy, destac\u00f3 que el Presidente Danilo Medina implementa el mejor modelo para reducir la demanda de drogas, en Rep\u00fablica Dominicana, la cual consiste en fortalecer de manera enf\u00e1tica la Educaci\u00f3n, ofreciendo apoyo e incentivos especialmente a ni\u00f1os, ni\u00f1as y adolescentes, as\u00ed como combatiendo la pobreza. As\u00ed se [&hellip;]<\/p>\n","protected":false},"author":3,"featured_media":0,"comment_status":"open","ping_status":"open","sticky":false,"template":"","format":"standard","meta":{"footnotes":""},"categories":[20],"tags":[],"class_list":["post-218770","post","type-post","status-publish","format-standard","hentry","category-dominicana-hoy"],"_links":{"self":[{"href":"https:\/\/diariodominicano.com\/index.php?rest_route=\/wp\/v2\/posts\/218770","targetHints":{"allow":["GET"]}}],"collection":[{"href":"https:\/\/diariodominicano.com\/index.php?rest_route=\/wp\/v2\/posts"}],"about":[{"href":"https:\/\/diariodominicano.com\/index.php?rest_route=\/wp\/v2\/types\/post"}],"author":[{"embeddable":true,"href":"https:\/\/diariodominicano.com\/index.php?rest_route=\/wp\/v2\/users\/3"}],"replies":[{"embeddable":true,"href":"https:\/\/diariodominicano.com\/index.php?rest_route=%2Fwp%2Fv2%2Fcomments&post=218770"}],"version-history":[{"count":0,"href":"https:\/\/diariodominicano.com\/index.php?rest_route=\/wp\/v2\/posts\/218770\/revisions"}],"wp:attachment":[{"href":"https:\/\/diariodominicano.com\/index.php?rest_route=%2Fwp%2Fv2%2Fmedia&parent=218770"}],"wp:term":[{"taxonomy":"category","embeddable":true,"href":"https:\/\/diariodominicano.com\/index.php?rest_route=%2Fwp%2Fv2%2Fcategories&post=218770"},{"taxonomy":"post_tag","embeddable":true,"href":"https:\/\/diariodominicano.com\/index.php?rest_route=%2Fwp%2Fv2%2Ftags&post=218770"}],"curies":[{"name":"wp","href":"https:\/\/api.w.org\/{rel}","templated":true}]}}