{"id":218768,"date":"2016-04-25T15:49:11","date_gmt":"2016-04-25T15:49:11","guid":{"rendered":"http:\/\/diariodominicano.ddns.net\/?p=218768"},"modified":"2016-04-25T15:49:11","modified_gmt":"2016-04-25T15:49:11","slug":"pn-bani-somete-mas-de-100-a-la-justicia-en-lo-que-va-de-ano","status":"publish","type":"post","link":"https:\/\/diariodominicano.com\/?p=218768","title":{"rendered":"PN Bani somete m\u00e1s de 100 a la justicia en lo que va de a\u00f1o"},"content":{"rendered":"<p><body><\/p>\n<p><span class=\"text1noticias\"> <\/span><\/p>\n<p><span class=\"text1noticias\"> <\/span><\/p>\n<\/p>\n<p><span class=\"text1noticias\">\tx<\/span><\/p>\n<\/p>\n<p><span class=\"text1noticias\">\t\t\t <\/span><\/p>\n<p><span class=\"text1noticias\"> <\/span><\/p>\n<\/p>\n<p><span class=\"text1noticias\">\t<\/span><\/p>\n<p><span class=\"text1noticias\">BAN\u00cd, RD., 25 de abril.- El director regional de la Polic\u00eda, con asiento en la provincia Peravia, general V\u00edctor Hern\u00e1ndez V\u00e1squez, anunci\u00f3 una disminuci\u00f3n considerable de los hechos delictivos en las \u00faltimas semanas, debido a las medidas preventivas que se est\u00e1n tomando en los distintos barrios de esta comunidad sure\u00f1a, sometiendo a la justicia a m\u00e1s de 100 en lo que va de a\u00f1o.<\/span><\/p>\n<\/p>\n<p><span class=\"text1noticias\">Hern\u00e1ndez V\u00e1squez dijo que esa disminuci\u00f3n de delitos se debe en gran medida a todo el apoyo que viene dando la jefatura de la uniformada a los trabajos preventivos que se vienen llevando a cabo en la regi\u00f3n, en cooperaci\u00f3n y coordinaci\u00f3n de trabajo con las autoridades representativas de la comunidad y las autoridades judiciales de la zona.<\/span><\/p>\n<\/p>\n<p><span class=\"text1noticias\">Precis\u00f3 que en recientes operativos fueron decomisadas unas siete armar, apresadas cerca de 20 personas por posesi\u00f3n de drogas y otros delitos menores cuyos autores fueron sometidos a la justicia para que respondan por sus hechos.<\/span><\/p>\n<\/p>\n<p><span class=\"text1noticias\">Para fines de investigaci\u00f3n por drogas fueron detenidos Juan Aneudy Gonz\u00e1lez, Rafael Antonio Pimentel, Francisco Alberto Lugo D\u00edaz, Luis Alberto Rivera Cipri\u00e1n y Jos\u00e9 Alberto Almonte. Mientras que con armas de fuego fueron apresados Santiago de la Cruz V\u00e1squez, Michael Guerrero Frank, Jos\u00e9 Alberto Tavera Tejeda, Erikson Gonz\u00e1lez Deoleo, entre otros.<\/span><\/p>\n<\/p>\n<p><span class=\"text1noticias\">Agreg\u00f3 que las autoridades del orden p\u00fablico se mantienen vigilantes las 24 horas del d\u00eda, a los fines de garantizar la mayor seguridad y protecci\u00f3n a los ciudadanos de la provincia Peravia, al tiempo que reiter\u00f3 que las puertas de su despacho y dem\u00e1s departamentos permanecen abiertas para atender las inquietudes de la poblaci\u00f3n.<\/span><\/p>\n<\/p>\n<p><span class=\"text1noticias\">Destac\u00f3 que en lo que va de a\u00f1o cerca de 100 personas han sido sometidas a la justicia por diversos hechos, lo que demuestra la eficiencia de los uniformados para responder ante las denuncias de casos delictivos registrados en esa jurisdicci\u00f3n.<\/span><\/p>\n<\/p>\n<h6> 2016-04-25 15:49:11 <\/h6>\n<p><!--\n<link rel=\"stylesheet\" href=\"css\/bootstrap.min.css\">\n\n\n<ul class=\"pagination\">\n\t    \n\t\n\n<li >\n\t<a href='?page_no=13156'>Previous<\/a>\n\t<\/li>\n\n\n       \n    \n\n<li><a href='?page_no=1'>1<\/a><\/li>\n\n\n\n<li><a href='?page_no=2'>2<\/a><\/li>\n\n\n\n<li><a>...<\/a><\/li>\n\n\n\n<li><a href='?page_no=13155'>13155<\/a><\/li>\n\n\n\n<li><a href='?page_no=13156'>13156<\/a><\/li>\n\n\n\n<li class='active'><a>13157<\/a><\/li>\n\n\n\n<li><a href='?page_no=13158'>13158<\/a><\/li>\n\n\n\n<li><a href='?page_no=13159'>13159<\/a><\/li>\n\n\n\n<li><a>...<\/a><\/li>\n\n\n\n<li><a href='?page_no=56169'>56169<\/a><\/li>\n\n\n\n<li><a href='?page_no=56170'>56170<\/a><\/li>\n\n    \n\t\n\n<li >\n\t<a href='?page_no=13158'>Next<\/a>\n\t<\/li>\n\n\n    \n\n<li><a href='?page_no=56170'>Last &rsaquo;&rsaquo;<\/a><\/li>\n\n<\/ul>\n\n\n--><br \/>\n<\/body><\/p>\n","protected":false},"excerpt":{"rendered":"<p>x BAN\u00cd, RD., 25 de abril.- El director regional de la Polic\u00eda, con asiento en la provincia Peravia, general V\u00edctor Hern\u00e1ndez V\u00e1squez, anunci\u00f3 una disminuci\u00f3n considerable de los hechos delictivos en las \u00faltimas semanas, debido a las medidas preventivas que se est\u00e1n tomando en los distintos barrios de esta comunidad sure\u00f1a, sometiendo a la justicia [&hellip;]<\/p>\n","protected":false},"author":3,"featured_media":0,"comment_status":"open","ping_status":"open","sticky":false,"template":"","format":"standard","meta":{"footnotes":""},"categories":[20],"tags":[],"class_list":["post-218768","post","type-post","status-publish","format-standard","hentry","category-dominicana-hoy"],"_links":{"self":[{"href":"https:\/\/diariodominicano.com\/index.php?rest_route=\/wp\/v2\/posts\/218768","targetHints":{"allow":["GET"]}}],"collection":[{"href":"https:\/\/diariodominicano.com\/index.php?rest_route=\/wp\/v2\/posts"}],"about":[{"href":"https:\/\/diariodominicano.com\/index.php?rest_route=\/wp\/v2\/types\/post"}],"author":[{"embeddable":true,"href":"https:\/\/diariodominicano.com\/index.php?rest_route=\/wp\/v2\/users\/3"}],"replies":[{"embeddable":true,"href":"https:\/\/diariodominicano.com\/index.php?rest_route=%2Fwp%2Fv2%2Fcomments&post=218768"}],"version-history":[{"count":0,"href":"https:\/\/diariodominicano.com\/index.php?rest_route=\/wp\/v2\/posts\/218768\/revisions"}],"wp:attachment":[{"href":"https:\/\/diariodominicano.com\/index.php?rest_route=%2Fwp%2Fv2%2Fmedia&parent=218768"}],"wp:term":[{"taxonomy":"category","embeddable":true,"href":"https:\/\/diariodominicano.com\/index.php?rest_route=%2Fwp%2Fv2%2Fcategories&post=218768"},{"taxonomy":"post_tag","embeddable":true,"href":"https:\/\/diariodominicano.com\/index.php?rest_route=%2Fwp%2Fv2%2Ftags&post=218768"}],"curies":[{"name":"wp","href":"https:\/\/api.w.org\/{rel}","templated":true}]}}