{"id":218767,"date":"2016-04-25T16:03:51","date_gmt":"2016-04-25T16:03:51","guid":{"rendered":"http:\/\/diariodominicano.ddns.net\/?p=218767"},"modified":"2016-04-25T16:03:51","modified_gmt":"2016-04-25T16:03:51","slug":"ministro-jose-del-castillo-enfrenta-el-zika-en-barahona","status":"publish","type":"post","link":"https:\/\/diariodominicano.com\/?p=218767","title":{"rendered":"Ministro Jos\u00e9 del Castillo enfrenta el Zika en Barahona."},"content":{"rendered":"<p><body><\/p>\n<p><img decoding=\"async\" src=\"img3\/pastedImage (2).png\" \/>  <\/p>\n<\/p>\n<p><span class=\"text1noticias\"> <\/span><\/p>\n<p><span class=\"text1noticias\">Barahona. 25 de abril.- El Ministro Jos\u00e9 del Castillo Savi\u00f1\u00f3n, se integr\u00f3 el pasado s\u00e1bado a la Jornada contra el Zika-Virus en esta ciudad, en el operativo realizado en el distrito municipal de Villa Central.<\/span><\/p>\n<\/p>\n<p><span class=\"text1noticias\">Del Castillo Savi\u00f1\u00f3n, particip\u00f3 junto a los empleados del Ministerio de Industria y Comercio (MIC) en esta ciudad, adem\u00e1s de una comisi\u00f3n que vino desde Santo Domingo.<\/span><\/p>\n<\/p>\n<p><span class=\"text1noticias\">El titular del MIC, asimismo, visit\u00f3 decenas de viviendas de la zona, en donde les exhortaba con consejos pr\u00e1cticos a sus moradores c\u00f3mo prevenir la cr\u00eda del mosquito, para as\u00ed combatir este mal desde sus hogares.<\/span><\/p>\n<\/p>\n<p><span class=\"text1noticias\">La directora de recursos humanos del MIC, Licda. Ramona Mej\u00eda Maceas, estuvo encabezando el operativo junto a Jos\u00e9 del Castillo y t\u00e9cnicos de la Direcci\u00f3n Provincial de Salud P\u00fablica, los cuales visitaron tambi\u00e9n varias casas del barrio La Monta\u00f1ita y Los Blocks de Villa Central, entregando cloro, eliminando criaderos en los patios, entre otras acciones.<\/span><\/p>\n<\/p>\n<p><span class=\"text1noticias\">En la jornada tambi\u00e9n estuvieron presentes los funcionarios del MIC Rudy Mar\u00eda M\u00e9ndez (\u00d1i\u00f1\u00edn), Ilianov M\u00e9ndez y Juana Reynoso, quienes recibieron el soporte de apoyo de la directora provincial de Salud, Amelia Figuereo, el alcalde Noel Octavio Suberv\u00ed N\u00edn, y de otras personalidades que fueron al operativo en Villa Central <\/span><\/p>\n<\/p>\n<h6> 2016-04-25 16:03:51 <\/h6>\n<p><!--\n<link rel=\"stylesheet\" href=\"css\/bootstrap.min.css\">\n\n\n<ul class=\"pagination\">\n\t    \n\t\n\n<li >\n\t<a href='?page_no=13155'>Previous<\/a>\n\t<\/li>\n\n\n       \n    \n\n<li><a href='?page_no=1'>1<\/a><\/li>\n\n\n\n<li><a href='?page_no=2'>2<\/a><\/li>\n\n\n\n<li><a>...<\/a><\/li>\n\n\n\n<li><a href='?page_no=13154'>13154<\/a><\/li>\n\n\n\n<li><a href='?page_no=13155'>13155<\/a><\/li>\n\n\n\n<li class='active'><a>13156<\/a><\/li>\n\n\n\n<li><a href='?page_no=13157'>13157<\/a><\/li>\n\n\n\n<li><a href='?page_no=13158'>13158<\/a><\/li>\n\n\n\n<li><a>...<\/a><\/li>\n\n\n\n<li><a href='?page_no=56169'>56169<\/a><\/li>\n\n\n\n<li><a href='?page_no=56170'>56170<\/a><\/li>\n\n    \n\t\n\n<li >\n\t<a href='?page_no=13157'>Next<\/a>\n\t<\/li>\n\n\n    \n\n<li><a href='?page_no=56170'>Last &rsaquo;&rsaquo;<\/a><\/li>\n\n<\/ul>\n\n\n--><br \/>\n<\/body><\/p>\n","protected":false},"excerpt":{"rendered":"<p>Barahona. 25 de abril.- El Ministro Jos\u00e9 del Castillo Savi\u00f1\u00f3n, se integr\u00f3 el pasado s\u00e1bado a la Jornada contra el Zika-Virus en esta ciudad, en el operativo realizado en el distrito municipal de Villa Central. Del Castillo Savi\u00f1\u00f3n, particip\u00f3 junto a los empleados del Ministerio de Industria y Comercio (MIC) en esta ciudad, adem\u00e1s de [&hellip;]<\/p>\n","protected":false},"author":3,"featured_media":0,"comment_status":"open","ping_status":"open","sticky":false,"template":"","format":"standard","meta":{"footnotes":""},"categories":[20],"tags":[],"class_list":["post-218767","post","type-post","status-publish","format-standard","hentry","category-dominicana-hoy"],"_links":{"self":[{"href":"https:\/\/diariodominicano.com\/index.php?rest_route=\/wp\/v2\/posts\/218767","targetHints":{"allow":["GET"]}}],"collection":[{"href":"https:\/\/diariodominicano.com\/index.php?rest_route=\/wp\/v2\/posts"}],"about":[{"href":"https:\/\/diariodominicano.com\/index.php?rest_route=\/wp\/v2\/types\/post"}],"author":[{"embeddable":true,"href":"https:\/\/diariodominicano.com\/index.php?rest_route=\/wp\/v2\/users\/3"}],"replies":[{"embeddable":true,"href":"https:\/\/diariodominicano.com\/index.php?rest_route=%2Fwp%2Fv2%2Fcomments&post=218767"}],"version-history":[{"count":0,"href":"https:\/\/diariodominicano.com\/index.php?rest_route=\/wp\/v2\/posts\/218767\/revisions"}],"wp:attachment":[{"href":"https:\/\/diariodominicano.com\/index.php?rest_route=%2Fwp%2Fv2%2Fmedia&parent=218767"}],"wp:term":[{"taxonomy":"category","embeddable":true,"href":"https:\/\/diariodominicano.com\/index.php?rest_route=%2Fwp%2Fv2%2Fcategories&post=218767"},{"taxonomy":"post_tag","embeddable":true,"href":"https:\/\/diariodominicano.com\/index.php?rest_route=%2Fwp%2Fv2%2Ftags&post=218767"}],"curies":[{"name":"wp","href":"https:\/\/api.w.org\/{rel}","templated":true}]}}