{"id":218766,"date":"2016-04-25T16:14:03","date_gmt":"2016-04-25T16:14:03","guid":{"rendered":"http:\/\/diariodominicano.ddns.net\/?p=218766"},"modified":"2016-04-25T16:14:03","modified_gmt":"2016-04-25T16:14:03","slug":"primera-dama-entrega-casa-a-sextillizos-hace-realidad-el-sueno-de-la-familia","status":"publish","type":"post","link":"https:\/\/diariodominicano.com\/?p=218766","title":{"rendered":"Primera Dama entrega casa a sextillizos; hace realidad el sue\u00f1o de la familia"},"content":{"rendered":"<p><body><\/p>\n<p><img decoding=\"async\" src=\"img3\/DPD_9955.JPG\" \/>  <\/p>\n<\/p>\n<p><span class=\"text1noticias\">Santo Domingo. RD., 25 de abril.- La Primera Dama de la Rep\u00fablica C\u00e1ndida Montilla de Medina hizo entrega este lunes de la casa prometida a Aracelis Guzm\u00e1n, madre de los sextillizos nacidos el 8 de febrero del pasado a\u00f1o 2015, en el hospital materno-infantil Reynaldo Alm\u00e1nzar, en el municipio Santo Domingo Norte.<\/span><\/p>\n<\/p>\n<p><span class=\"text1noticias\">Montilla de Medina encabez\u00f3 el acto en el que, adem\u00e1s, estuvieron presentes monse\u00f1or Ram\u00f3n Benito \u00c1ngeles, autoridades de Salud P\u00fablica, familiares y vecinos de la se\u00f1ora Guzm\u00e1n y el sacerdote V\u00edctor Peralta, cura p\u00e1rroco de la iglesia San Antonio de Padua, del municipio La Victoria, quien tuvo a su cargo la bendici\u00f3n de la vivienda.<\/span><\/p>\n<\/p>\n<p><span class=\"text1noticias\">Tambi\u00e9n estuvieron presentes los se\u00f1ores Antonio (Papi) L\u00f3pez y Arismendy D\u00edaz, director y subdirector, respectivamente, del Fondo Especial para el Desarrollo Agropecuario (FEDA), que conjuntamente con el Despacho de la Primera Dama asumi\u00f3 la construcci\u00f3n de la vivienda; y Jorge Radham\u00e9s Zorrilla Ozuna, presidente de la Fundaci\u00f3n Sila Ozuna.<\/span><\/p>\n<\/p>\n<p><span class=\"text1noticias\"> Las puertas del Despacho, siempre estar\u00e1n abiertas<\/span><\/p>\n<\/p>\n<p><span class=\"text1noticias\">\u00abT\u00fa confiaste siempre en que el Despacho de la Primera Dama no te dejar\u00eda sola en el reto de criar a tus hijos y a tus hijas en las mejores circunstancias posibles, y hoy compruebas que tu confianza estaba justificada.<\/span><\/p>\n<\/p>\n<p><span class=\"text1noticias\">Aqu\u00ed est\u00e1 tu casa, querida amiga, para que Anderson Junior, Ashley Margarita, Aleisha Vanesa y Sarai tengan una vida digna, junto a su hermanito mayor, Enderson. <\/span><\/p>\n<\/p>\n<p><span class=\"text1noticias\">Las puertas del Despacho estar\u00e1n siempre abiertas para ti y para los tuyos, al igual que para las familias dominicanas, que lo necesiten. Disfruten su nuevo hogar y que Dios los bendiga\u00bb, dijo emocionada la Primera Dama de la Rep\u00fablica.<\/span><\/p>\n<\/p>\n<p><span class=\"text1noticias\"> \u00abEsto significa todo, para m\u00ed y mi familia\u00bb<\/span><\/p>\n<\/p>\n<p><span class=\"text1noticias\">Aracely Guzm\u00e1n, madre de los seis beb\u00e9s, uno de los cuales falleci\u00f3 tres d\u00edas despu\u00e9s del nacimiento, manifest\u00f3 que siempre tuvo confianza en que la Primera Dama dar\u00eda respuesta a las necesidades suyas y de sus hijos.<\/span><\/p>\n<\/p>\n<p><span class=\"text1noticias\">Sostuvo que no sab\u00eda el peso de aquellas palabras, cuando la Primera Dama C\u00e1ndida Montilla de Medina le manifest\u00f3 que no la dejar\u00eda sola y que pod\u00eda contar con ella, garantiz\u00e1ndole que sus hijos tendr\u00edan un hogar.<\/span><\/p>\n<\/p>\n<p><span class=\"text1noticias\">\u00abDe verdad estoy sin palabras no s\u00e9 c\u00f3mo agradecerle, quisiera regalarle algo, es que no s\u00e9. Esto significa todo para m\u00ed y mi familia. La seguridad que significa que mis hijos tengan un lugar seguro donde vivir, no tiene precio, gracias do\u00f1a C\u00e1ndida\u00bb.<\/span><\/p>\n<\/p>\n<p><span class=\"text1noticias\">Guzm\u00e1n entreg\u00f3 una placa de reconocimiento a Montilla de Medina, de quien dijo es una gran merecedora de ser la Primera Dama de la Rep\u00fablica Dominicana&#8230;\u00bbcuando se da ejemplo, no hay que hablar, porque eso es usted\u00bb, escribieron familiares y vecinos de la madre de los sextillizos que participaron en el emotivo acto.<\/span><\/p>\n<p><span class=\"text1noticias\"> <\/span><\/p>\n<\/p>\n<p><span class=\"text1noticias\">Planes y proyectos<\/span><\/p>\n<\/p>\n<p><span class=\"text1noticias\">La madre de los sextillizos se\u00f1ala que son tantos los sue\u00f1os por realizar que todav\u00eda no sabe por d\u00f3nde empezar\u00e1, porque donde estaban viviendo es un lugar prestado, muy peque\u00f1o y deteriorado.<\/span><\/p>\n<\/p>\n<p><span class=\"text1noticias\"> \u00abEllos (los ni\u00f1os) no estaban durmiendo c\u00f3modos, porque yo no pod\u00eda colocar camas, ya que el espacio es muy estrecho, pero ahora que nos instalamos en nuestra propia casa, son tantas cosas que deseo hacer. S\u00e9 que tendr\u00e9 m\u00e1s cabeza para lograrlo\u00bb.<\/span><\/p>\n<\/p>\n<p><span class=\"text1noticias\">Manifiesta que su sue\u00f1o m\u00e1s grande era tener un hogar para garantizar la estabilidad y seguridad a sus hijos, y como es egresada de Instituto de Formaci\u00f3n T\u00e9cnico Profesional (INFOTEP), como Auxiliar de Farmacia, adem\u00e1s de bachiller, su siguiente paso ser\u00e1 ingresar a la universidad a realizar la licenciatura en enfermer\u00eda.<\/span><\/p>\n<\/p>\n<p><span class=\"text1noticias\">Tienen todo cubierto<\/span><\/p>\n<\/p>\n<p><span class=\"text1noticias\">Desde el nacimiento de los sextillizos, Sara\u00ed Trinidad, Ashley, Aleysha, Anderson, Jefferson Figuereo Guzm\u00e1n y el que falleci\u00f3 d\u00edas despu\u00e9s, la esposa del presidente Danilo Medina ha estado al lado de Aracely Guzm\u00e1n, brind\u00e1ndole atenciones, seguimiento y apoyo en todos los sentidos.<\/span><\/p>\n<\/p>\n<p><span class=\"text1noticias\">El Despacho de la Primera Dama, a trav\u00e9s de los programas Cuenta Conmigo y Servicio al Ciudadano, suministra todo lo necesario para el crecimiento apropiado de los beb\u00e9s. Es una familia con todo cubierto. <\/span><\/p>\n<\/p>\n<p><span class=\"text1noticias\">Montilla de Medina dispuso la gesti\u00f3n del seguro m\u00e9dico para Aracelis Guzm\u00e1n, sus cinco ni\u00f1os, y dem\u00e1s miembros de su familia, la cual est\u00e1 encomendada al doctor Ram\u00f3n Ferrer Rodr\u00edguez, director del Hospital Municipal de La Victoria, donde les brindan los cuidados b\u00e1sicos.<\/span><\/p>\n<\/p>\n<p><span class=\"text1noticias\">Sobre la casa<\/span><\/p>\n<\/p>\n<p><span class=\"text1noticias\">La vivienda fue construida por el Despacho de la Primera Dama Montilla de Medina con la colaboraci\u00f3n del Fondo Especial para el Desarrollo Agropecuario (FEDA). El ingeniero Javier Corominas y la arquitecta Marisleida Aquino tuvieron a cargo construir la obra.<\/span><\/p>\n<\/p>\n<p><span class=\"text1noticias\"> Explicaron que la casa se construy\u00f3 en un terreno de 170 metros cuadrados, con un espacio de construcci\u00f3n de 157 metros, con un dise\u00f1o pr\u00e1ctico, c\u00f3modo y espacioso para la satisfacci\u00f3n de la familia.<\/span><\/p>\n<\/p>\n<p><span class=\"text1noticias\">La casa de los sextillizos tiene cuatro habitaciones, tres ba\u00f1os y una espaciosa cocina, sala, comedor, \u00e1rea de lavado, marquesina, galer\u00eda, verja y jardinera, todo amueblado con los equipos y electrodom\u00e9sticos que demanda cada \u00e1rea.<\/span><\/p>\n<p><span class=\"text1noticias\">Adem\u00e1s posee una cisterna, bomba para extraer el agua y una amplia marquesina, con capacidad para dos veh\u00edculos.<\/span><\/p>\n<\/p>\n<\/p>\n<h6> 2016-04-25 16:14:03 <\/h6>\n<p><!--\n<link rel=\"stylesheet\" href=\"css\/bootstrap.min.css\">\n\n\n<ul class=\"pagination\">\n\t    \n\t\n\n<li >\n\t<a href='?page_no=13154'>Previous<\/a>\n\t<\/li>\n\n\n       \n    \n\n<li><a href='?page_no=1'>1<\/a><\/li>\n\n\n\n<li><a href='?page_no=2'>2<\/a><\/li>\n\n\n\n<li><a>...<\/a><\/li>\n\n\n\n<li><a href='?page_no=13153'>13153<\/a><\/li>\n\n\n\n<li><a href='?page_no=13154'>13154<\/a><\/li>\n\n\n\n<li class='active'><a>13155<\/a><\/li>\n\n\n\n<li><a href='?page_no=13156'>13156<\/a><\/li>\n\n\n\n<li><a href='?page_no=13157'>13157<\/a><\/li>\n\n\n\n<li><a>...<\/a><\/li>\n\n\n\n<li><a href='?page_no=56169'>56169<\/a><\/li>\n\n\n\n<li><a href='?page_no=56170'>56170<\/a><\/li>\n\n    \n\t\n\n<li >\n\t<a href='?page_no=13156'>Next<\/a>\n\t<\/li>\n\n\n    \n\n<li><a href='?page_no=56170'>Last &rsaquo;&rsaquo;<\/a><\/li>\n\n<\/ul>\n\n\n--><br \/>\n<\/body><\/p>\n","protected":false},"excerpt":{"rendered":"<p>Santo Domingo. RD., 25 de abril.- La Primera Dama de la Rep\u00fablica C\u00e1ndida Montilla de Medina hizo entrega este lunes de la casa prometida a Aracelis Guzm\u00e1n, madre de los sextillizos nacidos el 8 de febrero del pasado a\u00f1o 2015, en el hospital materno-infantil Reynaldo Alm\u00e1nzar, en el municipio Santo Domingo Norte. Montilla de Medina [&hellip;]<\/p>\n","protected":false},"author":3,"featured_media":0,"comment_status":"open","ping_status":"open","sticky":false,"template":"","format":"standard","meta":{"footnotes":""},"categories":[20],"tags":[],"class_list":["post-218766","post","type-post","status-publish","format-standard","hentry","category-dominicana-hoy"],"_links":{"self":[{"href":"https:\/\/diariodominicano.com\/index.php?rest_route=\/wp\/v2\/posts\/218766","targetHints":{"allow":["GET"]}}],"collection":[{"href":"https:\/\/diariodominicano.com\/index.php?rest_route=\/wp\/v2\/posts"}],"about":[{"href":"https:\/\/diariodominicano.com\/index.php?rest_route=\/wp\/v2\/types\/post"}],"author":[{"embeddable":true,"href":"https:\/\/diariodominicano.com\/index.php?rest_route=\/wp\/v2\/users\/3"}],"replies":[{"embeddable":true,"href":"https:\/\/diariodominicano.com\/index.php?rest_route=%2Fwp%2Fv2%2Fcomments&post=218766"}],"version-history":[{"count":0,"href":"https:\/\/diariodominicano.com\/index.php?rest_route=\/wp\/v2\/posts\/218766\/revisions"}],"wp:attachment":[{"href":"https:\/\/diariodominicano.com\/index.php?rest_route=%2Fwp%2Fv2%2Fmedia&parent=218766"}],"wp:term":[{"taxonomy":"category","embeddable":true,"href":"https:\/\/diariodominicano.com\/index.php?rest_route=%2Fwp%2Fv2%2Fcategories&post=218766"},{"taxonomy":"post_tag","embeddable":true,"href":"https:\/\/diariodominicano.com\/index.php?rest_route=%2Fwp%2Fv2%2Ftags&post=218766"}],"curies":[{"name":"wp","href":"https:\/\/api.w.org\/{rel}","templated":true}]}}