{"id":218765,"date":"2016-04-25T16:41:53","date_gmt":"2016-04-25T16:41:53","guid":{"rendered":"http:\/\/diariodominicano.ddns.net\/?p=218765"},"modified":"2016-04-25T16:41:53","modified_gmt":"2016-04-25T16:41:53","slug":"gobierno-recibe-dominicanos-afectados-por-terremoto-en-ecuador","status":"publish","type":"post","link":"https:\/\/diariodominicano.com\/?p=218765","title":{"rendered":"Gobierno recibe dominicanos afectados por terremoto en Ecuador"},"content":{"rendered":"<p><body><\/p>\n<p><img decoding=\"async\" src=\"img3\/Ecuador.jpg\" \/>  <\/p>\n<p>Santo Domingo, R. D., 25 de abril.- Andr\u00e9s Navarro, ministro de Relaciones Exteriores, recibi\u00f3 hoy en el Aeropuerto Internacional de Las Am\u00e9ricas a seis dominicanos residentes en Ecuador que perdieron sus pertenencias en el terremoto ocurrido all\u00ed y decidieron retornar al pa\u00eds.<\/p>\n<\/p>\n<p>El funcionario tambi\u00e9n recibi\u00f3 los restos del criollo Miguel Payano, cremado en Ecuador y quien falleci\u00f3 a causa de ese fen\u00f3meno natural, as\u00ed como a los socorristas que trabajaron como apoyo en las tareas de rescate y asistencia a las familias damnificadas.<\/p>\n<\/p>\n<p>Los dominicanos llegaron al territorio nacional en el avi\u00f3n que trajo de retorno a la brigada humanitaria enviada por el Gobierno del presidente Danilo Medina a la Rep\u00fablica del Ecuador, para apoyar en las tareas de rescate y asistencia a las familias damnificadas tras el terrible terremoto que dej\u00f3 m\u00e1s de 500 muertos, miles de heridos y decenas de desaparecidos.<\/p>\n<\/p>\n<p>Comenzar de nuevo<\/p>\n<\/p>\n<p>Navarro extendi\u00f3 una solidaria bienvenida a los dominicanos afectados por el terremoto, al tiempo de manifestarles que recibir\u00e1n la debida asistencia humanitaria del Gobierno dominicano para que puedan rehacer sus vidas junto a sus familiares y seres queridos.<\/p>\n<\/p>\n<p>\u00abHemos querido venir a recibirlos personalmente para manifestarles en nombre del presidente Danilo Medina, del Ministerio de Relaciones Exteriores y del mio propio, nuestra sincera solidaridad en estos momentos de angustia que est\u00e1n atravesando\u00bb, expres\u00f3 Navarro.  <\/p>\n<\/p>\n<p>San Pedro, Distrito Nacional y Jarabacoa<\/p>\n<\/p>\n<p>Entre los seis dominicanos se encuentra la familia oriunda de San Pedro Macor\u00eds, del se\u00f1or Yoel Hidalgo de la Cruz, compuesta adem\u00e1s por su esposa Aleida S\u00e1nchez, y dos ni\u00f1as menores de edad, que resid\u00edan en Manta, Ecuador, cuya casa fue derrumbada durante el sismo.<\/p>\n<\/p>\n<p>Tambi\u00e9n retornaron al pa\u00eds los dominicanos Jacqueline Concepci\u00f3n De \u00d3leo, del Distrito Nacional, y Jos\u00e9 Odalis Beato Ortiz, de Jarabacoa, quienes fueron asistidos por nuestras autoridades diplom\u00e1ticas en Ecuador en coordinaci\u00f3n con el Departamento de Protecci\u00f3n de los Dominicanos en el Exterior.<\/p>\n<\/p>\n<p>La familia Hidalgo previamente hab\u00eda sido trasladada a Guayaquil y alojada en un hotel, por gestiones realizadas por la embajada dominicana en Ecuador conjuntamente con nuestro consulado en esa localidad.<\/p>\n<\/p>\n<p>Los restos del se\u00f1or Miguel Payano, previamente cremados en Ecuador, fueron entregados a sus hijos Alexis Miguel y Linette Payano Rivera y a su hermana Virtudes Payano.<\/p>\n<\/p>\n<p>Brigada humanitaria<\/p>\n<\/p>\n<p>El canciller Andr\u00e9s Navarro, junto al director de la Defensa Civil, mayor general Rafael de Luna Pichirilo y al general Aracenis Castillo, director del Cuerpo Especializado de Seguridad Portuaria (CESAP), tambi\u00e9n recibi\u00f3 al personal que integr\u00f3 la misi\u00f3n de asistencia militar y civil enviada por el presidente Danilo Medina a Ecuador para apoyar en las tareas de rescate y asistencia.<\/p>\n<\/p>\n<p>Entre la misi\u00f3n de asistencia militar y civil que viaj\u00f3 a Ecuador, se destaca la Unidad Humanitaria de Rescate del Ej\u00e9rcito de la Rep\u00fablica Dominicana, una fuerza interagencial conformada por miembros del ERD y la Defensa Civil.<\/p>\n<\/p>\n<p>El Canciller Navarro agradeci\u00f3 los servicios prestados por esta unidad en la hermana naci\u00f3n suramericana, devastada por esta terrible tragedia.<\/p>\n<h6> 2016-04-25 16:41:53 <\/h6>\n<p><!--\n<link rel=\"stylesheet\" href=\"css\/bootstrap.min.css\">\n\n\n<ul class=\"pagination\">\n\t    \n\t\n\n<li >\n\t<a href='?page_no=13153'>Previous<\/a>\n\t<\/li>\n\n\n       \n    \n\n<li><a href='?page_no=1'>1<\/a><\/li>\n\n\n\n<li><a href='?page_no=2'>2<\/a><\/li>\n\n\n\n<li><a>...<\/a><\/li>\n\n\n\n<li><a href='?page_no=13152'>13152<\/a><\/li>\n\n\n\n<li><a href='?page_no=13153'>13153<\/a><\/li>\n\n\n\n<li class='active'><a>13154<\/a><\/li>\n\n\n\n<li><a href='?page_no=13155'>13155<\/a><\/li>\n\n\n\n<li><a href='?page_no=13156'>13156<\/a><\/li>\n\n\n\n<li><a>...<\/a><\/li>\n\n\n\n<li><a href='?page_no=56169'>56169<\/a><\/li>\n\n\n\n<li><a href='?page_no=56170'>56170<\/a><\/li>\n\n    \n\t\n\n<li >\n\t<a href='?page_no=13155'>Next<\/a>\n\t<\/li>\n\n\n    \n\n<li><a href='?page_no=56170'>Last &rsaquo;&rsaquo;<\/a><\/li>\n\n<\/ul>\n\n\n--><br \/>\n<\/body><\/p>\n","protected":false},"excerpt":{"rendered":"<p>Santo Domingo, R. D., 25 de abril.- Andr\u00e9s Navarro, ministro de Relaciones Exteriores, recibi\u00f3 hoy en el Aeropuerto Internacional de Las Am\u00e9ricas a seis dominicanos residentes en Ecuador que perdieron sus pertenencias en el terremoto ocurrido all\u00ed y decidieron retornar al pa\u00eds. El funcionario tambi\u00e9n recibi\u00f3 los restos del criollo Miguel Payano, cremado en Ecuador [&hellip;]<\/p>\n","protected":false},"author":3,"featured_media":0,"comment_status":"open","ping_status":"open","sticky":false,"template":"","format":"standard","meta":{"footnotes":""},"categories":[20],"tags":[],"class_list":["post-218765","post","type-post","status-publish","format-standard","hentry","category-dominicana-hoy"],"_links":{"self":[{"href":"https:\/\/diariodominicano.com\/index.php?rest_route=\/wp\/v2\/posts\/218765","targetHints":{"allow":["GET"]}}],"collection":[{"href":"https:\/\/diariodominicano.com\/index.php?rest_route=\/wp\/v2\/posts"}],"about":[{"href":"https:\/\/diariodominicano.com\/index.php?rest_route=\/wp\/v2\/types\/post"}],"author":[{"embeddable":true,"href":"https:\/\/diariodominicano.com\/index.php?rest_route=\/wp\/v2\/users\/3"}],"replies":[{"embeddable":true,"href":"https:\/\/diariodominicano.com\/index.php?rest_route=%2Fwp%2Fv2%2Fcomments&post=218765"}],"version-history":[{"count":0,"href":"https:\/\/diariodominicano.com\/index.php?rest_route=\/wp\/v2\/posts\/218765\/revisions"}],"wp:attachment":[{"href":"https:\/\/diariodominicano.com\/index.php?rest_route=%2Fwp%2Fv2%2Fmedia&parent=218765"}],"wp:term":[{"taxonomy":"category","embeddable":true,"href":"https:\/\/diariodominicano.com\/index.php?rest_route=%2Fwp%2Fv2%2Fcategories&post=218765"},{"taxonomy":"post_tag","embeddable":true,"href":"https:\/\/diariodominicano.com\/index.php?rest_route=%2Fwp%2Fv2%2Ftags&post=218765"}],"curies":[{"name":"wp","href":"https:\/\/api.w.org\/{rel}","templated":true}]}}