{"id":218764,"date":"2016-04-25T16:52:31","date_gmt":"2016-04-25T16:52:31","guid":{"rendered":"http:\/\/diariodominicano.ddns.net\/?p=218764"},"modified":"2016-04-25T16:52:31","modified_gmt":"2016-04-25T16:52:31","slug":"idac-desarrolla-en-sanchez-operativo-un-dia-con-la-comunidad","status":"publish","type":"post","link":"https:\/\/diariodominicano.com\/?p=218764","title":{"rendered":"IDAC desarrolla en S\u00e1nchez operativo \u00abUn d\u00eda con la comunidad\u00bb"},"content":{"rendered":"<p><body><\/p>\n<p><img decoding=\"async\" src=\"img3\/NI-39-16.jpg\" \/>  <\/p>\n<\/p>\n<p>Santo Domingo. RD., 25 de abril.- Unas 1,467 personas, ni\u00f1os y adultos, recibieron atenciones  m\u00e9dicas  en el municipio de S\u00e1nchez, Saman\u00e1,  en el operativo \u00abUn d\u00eda con la comunidad\u00bb, que desarrolla el Instituto Dominicano de Aviaci\u00f3n Civil (IDAC) encabezado por su director general, Dr. Alejandro Herrera,  ejecutando  el programa de responsabilidad social que lleva a cabo la instituci\u00f3n, cumpliendo con los objetivos y metas trazados este a\u00f1o, de rendir un servicio a las comunidades donde impacta.<\/p>\n<\/p>\n<p>Profesionales de la salud se alternaron con orientadores asistiendo cl\u00ednicamente a personas que lo requer\u00edan y edificando a la poblaci\u00f3n sobre las acciones preventivas al virus del  Zika y la Chikungunya.<\/p>\n<\/p>\n<p>En las primeras  horas del pasado s\u00e1bado 23 los brigadistas del IDAC se instalaron   en el centro educativo Carmela Shepard, transformando algunas de sus aulas en consultorios dentales, oftalmol\u00f3gico, y para chequeo en general.<\/p>\n<\/p>\n<p>Mientras se atend\u00edan cl\u00ednicamente los casos presentados, ni\u00f1os, j\u00f3venes y adultos se enriquecieron de conocimientos a trav\u00e9s de las   charlas educativas impartidas por  los orientadores del IDAC y  la Academia Superior de Ciencias Aeron\u00e1uticas (ASCA).<\/p>\n<\/p>\n<p>\u00abPrevenci\u00f3n del Zika virus\u00bb, y \u00abla importancia de la lactancia materna\u00bb fueron los temas desarrollados en las charlas ofrecidas a los moradores del municipio de S\u00e1nchez.<\/p>\n<\/p>\n<p>M\u00e9dicos y param\u00e9dicos  ofrecieron  servicios de salud en  medicina general y especialidades, tales como pediatr\u00eda, odontolog\u00eda, ginecolog\u00eda, urolog\u00eda y oftalmolog\u00eda. Las embarazadas que acudieron al lugar del operativo fueron obsequiadas con canastillas para el parto.<\/p>\n<\/p>\n<p>Entre las acciones preventivas se obsequiaron  mosquiteros, se fumigaron los sectores vulnerables y se entreg\u00f3 material impreso para reforzar las orientaciones ofrecidas en las charlas. .<\/p>\n<\/p>\n<p>Adem\u00e1s, se donaron  art\u00edculos deportivos para la pr\u00e1ctica de softbol y b\u00e9isbol, mesas de domin\u00f3 y  de ajedrez, raciones alimenticias, y los  Comedores Econ\u00f3micos distribuyeron un delicioso almuerzo entre los asistentes.<\/p>\n<\/p>\n<p>La coordinaci\u00f3n del operativo recay\u00f3 en  Enna Amaro de Arredondo, directora de Planificaci\u00f3n y Desarrollo,  y Luis Abreu, coordinador de Responsabilidad Social, con el respaldo del personal de las diferentes dependencias.<\/p>\n<\/p>\n<p>Asimismo, participaron en el operativo solidario: el subdirector general Santiago Rosa Mart\u00ednez y  Lucrecio Polanco, subdirector, as\u00ed como Bol\u00edvar de Le\u00f3n, director de Navegaci\u00f3n A\u00e9rea; y Juan Thomas Burgos, director de la Academia Superior de Ciencias Aeron\u00e1uticas (ASCA).<\/p>\n<\/p>\n<p>Como anfitriones participaron: el alcalde  de S\u00e1nchez,  Melvin Ram\u00edrez y  el diputado Miguel \u00c1ngel Jazm\u00edn, y en colaboraci\u00f3n con el IDAC  estuvo el  Cuerpo Especializado en Seguridad Aeroportuaria  y de la Aviaci\u00f3n Civil (CESA).<\/p>\n<\/p>\n<p>Para el disfrute  de los m\u00e1s  peque\u00f1os se present\u00f3 un show de payasos para llenarlos de alegr\u00eda, luego de brindarles asistencia m\u00e9dica.<\/p>\n<\/p>\n<\/p>\n<h6> 2016-04-25 16:52:31 <\/h6>\n<p><!--\n<link rel=\"stylesheet\" href=\"css\/bootstrap.min.css\">\n\n\n<ul class=\"pagination\">\n\t    \n\t\n\n<li >\n\t<a href='?page_no=13152'>Previous<\/a>\n\t<\/li>\n\n\n       \n    \n\n<li><a href='?page_no=1'>1<\/a><\/li>\n\n\n\n<li><a href='?page_no=2'>2<\/a><\/li>\n\n\n\n<li><a>...<\/a><\/li>\n\n\n\n<li><a href='?page_no=13151'>13151<\/a><\/li>\n\n\n\n<li><a href='?page_no=13152'>13152<\/a><\/li>\n\n\n\n<li class='active'><a>13153<\/a><\/li>\n\n\n\n<li><a href='?page_no=13154'>13154<\/a><\/li>\n\n\n\n<li><a href='?page_no=13155'>13155<\/a><\/li>\n\n\n\n<li><a>...<\/a><\/li>\n\n\n\n<li><a href='?page_no=56169'>56169<\/a><\/li>\n\n\n\n<li><a href='?page_no=56170'>56170<\/a><\/li>\n\n    \n\t\n\n<li >\n\t<a href='?page_no=13154'>Next<\/a>\n\t<\/li>\n\n\n    \n\n<li><a href='?page_no=56170'>Last &rsaquo;&rsaquo;<\/a><\/li>\n\n<\/ul>\n\n\n--><br \/>\n<\/body><\/p>\n","protected":false},"excerpt":{"rendered":"<p>Santo Domingo. RD., 25 de abril.- Unas 1,467 personas, ni\u00f1os y adultos, recibieron atenciones m\u00e9dicas en el municipio de S\u00e1nchez, Saman\u00e1, en el operativo \u00abUn d\u00eda con la comunidad\u00bb, que desarrolla el Instituto Dominicano de Aviaci\u00f3n Civil (IDAC) encabezado por su director general, Dr. Alejandro Herrera, ejecutando el programa de responsabilidad social que lleva a [&hellip;]<\/p>\n","protected":false},"author":3,"featured_media":0,"comment_status":"open","ping_status":"open","sticky":false,"template":"","format":"standard","meta":{"footnotes":""},"categories":[20],"tags":[],"class_list":["post-218764","post","type-post","status-publish","format-standard","hentry","category-dominicana-hoy"],"_links":{"self":[{"href":"https:\/\/diariodominicano.com\/index.php?rest_route=\/wp\/v2\/posts\/218764","targetHints":{"allow":["GET"]}}],"collection":[{"href":"https:\/\/diariodominicano.com\/index.php?rest_route=\/wp\/v2\/posts"}],"about":[{"href":"https:\/\/diariodominicano.com\/index.php?rest_route=\/wp\/v2\/types\/post"}],"author":[{"embeddable":true,"href":"https:\/\/diariodominicano.com\/index.php?rest_route=\/wp\/v2\/users\/3"}],"replies":[{"embeddable":true,"href":"https:\/\/diariodominicano.com\/index.php?rest_route=%2Fwp%2Fv2%2Fcomments&post=218764"}],"version-history":[{"count":0,"href":"https:\/\/diariodominicano.com\/index.php?rest_route=\/wp\/v2\/posts\/218764\/revisions"}],"wp:attachment":[{"href":"https:\/\/diariodominicano.com\/index.php?rest_route=%2Fwp%2Fv2%2Fmedia&parent=218764"}],"wp:term":[{"taxonomy":"category","embeddable":true,"href":"https:\/\/diariodominicano.com\/index.php?rest_route=%2Fwp%2Fv2%2Fcategories&post=218764"},{"taxonomy":"post_tag","embeddable":true,"href":"https:\/\/diariodominicano.com\/index.php?rest_route=%2Fwp%2Fv2%2Ftags&post=218764"}],"curies":[{"name":"wp","href":"https:\/\/api.w.org\/{rel}","templated":true}]}}