{"id":218763,"date":"2016-04-25T17:19:21","date_gmt":"2016-04-25T17:19:21","guid":{"rendered":"http:\/\/diariodominicano.ddns.net\/?p=218763"},"modified":"2016-04-25T17:19:21","modified_gmt":"2016-04-25T17:19:21","slug":"embajador-jose-tomas-perez-apertura-el-programa-lideres-visitantes-con-graduandos-del-inesdyc","status":"publish","type":"post","link":"https:\/\/diariodominicano.com\/?p=218763","title":{"rendered":"Embajador Jos\u00e9 Tom\u00e1s P\u00e9rez apertura el \u00abPrograma L\u00edderes  Visitantes\u00bb con graduandos del INESDYC."},"content":{"rendered":"<p><body><\/p>\n<p><img decoding=\"async\" src=\"img3\/IMG_1965.JPG\" \/>  <\/p>\n<\/p>\n<p><span class=\"text1noticias\">Washington, DC., 25 de abril.-El Embajador dominicano en Washington, Jos\u00e9 Tom\u00e1s P\u00e9rez, dej\u00f3 abierta una nueva entrega del \u00abPrograma L\u00edderes Visitantes\u00bb de la Embajada de la Rep\u00fablica Dominicana en los Estados Unidos de Am\u00e9rica, con la participaci\u00f3n de 33 graduandos de la maestr\u00eda en Formaci\u00f3n Diplom\u00e1tica y Consular del Instituto de Educaci\u00f3n Superior en Formaci\u00f3n Diplom\u00e1tica y Consular \u00abDr. Eduardo Latorre Rodr\u00edguez\u00bb (INESDYC), del Ministerio de Relaciones Exteriores (MIREX). <\/span><\/p>\n<\/p>\n<p><span class=\"text1noticias\">El evento acad\u00e9mico cont\u00f3 con la presencia del Embajador Reynaldo Espinal, Rector del INESDyC, y otras autoridades de la Canciller\u00eda dominicana, tales como el Embajador Jorge Santiago, la Embajadora Iris Lara, y el Se\u00f1or Rafael Mart\u00e9, Director de Planificaci\u00f3n y Desarrollo de esta instituci\u00f3n acad\u00e9mica.<\/span><\/p>\n<\/p>\n<p><span class=\"text1noticias\">En sus palabras de apertura el Embajador Jos\u00e9 Tom\u00e1s P\u00e9rez expres\u00f3 \u00abes un orgullo dejar abierta esta nueva entrega del Programa L\u00edderes Visitantes con un grupo tan especial, que marca sin dudas un antes y un despu\u00e9s en el importante y necesario proceso de profesionalizaci\u00f3n del cuerpo diplom\u00e1tico dominicano\u00bb. Asimismo, dijo que cada uno de los participantes contaba con talentos excepcionales, que espera sean potenciados con esta experiencia acad\u00e9mico-profesional \u00ables exhortamos a aprovechar esta experiencia para crear redes de conexi\u00f3n en esta capital, que sienten las bases de relaciones de cooperaci\u00f3n y colaboraci\u00f3n entre ambos pa\u00edses. En las manos de ustedes est\u00e1n las grandes transformaciones que requiere nuestra Rep\u00fablica Dominicana para alcanzar el nivel de desarrollo econ\u00f3mico y social que todos anhelamos\u00bb.<\/span><\/p>\n<\/p>\n<p><span class=\"text1noticias\">El Rector del INESDyC se refiri\u00f3 a la importancia de este grupo, quienes representan la primera promoci\u00f3n de diplom\u00e1ticos formados especialmente para ejercer esta importante y delicada labor: \u00abeste grupo representa el camino de la profesionalizaci\u00f3n y de la formaci\u00f3n diplom\u00e1tica, pues tuvieron que pasar un concurso al que aplicaron m\u00e1s de 400 personas y luego recibieron una rigurosa formaci\u00f3n de dos a\u00f1os\u00bb.<\/span><\/p>\n<\/p>\n<p><span class=\"text1noticias\">El Programa L\u00edderes Visitantes forma parte de la Nueva Diplomacia Acad\u00e9mica implementada por el Embajador Jos\u00e9 Tom\u00e1s P\u00e9rez en Washington. Es una iniciativa concebida en consonancia con los objetivos del gobierno del Presidente Danilo Medina, acorde con la Estrategia Nacional de Desarrollo del pa\u00eds y con la Nueva Pol\u00edtica Exterior implementada por nuestro Ministerio de Relaciones Exteriores y el Honorable Se\u00f1or Canciller, Andr\u00e9s Navarro.<\/span><\/p>\n<\/p>\n<p><span class=\"text1noticias\">La iniciativa promueve el ejercicio \u00e9tico en los futuros l\u00edderes dominicanos, al tiempo que potencia sus capacidades de liderazgo humano y profesional, a trav\u00e9s de una intensa agenda de visitas con contenido acad\u00e9mico, y con perspectiva dominicana, que les permita tener una mayor comprensi\u00f3n sobre el funcionamiento de los importantes organismos internacionales con sede en la ciudad de Washington, incluyendo la Organizaci\u00f3n de Estados Americanos (OEA), el Banco Interamericano de Desarrollo (BID), el Banco Mundial (BM), el Fondo Monetario Internacional (FMI), as\u00ed como instituciones como la Casa Blanca, el Departamento de Estado, el Congreso, la Suprema Corte de Justicia, Homeland Security, Georgetown University, entre otras.<\/span><\/p>\n<\/p>\n<p><span class=\"text1noticias\">El Embajador Jos\u00e9 Tom\u00e1s P\u00e9rez ha convertido la educaci\u00f3n en una de las prioridades de su gesti\u00f3n, y con esta iniciativa promueve el ejercicio \u00e9tico en los futuros l\u00edderes dominicanos.<\/span><\/p>\n<\/p>\n<h6> 2016-04-25 17:19:21 <\/h6>\n<p><!--\n<link rel=\"stylesheet\" href=\"css\/bootstrap.min.css\">\n\n\n<ul class=\"pagination\">\n\t    \n\t\n\n<li >\n\t<a href='?page_no=13151'>Previous<\/a>\n\t<\/li>\n\n\n       \n    \n\n<li><a href='?page_no=1'>1<\/a><\/li>\n\n\n\n<li><a href='?page_no=2'>2<\/a><\/li>\n\n\n\n<li><a>...<\/a><\/li>\n\n\n\n<li><a href='?page_no=13150'>13150<\/a><\/li>\n\n\n\n<li><a href='?page_no=13151'>13151<\/a><\/li>\n\n\n\n<li class='active'><a>13152<\/a><\/li>\n\n\n\n<li><a href='?page_no=13153'>13153<\/a><\/li>\n\n\n\n<li><a href='?page_no=13154'>13154<\/a><\/li>\n\n\n\n<li><a>...<\/a><\/li>\n\n\n\n<li><a href='?page_no=56169'>56169<\/a><\/li>\n\n\n\n<li><a href='?page_no=56170'>56170<\/a><\/li>\n\n    \n\t\n\n<li >\n\t<a href='?page_no=13153'>Next<\/a>\n\t<\/li>\n\n\n    \n\n<li><a href='?page_no=56170'>Last &rsaquo;&rsaquo;<\/a><\/li>\n\n<\/ul>\n\n\n--><br \/>\n<\/body><\/p>\n","protected":false},"excerpt":{"rendered":"<p>Washington, DC., 25 de abril.-El Embajador dominicano en Washington, Jos\u00e9 Tom\u00e1s P\u00e9rez, dej\u00f3 abierta una nueva entrega del \u00abPrograma L\u00edderes Visitantes\u00bb de la Embajada de la Rep\u00fablica Dominicana en los Estados Unidos de Am\u00e9rica, con la participaci\u00f3n de 33 graduandos de la maestr\u00eda en Formaci\u00f3n Diplom\u00e1tica y Consular del Instituto de Educaci\u00f3n Superior en Formaci\u00f3n [&hellip;]<\/p>\n","protected":false},"author":3,"featured_media":0,"comment_status":"open","ping_status":"open","sticky":false,"template":"","format":"standard","meta":{"footnotes":""},"categories":[20],"tags":[],"class_list":["post-218763","post","type-post","status-publish","format-standard","hentry","category-dominicana-hoy"],"_links":{"self":[{"href":"https:\/\/diariodominicano.com\/index.php?rest_route=\/wp\/v2\/posts\/218763","targetHints":{"allow":["GET"]}}],"collection":[{"href":"https:\/\/diariodominicano.com\/index.php?rest_route=\/wp\/v2\/posts"}],"about":[{"href":"https:\/\/diariodominicano.com\/index.php?rest_route=\/wp\/v2\/types\/post"}],"author":[{"embeddable":true,"href":"https:\/\/diariodominicano.com\/index.php?rest_route=\/wp\/v2\/users\/3"}],"replies":[{"embeddable":true,"href":"https:\/\/diariodominicano.com\/index.php?rest_route=%2Fwp%2Fv2%2Fcomments&post=218763"}],"version-history":[{"count":0,"href":"https:\/\/diariodominicano.com\/index.php?rest_route=\/wp\/v2\/posts\/218763\/revisions"}],"wp:attachment":[{"href":"https:\/\/diariodominicano.com\/index.php?rest_route=%2Fwp%2Fv2%2Fmedia&parent=218763"}],"wp:term":[{"taxonomy":"category","embeddable":true,"href":"https:\/\/diariodominicano.com\/index.php?rest_route=%2Fwp%2Fv2%2Fcategories&post=218763"},{"taxonomy":"post_tag","embeddable":true,"href":"https:\/\/diariodominicano.com\/index.php?rest_route=%2Fwp%2Fv2%2Ftags&post=218763"}],"curies":[{"name":"wp","href":"https:\/\/api.w.org\/{rel}","templated":true}]}}