{"id":218762,"date":"2016-04-25T17:45:38","date_gmt":"2016-04-25T17:45:38","guid":{"rendered":"http:\/\/diariodominicano.ddns.net\/?p=218762"},"modified":"2016-04-25T17:45:38","modified_gmt":"2016-04-25T17:45:38","slug":"guatemala-aplicara-sistema-de-administracion-de-subsidios-de-la-republica-dominicana-2","status":"publish","type":"post","link":"https:\/\/diariodominicano.com\/?p=218762","title":{"rendered":"Guatemala aplicar\u00e1 sistema de administraci\u00f3n de subsidios de la Rep\u00fablica Dominicana"},"content":{"rendered":"<p><body><\/p>\n<\/p>\n<p><span class=\"text1noticias\">Santo Domingo. RD., 25 de abril.- Representantes de diversas instituciones de la Rep\u00fablica de Guatemala visitaron la sede de la Administradora de Subsidios Sociales (Adess) para conocer y documentar los procesos de ejecuci\u00f3n de los subsidios que otorga el Gobierno dominicano, con el inter\u00e9s de replicar este modelo de gesti\u00f3n en su pa\u00eds.<\/span><\/p>\n<\/p>\n<p><span class=\"text1noticias\">La Adess es una instituci\u00f3n adscrita al Gabinete de Coordinaci\u00f3n de Pol\u00edticas Sociales que dirige la vicepresidenta de la Rep\u00fablica, doctora Margarita Cede\u00f1o.<\/span><\/p>\n<\/p>\n<p><span class=\"text1noticias\">La delegaci\u00f3n de la naci\u00f3n centroamericana fue recibida por el director de Adess, licenciado Ram\u00f3n Gonz\u00e1lez Paulino, quien explic\u00f3 a la comitiva el funcionamiento institucional y la transversalidad entre las instituciones que conforman el Gabinete de Coordinaci\u00f3n de Pol\u00edticas Sociales para la ejecuci\u00f3n de los subsidios.<\/span><\/p>\n<\/p>\n<p><span class=\"text1noticias\">Durante la presentaci\u00f3n, los visitantes conocieron el funcionamiento del medio de pago, el proceso de afiliaci\u00f3n de comercios adheridos a la Red de Abastecimiento Social (RAS); el m\u00e9todo de transacci\u00f3n, la elaboraci\u00f3n de la n\u00f3mina de pagos, la supervisi\u00f3n y las herramientas que utiliza para el control del riesgo y las plataformas de operaci\u00f3n.<\/span><\/p>\n<\/p>\n<p><span class=\"text1noticias\">El titular de la Adess tambi\u00e9n dio a conocer la estructura organizacional y responsabilidades de la instituci\u00f3n, el proceso de elecci\u00f3n de participantes de los programas sociales, la tipolog\u00eda y particularidades de los subsidios y las buenas pr\u00e1cticas que han consolidado al programa de transferencias monetarias condicionadas (TMC) como un modelo replicable en otros pa\u00edses. <\/span><\/p>\n<\/p>\n<p><span class=\"text1noticias\">La comisi\u00f3n estuvo compuesta por el Ministerio de Desarrollo Social, el Banco Industrial, el Banco Promerica, el Banco de Desarrollo Rural, el Banco de Cr\u00e9dito Hipotecario Nacional y la compa\u00f1\u00eda Visanet del referido pa\u00eds, as\u00ed como representantes de Visa Internacional. <\/span><\/p>\n<\/p>\n<p><span class=\"text1noticias\">Durante su gesti\u00f3n, la Vicepresidenta Margarita Cede\u00f1o ha impulsado el modelo dominicano de protecci\u00f3n social en todo el continente, destac\u00e1ndose por su transparencia y mejora continua, lo que ha propiciado que muchos pa\u00edses se interesen en conocer la experiencia dominicana.<\/span><\/p>\n<h6> 2016-04-25 17:45:38 <\/h6>\n<p><!--\n<link rel=\"stylesheet\" href=\"css\/bootstrap.min.css\">\n\n\n<ul class=\"pagination\">\n\t    \n\t\n\n<li >\n\t<a href='?page_no=13150'>Previous<\/a>\n\t<\/li>\n\n\n       \n    \n\n<li><a href='?page_no=1'>1<\/a><\/li>\n\n\n\n<li><a href='?page_no=2'>2<\/a><\/li>\n\n\n\n<li><a>...<\/a><\/li>\n\n\n\n<li><a href='?page_no=13149'>13149<\/a><\/li>\n\n\n\n<li><a href='?page_no=13150'>13150<\/a><\/li>\n\n\n\n<li class='active'><a>13151<\/a><\/li>\n\n\n\n<li><a href='?page_no=13152'>13152<\/a><\/li>\n\n\n\n<li><a href='?page_no=13153'>13153<\/a><\/li>\n\n\n\n<li><a>...<\/a><\/li>\n\n\n\n<li><a href='?page_no=56169'>56169<\/a><\/li>\n\n\n\n<li><a href='?page_no=56170'>56170<\/a><\/li>\n\n    \n\t\n\n<li >\n\t<a href='?page_no=13152'>Next<\/a>\n\t<\/li>\n\n\n    \n\n<li><a href='?page_no=56170'>Last &rsaquo;&rsaquo;<\/a><\/li>\n\n<\/ul>\n\n\n--><br \/>\n<\/body><\/p>\n","protected":false},"excerpt":{"rendered":"<p>Santo Domingo. RD., 25 de abril.- Representantes de diversas instituciones de la Rep\u00fablica de Guatemala visitaron la sede de la Administradora de Subsidios Sociales (Adess) para conocer y documentar los procesos de ejecuci\u00f3n de los subsidios que otorga el Gobierno dominicano, con el inter\u00e9s de replicar este modelo de gesti\u00f3n en su pa\u00eds. La Adess [&hellip;]<\/p>\n","protected":false},"author":3,"featured_media":0,"comment_status":"open","ping_status":"open","sticky":false,"template":"","format":"standard","meta":{"footnotes":""},"categories":[20],"tags":[],"class_list":["post-218762","post","type-post","status-publish","format-standard","hentry","category-dominicana-hoy"],"_links":{"self":[{"href":"https:\/\/diariodominicano.com\/index.php?rest_route=\/wp\/v2\/posts\/218762","targetHints":{"allow":["GET"]}}],"collection":[{"href":"https:\/\/diariodominicano.com\/index.php?rest_route=\/wp\/v2\/posts"}],"about":[{"href":"https:\/\/diariodominicano.com\/index.php?rest_route=\/wp\/v2\/types\/post"}],"author":[{"embeddable":true,"href":"https:\/\/diariodominicano.com\/index.php?rest_route=\/wp\/v2\/users\/3"}],"replies":[{"embeddable":true,"href":"https:\/\/diariodominicano.com\/index.php?rest_route=%2Fwp%2Fv2%2Fcomments&post=218762"}],"version-history":[{"count":0,"href":"https:\/\/diariodominicano.com\/index.php?rest_route=\/wp\/v2\/posts\/218762\/revisions"}],"wp:attachment":[{"href":"https:\/\/diariodominicano.com\/index.php?rest_route=%2Fwp%2Fv2%2Fmedia&parent=218762"}],"wp:term":[{"taxonomy":"category","embeddable":true,"href":"https:\/\/diariodominicano.com\/index.php?rest_route=%2Fwp%2Fv2%2Fcategories&post=218762"},{"taxonomy":"post_tag","embeddable":true,"href":"https:\/\/diariodominicano.com\/index.php?rest_route=%2Fwp%2Fv2%2Ftags&post=218762"}],"curies":[{"name":"wp","href":"https:\/\/api.w.org\/{rel}","templated":true}]}}