{"id":218759,"date":"2016-04-26T01:38:30","date_gmt":"2016-04-26T01:38:30","guid":{"rendered":"http:\/\/diariodominicano.ddns.net\/?p=218759"},"modified":"2016-04-26T01:38:30","modified_gmt":"2016-04-26T01:38:30","slug":"realizan-encuentro-con-artesanos-para-integrarlos-en-las-actividades-de-celac-y-oea","status":"publish","type":"post","link":"https:\/\/diariodominicano.com\/?p=218759","title":{"rendered":"Realizan encuentro con artesanos para integrarlos en las actividades de CELAC y OEA"},"content":{"rendered":"<p><body><\/p>\n<p><img decoding=\"async\" src=\"img3\/navarro000.jpg\" \/><br \/><img decoding=\"async\" src=\"img3\/navarro03.jpg\" \/>  <\/p>\n<p><strong>SANTO DOMINGO, 25 de Abril de 2016.- <\/strong> El ministro de Relaciones Exteriores, arquitecto Andr\u00e9s Navarro, inici\u00f3 una nueva etapa del proceso de transparencia y apertura institucional que desarrolla la Canciller\u00eda, al participar en una reuni\u00f3n de contactos con artesanos y otros peque\u00f1os empresarios, organizada por la Direcci\u00f3n General de Contrataciones P\u00fablicas (DGCC), con el objetivo de conocer sus creaciones y productos, a los fines de que puedan ser potenciales suplidores para los diversos eventos de la agenda internacional del pa\u00eds. Igualmente se prev\u00e9 la participaci\u00f3n de los artesanos en exposiciones de sus creaciones, como expresi\u00f3n de la cultura dominicana en las actividades de la Presidencia Pro T\u00e9mpore de la Comunidad de Estados Latinoamericanos y del Caribe (PPT-CELAC), que ostenta el pa\u00eds.<\/p>\n<\/p>\n<p>Durante un largo recorrido por la exposici\u00f3n denominada \u00abB\u00fasqueda de Sectores Productivos, Artesanos, Mirex 2016\u00bb, Navarro estuvo acompa\u00f1ado de la directora de la DGCC, doctora Yocasta Guzm\u00e1n, escenario donde exhort\u00f3 a los expositores artesanales participantes, provenientes de distintas regiones del pa\u00eds, a elaborar sus productos resaltando las caracter\u00edsticas que m\u00e1s expresen la cultura dominicana, de modo que tengan el mayor atractivo para  los visitantes que vendr\u00e1n a todas las actividades que se realizar\u00e1n en el pa\u00eds durante el a\u00f1o en curso e inicio del entrante.<\/p>\n<\/p>\n<p>\u00abEsta actividad representa una valios\u00edsima oportunidad pues servir\u00e1 al Ministerio de Relaciones Exteriores para conocer las ofertas artesanales que tiene el pa\u00eds y en el proceso de adquisiciones que tenemos abrir la participaci\u00f3n a estos productores, a fin de poder ofrecer los mejores presentes a nuestros visitantes, como  expresi\u00f3n de nuestra cultura\u00bb, declar\u00f3 Navarro al encabezar la exposici\u00f3n junto a Guzm\u00e1n, en el marco del programa de actividades de la programaci\u00f3n de CELAC.?<\/p>\n<\/p>\n<p>Asimismo, Navarro resalt\u00f3 que se trata de una clara voluntad del presidente Medina de contribuir al desarrollo y la promoci\u00f3n de los artesanos de manera equitativa y transparente, apegado a la normativa relativa a las compras gubernamentales.<\/p>\n<\/p>\n<p>El funcionario puntualiz\u00f3 que los art\u00edculos elaborados por los artesanos deber\u00e1n tener como caracter\u00edstica principal, ser representativos de la cultura de la Rep\u00fablica Dominicana, \u00abpues ser\u00e1n la cara de la naci\u00f3n ante todos los hermanos delegados que vendr\u00e1n al pa\u00eds para las distintas actividades internacionales que est\u00e1n programadas tanto en la PPT-CELAC como durante la celebraci\u00f3n de la Cuadrag\u00e9sima-Sexta Asamblea Anual de la Organizaci\u00f3n de Estados Americanos (OEA)\u00bb.<\/p>\n<\/p>\n<p>Explic\u00f3 que con ese tipo de contacto con los fabricantes de artesan\u00edas nacionales, la Canciller\u00eda busca ir de la mano con todos los productores nacionales, especialmente microempresarios emprendedores, quienes dar\u00e1n una diversidad de ofertas para vender a la Rep\u00fablica Dominicana a trav\u00e9s de su expresi\u00f3n cultural.<\/p>\n<\/p>\n<p>Indic\u00f3 que durante la celebraci\u00f3n de las m\u00faltiples actividades de la PPT-CELAC en lo que resta de este a\u00f1o y principio de enero del 2017, adem\u00e1s de la Asamblea de la OEA programada para junio pr\u00f3ximo,  visitar\u00e1n el pa\u00eds alrededor de 10,000 funcionarios gubernamentales, empresarios, periodistas y otras personalidades que podr\u00edan interesarse en adquirirlos para llevarlos a sus respectivas naciones.<\/p>\n<\/p>\n<p>\u00abAnte maravillosa oportunidad, les exhorto a elaborar productos de calidad, originales, duraderos, sin mucho peso y, sobre todo, que contengan aspectos de la idiosincrasia del pueblo dominicano, porque nosotros somos m\u00e1s que playa, arena y mar\u00bb, asever\u00f3 Navarro.<\/p>\n<\/p>\n<p>De su lado, la doctora Guzm\u00e1n agradeci\u00f3 al canciller Navarro por su disposici\u00f3n de colaborar con la DGCC, aprovechando todas las actividades internacionales que se realizar\u00e1n en el pa\u00eds.<\/p>\n<\/p>\n<p>\u00abEl ministro Navarro ha o\u00eddo con muy buena voluntad que podemos vincular los proveedores dominicanos, en este caso los artesanos y artesanas, a todas las actividades que realice la Canciller\u00eda, de acuerdo con la pol\u00edtica que tiene el presidente Medina desde el inicio de la actual gesti\u00f3n\u00bb, destac\u00f3 la funcionaria.<\/p>\n<\/p>\n<p>Sostuvo que el mandatario ha querido vincular las compras p\u00fablicas al desarrollo de  los sectores productivos y que el ministro Navarro \u00abha mostrado total apertura a esta iniciativa, en la b\u00fasqueda de oportunidades para los artesanos dominicanos.<\/p>\n<\/p>\n<p>Durante la exposici\u00f3n, los artesanos presentes mostraron entusiasmo con la organizaci\u00f3n de la exposici\u00f3n y dijeron  estar muy contentos por este tipo de iniciativas del gobierno, y en el mismo exhibieron mu\u00f1ecas, accesorios, llaveros, portamonedas, cuadros con im\u00e1genes religiosas, portarretratos, entre otros art\u00edculos fabricados con distintos tipos de materiales como madera, pedazos de palos recogidos en las playas, j\u00edcaras de coco, barro, conchas marinas, pieles, \u00e1mbar, larimar, entre otros.<\/p>\n<h6> 2016-04-26 01:38:30 <\/h6>\n<p><!--\n<link rel=\"stylesheet\" href=\"css\/bootstrap.min.css\">\n\n\n<ul class=\"pagination\">\n\t    \n\t\n\n<li >\n\t<a href='?page_no=13148'>Previous<\/a>\n\t<\/li>\n\n\n       \n    \n\n<li><a href='?page_no=1'>1<\/a><\/li>\n\n\n\n<li><a href='?page_no=2'>2<\/a><\/li>\n\n\n\n<li><a>...<\/a><\/li>\n\n\n\n<li><a href='?page_no=13147'>13147<\/a><\/li>\n\n\n\n<li><a href='?page_no=13148'>13148<\/a><\/li>\n\n\n\n<li class='active'><a>13149<\/a><\/li>\n\n\n\n<li><a href='?page_no=13150'>13150<\/a><\/li>\n\n\n\n<li><a href='?page_no=13151'>13151<\/a><\/li>\n\n\n\n<li><a>...<\/a><\/li>\n\n\n\n<li><a href='?page_no=56169'>56169<\/a><\/li>\n\n\n\n<li><a href='?page_no=56170'>56170<\/a><\/li>\n\n    \n\t\n\n<li >\n\t<a href='?page_no=13150'>Next<\/a>\n\t<\/li>\n\n\n    \n\n<li><a href='?page_no=56170'>Last &rsaquo;&rsaquo;<\/a><\/li>\n\n<\/ul>\n\n\n--><br \/>\n<\/body><\/p>\n","protected":false},"excerpt":{"rendered":"<p>SANTO DOMINGO, 25 de Abril de 2016.- El ministro de Relaciones Exteriores, arquitecto Andr\u00e9s Navarro, inici\u00f3 una nueva etapa del proceso de transparencia y apertura institucional que desarrolla la Canciller\u00eda, al participar en una reuni\u00f3n de contactos con artesanos y otros peque\u00f1os empresarios, organizada por la Direcci\u00f3n General de Contrataciones P\u00fablicas (DGCC), con el objetivo [&hellip;]<\/p>\n","protected":false},"author":3,"featured_media":0,"comment_status":"open","ping_status":"open","sticky":false,"template":"","format":"standard","meta":{"footnotes":""},"categories":[20],"tags":[],"class_list":["post-218759","post","type-post","status-publish","format-standard","hentry","category-dominicana-hoy"],"_links":{"self":[{"href":"https:\/\/diariodominicano.com\/index.php?rest_route=\/wp\/v2\/posts\/218759","targetHints":{"allow":["GET"]}}],"collection":[{"href":"https:\/\/diariodominicano.com\/index.php?rest_route=\/wp\/v2\/posts"}],"about":[{"href":"https:\/\/diariodominicano.com\/index.php?rest_route=\/wp\/v2\/types\/post"}],"author":[{"embeddable":true,"href":"https:\/\/diariodominicano.com\/index.php?rest_route=\/wp\/v2\/users\/3"}],"replies":[{"embeddable":true,"href":"https:\/\/diariodominicano.com\/index.php?rest_route=%2Fwp%2Fv2%2Fcomments&post=218759"}],"version-history":[{"count":0,"href":"https:\/\/diariodominicano.com\/index.php?rest_route=\/wp\/v2\/posts\/218759\/revisions"}],"wp:attachment":[{"href":"https:\/\/diariodominicano.com\/index.php?rest_route=%2Fwp%2Fv2%2Fmedia&parent=218759"}],"wp:term":[{"taxonomy":"category","embeddable":true,"href":"https:\/\/diariodominicano.com\/index.php?rest_route=%2Fwp%2Fv2%2Fcategories&post=218759"},{"taxonomy":"post_tag","embeddable":true,"href":"https:\/\/diariodominicano.com\/index.php?rest_route=%2Fwp%2Fv2%2Ftags&post=218759"}],"curies":[{"name":"wp","href":"https:\/\/api.w.org\/{rel}","templated":true}]}}