{"id":218758,"date":"2016-04-26T12:17:43","date_gmt":"2016-04-26T12:17:43","guid":{"rendered":"http:\/\/diariodominicano.ddns.net\/?p=218758"},"modified":"2016-04-26T12:17:43","modified_gmt":"2016-04-26T12:17:43","slug":"nueva-uci-hospital-nuestra-senora-de-regla-amplia-oferta-camas","status":"publish","type":"post","link":"https:\/\/diariodominicano.com\/?p=218758","title":{"rendered":"Nueva UCI hospital Nuestra Se\u00f1ora de Regla ampl\u00eda oferta camas"},"content":{"rendered":"<p><body><\/p>\n<p><img decoding=\"async\" src=\"img3\/Cana2_c.jpg\" \/><br \/><img decoding=\"async\" src=\"img3\/Hospital.jpg\" \/>  <\/p>\n<p><span class=\"text1noticias\">Ban\u00ed, provincia Peravia, R. D., 26 de abril.- Los habitantes de esta provincia y otras de la regi\u00f3n Sur disponen de 4 camas m\u00e1s para la atenci\u00f3n de pacientes cr\u00edticos adultos, con la puesta en servicio de la Unidad de Cuidados Intensivos del hospital Nuestra Se\u00f1ora de Regla, en Ban\u00ed.<\/span><\/p>\n<p><span class=\"text1noticias\"> <\/span><\/p>\n<p><span class=\"text1noticias\">De acuerdo con el director del Servicio Nacional Salud (SNS), Ram\u00f3n Alvarado Mendoza, con la inauguraci\u00f3n de la UCI se disminuir\u00e1 el env\u00edo de pacientes de las regiones de Salud 1, 4 y 6 del pa\u00eds, al hospital Marcelino V\u00e9lez Santana de la capital.<\/span><\/p>\n<p><span class=\"text1noticias\"> <\/span><\/p>\n<p><span class=\"text1noticias\">Equipamiento adecuado<\/span><\/p>\n<p><span class=\"text1noticias\"> <\/span><\/p>\n<p><span class=\"text1noticias\">Ponder\u00f3 que el SNS suma cuatro nuevas camas, equipadas con oxigeno central, cuatro ventiladores, un desfibrilador, dos aspiradores, una m\u00e1quina de gases arteriales y cuatro bombas de infusi\u00f3n de cuatro salidas.<\/span><\/p>\n<p><span class=\"text1noticias\"> <\/span><\/p>\n<p><span class=\"text1noticias\">Con esta Unidad, el hospital Nuestra Se\u00f1ora de Regla, que pertenece a la Regi\u00f3n I Valdesia, permitir\u00e1 ingresar pacientes afectados con el S\u00edndrome de Guillain Barr\u00e9, provenientes de las provincias Peravia, San Jos\u00e9 de Ocoa, Barahona, Pedernales, Independencia, Bahoruco, Azua, San Juan y El\u00edas Pi\u00f1a.<\/span><\/p>\n<p><span class=\"text1noticias\"> <\/span><\/p>\n<p><span class=\"text1noticias\">Personal calificado<\/span><\/p>\n<p><span class=\"text1noticias\"> <\/span><\/p>\n<p><span class=\"text1noticias\">La Unidad contar\u00e1 con un personal calificado para atender las situaciones de crisis que se presenten.<\/span><\/p>\n<p><span class=\"text1noticias\">\u00abEstas cuatro camas que estamos poniendo aqu\u00ed son para salvar vidas y a partir de hoy el hospital Nuestra Se\u00f1ora de Regla adquiere una categor\u00eda diferente\u00bb, puntualiz\u00f3.<\/span><\/p>\n<p><span class=\"text1noticias\"> <\/span><\/p>\n<p><span class=\"text1noticias\"> <\/span><\/p>\n<p><span class=\"text1noticias\"> <\/span><\/p>\n<p><span class=\"text1noticias\">Asesorados por OPS<\/span><\/p>\n<p><span class=\"text1noticias\"> <\/span><\/p>\n<p><span class=\"text1noticias\">Alvarado Mendoza explic\u00f3 que desde la entrada del virus del zika al pa\u00eds, la instituci\u00f3n que dirige recibe asesoramiento t\u00e9cnico de la Organizaci\u00f3n Panamericana de la Salud (OPS), visita de especialistas expertos internacionales en el tema, acompa\u00f1amiento y capacitaciones al personal de salud, sobre el virus y sus complicaciones neurol\u00f3gicas.<\/span><\/p>\n<p><span class=\"text1noticias\"> <\/span><\/p>\n<p><span class=\"text1noticias\">En ese sentido indic\u00f3, que se han estado readecuando y conformando Unidades de Cuidados Intensivos con el equipamiento adecuado para que est\u00e9n disponibles para el recibimiento de pacientes con complicaciones neurol\u00f3gicas por este virus y se le pueda brindar un servicio oportuno en el menor tiempo posible como lo ameritan las gu\u00edas de manejo de complicaciones neu<\/span>rol\u00f3gicas.<\/p>\n<h6> 2016-04-26 12:17:43 <\/h6>\n<p><!--\n<link rel=\"stylesheet\" href=\"css\/bootstrap.min.css\">\n\n\n<ul class=\"pagination\">\n\t    \n\t\n\n<li >\n\t<a href='?page_no=13147'>Previous<\/a>\n\t<\/li>\n\n\n       \n    \n\n<li><a href='?page_no=1'>1<\/a><\/li>\n\n\n\n<li><a href='?page_no=2'>2<\/a><\/li>\n\n\n\n<li><a>...<\/a><\/li>\n\n\n\n<li><a href='?page_no=13146'>13146<\/a><\/li>\n\n\n\n<li><a href='?page_no=13147'>13147<\/a><\/li>\n\n\n\n<li class='active'><a>13148<\/a><\/li>\n\n\n\n<li><a href='?page_no=13149'>13149<\/a><\/li>\n\n\n\n<li><a href='?page_no=13150'>13150<\/a><\/li>\n\n\n\n<li><a>...<\/a><\/li>\n\n\n\n<li><a href='?page_no=56169'>56169<\/a><\/li>\n\n\n\n<li><a href='?page_no=56170'>56170<\/a><\/li>\n\n    \n\t\n\n<li >\n\t<a href='?page_no=13149'>Next<\/a>\n\t<\/li>\n\n\n    \n\n<li><a href='?page_no=56170'>Last &rsaquo;&rsaquo;<\/a><\/li>\n\n<\/ul>\n\n\n--><br \/>\n<\/body><\/p>\n","protected":false},"excerpt":{"rendered":"<p>Ban\u00ed, provincia Peravia, R. D., 26 de abril.- Los habitantes de esta provincia y otras de la regi\u00f3n Sur disponen de 4 camas m\u00e1s para la atenci\u00f3n de pacientes cr\u00edticos adultos, con la puesta en servicio de la Unidad de Cuidados Intensivos del hospital Nuestra Se\u00f1ora de Regla, en Ban\u00ed. De acuerdo con el director [&hellip;]<\/p>\n","protected":false},"author":3,"featured_media":0,"comment_status":"open","ping_status":"open","sticky":false,"template":"","format":"standard","meta":{"footnotes":""},"categories":[20],"tags":[],"class_list":["post-218758","post","type-post","status-publish","format-standard","hentry","category-dominicana-hoy"],"_links":{"self":[{"href":"https:\/\/diariodominicano.com\/index.php?rest_route=\/wp\/v2\/posts\/218758","targetHints":{"allow":["GET"]}}],"collection":[{"href":"https:\/\/diariodominicano.com\/index.php?rest_route=\/wp\/v2\/posts"}],"about":[{"href":"https:\/\/diariodominicano.com\/index.php?rest_route=\/wp\/v2\/types\/post"}],"author":[{"embeddable":true,"href":"https:\/\/diariodominicano.com\/index.php?rest_route=\/wp\/v2\/users\/3"}],"replies":[{"embeddable":true,"href":"https:\/\/diariodominicano.com\/index.php?rest_route=%2Fwp%2Fv2%2Fcomments&post=218758"}],"version-history":[{"count":0,"href":"https:\/\/diariodominicano.com\/index.php?rest_route=\/wp\/v2\/posts\/218758\/revisions"}],"wp:attachment":[{"href":"https:\/\/diariodominicano.com\/index.php?rest_route=%2Fwp%2Fv2%2Fmedia&parent=218758"}],"wp:term":[{"taxonomy":"category","embeddable":true,"href":"https:\/\/diariodominicano.com\/index.php?rest_route=%2Fwp%2Fv2%2Fcategories&post=218758"},{"taxonomy":"post_tag","embeddable":true,"href":"https:\/\/diariodominicano.com\/index.php?rest_route=%2Fwp%2Fv2%2Ftags&post=218758"}],"curies":[{"name":"wp","href":"https:\/\/api.w.org\/{rel}","templated":true}]}}