{"id":218754,"date":"2016-04-26T16:06:31","date_gmt":"2016-04-26T16:06:31","guid":{"rendered":"http:\/\/diariodominicano.ddns.net\/?p=218754"},"modified":"2016-04-26T16:06:31","modified_gmt":"2016-04-26T16:06:31","slug":"la-asociacion-dominicana-de-rehabilitacion-filial-de-guerra-da-primer-picazo-para-construccion-de-local","status":"publish","type":"post","link":"https:\/\/diariodominicano.com\/?p=218754","title":{"rendered":"La Asociaci\u00f3n Dominicana de Rehabilitaci\u00f3n Filial de Guerra da primer Picazo para construcci\u00f3n de  local&#13;"},"content":{"rendered":"<p><body><\/p>\n<p><img decoding=\"async\" src=\"img3\/DICAPACITADO.jpg 2.jpg\" \/>  <\/p>\n<p><span class=\"text1noticias\"> <\/span><\/p>\n<p><span class=\"text1noticias\"> <\/span><\/p>\n<\/p>\n<p><span class=\"text1noticias\">Santo Domingo. RD., 26 de abril.-Guerra: La Junta Directiva de Rehabilitaci\u00f3n, Filial de Guerra, di\u00f3 el primer picazo  para la construcci\u00f3n  de su propio local en la comunidad en el municipio de Guerra, La finalidad es  ofrecer los servicios en una moderna y espaciosa instalaci\u00f3n, en pos de mejorar la calidad de las atenciones brindadas a los usuarios.<\/span><\/p>\n<p><span class=\"text1noticias\">  <\/span><\/p>\n<p><span class=\"text1noticias\"> <\/span><\/p>\n<\/p>\n<p><span class=\"text1noticias\">El director Ejecutivo  de la entidad, Arturo P\u00e9rez Gavi\u00f1o se refiri\u00f3 a las razones que impulsan a Rehabilitaci\u00f3n con este proyecto es  llevar sus servicios a toda la poblaci\u00f3n dominicana, a trav\u00e9s de las filiales que tiene la instituci\u00f3n en el territorio nacional. <\/span><\/p>\n<p><span class=\"text1noticias\"> <\/span><\/p>\n<\/p>\n<p><span class=\"text1noticias\">\u00abHemos afrontado el desaf\u00edo de ampliar nuestros servicios en las demarcaciones municipales y provinciales, con el objetivo de estar m\u00e1s cerca de las personas con discapacidad que necesiten nuestros servicios, a fin de que no tengan que trasladarse a otras ciudades para recibir los servicios de medicina de rehabilitaci\u00f3n, sino que puedan obtenerlo en su lugar de residencia. Debemos seguir generando ingresos que nos aporten autonom\u00eda, y que nos permitan llegar a aquellas comunidades que todav\u00eda nos faltan por alcanzar.<\/span><\/p>\n<p><span class=\"text1noticias\"> <\/span><\/p>\n<p><span class=\"text1noticias\"> <\/span><\/p>\n<\/p>\n<p><span class=\"text1noticias\">\u00abEste proyecto que hoy empieza a materializarse es gracias al esfuerzo de hombres, y de mujeres que han luchado para que sea una realidad; y as\u00ed poder ofrecer los servicios en una moderna y espaciosa instalaci\u00f3n, en pos de mejorar la calidad de las atenciones brindadas a los usuarios.\u00bb<\/span><\/p>\n<p><span class=\"text1noticias\"> <\/span><\/p>\n<\/p>\n<\/p>\n<p><span class=\"text1noticias\">De su lado  otro lado, la presidenta de la Junta Directiva de la filial, Am\u00e9lix Mart\u00ednez expres\u00f3 que esta construcci\u00f3n es una buena nueva para la localidad, debido a la demanda de los servicios por parte de la poblaci\u00f3n de la zona. <\/span><\/p>\n<p><span class=\"text1noticias\">Tambi\u00e9n, Mart\u00ednez agradeci\u00f3 al Ayuntamiento y al consejo de regidores del municipio de San Antonio de Guerra por haber donado los terrenos para construir el tan anhelado local. As\u00ed como a los empresarios locales y nacionales, en especial a Empresas Gildan Dominicana y a la Cooperativa en Progreso. <\/span><\/p>\n<p><span class=\"text1noticias\"> <\/span><\/p>\n<\/p>\n<p><span class=\"text1noticias\">El acto asistieron autoridades locales, tales como: La Alcaldesa Municipal, Martina Garc\u00eda, as\u00ed como tambi\u00e9n empresarios y colaboradores de la instituci\u00f3n.\u00b4<\/span><\/p>\n<p><span class=\"text1noticias\"> <\/span><\/p>\n<\/p>\n<p><span class=\"text1noticias\">La Asociaci\u00f3n Dominicana de Rehabilitaci\u00f3n  tiene m\u00e1s de ocho a\u00f1os en la comunidad de San Antonio de Guerra, funcionando en locales rentados, actualmente ofrece los servicios de fisiatr\u00eda, psicolog\u00eda, y psiquiatr\u00eda, as\u00ed como en las \u00e1reas de terapia f\u00edsica, terapia ocupacional; terapia del habla; intervenci\u00f3n temprana; Escuela de Educaci\u00f3n Especial; terapia conductual y terapia de aprendizaje a toda la poblaci\u00f3n de Guerra y a las comunidades aleda\u00f1a<\/span>s.<\/p>\n<\/p>\n<\/p>\n<h6> 2016-04-26 16:06:31 <\/h6>\n<p><!--\n<link rel=\"stylesheet\" href=\"css\/bootstrap.min.css\">\n\n\n<ul class=\"pagination\">\n\t    \n\t\n\n<li >\n\t<a href='?page_no=13143'>Previous<\/a>\n\t<\/li>\n\n\n       \n    \n\n<li><a href='?page_no=1'>1<\/a><\/li>\n\n\n\n<li><a href='?page_no=2'>2<\/a><\/li>\n\n\n\n<li><a>...<\/a><\/li>\n\n\n\n<li><a href='?page_no=13142'>13142<\/a><\/li>\n\n\n\n<li><a href='?page_no=13143'>13143<\/a><\/li>\n\n\n\n<li class='active'><a>13144<\/a><\/li>\n\n\n\n<li><a href='?page_no=13145'>13145<\/a><\/li>\n\n\n\n<li><a href='?page_no=13146'>13146<\/a><\/li>\n\n\n\n<li><a>...<\/a><\/li>\n\n\n\n<li><a href='?page_no=56169'>56169<\/a><\/li>\n\n\n\n<li><a href='?page_no=56170'>56170<\/a><\/li>\n\n    \n\t\n\n<li >\n\t<a href='?page_no=13145'>Next<\/a>\n\t<\/li>\n\n\n    \n\n<li><a href='?page_no=56170'>Last &rsaquo;&rsaquo;<\/a><\/li>\n\n<\/ul>\n\n\n--><br \/>\n<\/body><\/p>\n","protected":false},"excerpt":{"rendered":"<p>Santo Domingo. RD., 26 de abril.-Guerra: La Junta Directiva de Rehabilitaci\u00f3n, Filial de Guerra, di\u00f3 el primer picazo para la construcci\u00f3n de su propio local en la comunidad en el municipio de Guerra, La finalidad es ofrecer los servicios en una moderna y espaciosa instalaci\u00f3n, en pos de mejorar la calidad de las atenciones brindadas [&hellip;]<\/p>\n","protected":false},"author":3,"featured_media":0,"comment_status":"open","ping_status":"open","sticky":false,"template":"","format":"standard","meta":{"footnotes":""},"categories":[20],"tags":[],"class_list":["post-218754","post","type-post","status-publish","format-standard","hentry","category-dominicana-hoy"],"_links":{"self":[{"href":"https:\/\/diariodominicano.com\/index.php?rest_route=\/wp\/v2\/posts\/218754","targetHints":{"allow":["GET"]}}],"collection":[{"href":"https:\/\/diariodominicano.com\/index.php?rest_route=\/wp\/v2\/posts"}],"about":[{"href":"https:\/\/diariodominicano.com\/index.php?rest_route=\/wp\/v2\/types\/post"}],"author":[{"embeddable":true,"href":"https:\/\/diariodominicano.com\/index.php?rest_route=\/wp\/v2\/users\/3"}],"replies":[{"embeddable":true,"href":"https:\/\/diariodominicano.com\/index.php?rest_route=%2Fwp%2Fv2%2Fcomments&post=218754"}],"version-history":[{"count":0,"href":"https:\/\/diariodominicano.com\/index.php?rest_route=\/wp\/v2\/posts\/218754\/revisions"}],"wp:attachment":[{"href":"https:\/\/diariodominicano.com\/index.php?rest_route=%2Fwp%2Fv2%2Fmedia&parent=218754"}],"wp:term":[{"taxonomy":"category","embeddable":true,"href":"https:\/\/diariodominicano.com\/index.php?rest_route=%2Fwp%2Fv2%2Fcategories&post=218754"},{"taxonomy":"post_tag","embeddable":true,"href":"https:\/\/diariodominicano.com\/index.php?rest_route=%2Fwp%2Fv2%2Ftags&post=218754"}],"curies":[{"name":"wp","href":"https:\/\/api.w.org\/{rel}","templated":true}]}}