{"id":218753,"date":"2016-04-26T17:00:00","date_gmt":"2016-04-26T17:00:00","guid":{"rendered":"http:\/\/diariodominicano.ddns.net\/?p=218753"},"modified":"2016-04-26T17:00:00","modified_gmt":"2016-04-26T17:00:00","slug":"lidio-cadet-no-respondera-a-acusaciones-emitidas-por-ex-secretarios-de-educacion","status":"publish","type":"post","link":"https:\/\/diariodominicano.com\/?p=218753","title":{"rendered":"Lidio Cadet no responder\u00e1 a acusaciones emitidas por ex secretarios de educaci\u00f3n"},"content":{"rendered":"<p><body><\/p>\n<p><img decoding=\"async\" src=\"img3\/DSC_6133.JPG\" \/>  <\/p>\n<\/p>\n<\/p>\n<p><span class=\"text1noticias\">Santo Domingo. RD., 26 de abril.-En el d\u00eda de ayer, 25 de abril, varios pasados Secretarios de Educaci\u00f3n, miembros de organizaciones pol\u00edticas de oposici\u00f3n al gobierno nacional, emitieron una declaraci\u00f3n conjunta denostando al Plan Nacional de Alfabetizaci\u00f3n y haciendo una grave acusaci\u00f3n a mi persona al decir que durante el acto de certificaci\u00f3n del d\u00eda 16 de los corrientes, realic\u00e9 un montaje \u00abentreg\u00e1ndoles certificados de alfabetizados a un grupo de personas sin relaci\u00f3n alguna con el Programa Quisqueya Aprende Contigo\u00bb.<\/span><\/p>\n<\/p>\n<\/p>\n<p><span class=\"text1noticias\">Con relaci\u00f3n a este caso el gobierno anunci\u00f3 la creaci\u00f3n de una comisi\u00f3n independiente que incluye al sector empresarial, a la Iglesia Cat\u00f3lica (Conferencia del Episcopado Dominicano) y a la presidencia de la Asociaci\u00f3n de Universidades no Alineadas. Dicha comisi\u00f3n ha iniciado los trabajos, cuyos resultados entregar\u00e1 a la Junta Nacional de Alfabetizaci\u00f3n.<\/span><\/p>\n<\/p>\n<\/p>\n<p><span class=\"text1noticias\">A pesar de la gravedad de la acusaci\u00f3n en contra del Director de Programas Especiales de la Presidencia y Coordinador del Equipo T\u00e9cnico Nacional de Quisqueya Aprende Contigo, no creo oportuno dar respuesta a la misma, ya que al hacerlo podr\u00eda interferir en el proceso de investigaci\u00f3n que lleva a cabo la Comisi\u00f3n designada por el Ministro de la Presidencia, licenciado Gustavo Montalvo. Dicha comisi\u00f3n no ha sido objetada por ning\u00fan sector de la vida nacional, lo cual da muestras de su calidad e independencia.<\/span><\/p>\n<\/p>\n<p><span class=\"text1noticias\">De mi parte me voy a circunscribir a esperar los resultados del trabajo que esta comisi\u00f3n investigadora, entonces podr\u00e9 proceder a defender mi dignidad.<\/span><\/p>\n<h6> 2016-04-26 17:00:00 <\/h6>\n<p><!--\n<link rel=\"stylesheet\" href=\"css\/bootstrap.min.css\">\n\n\n<ul class=\"pagination\">\n\t    \n\t\n\n<li >\n\t<a href='?page_no=13142'>Previous<\/a>\n\t<\/li>\n\n\n       \n    \n\n<li><a href='?page_no=1'>1<\/a><\/li>\n\n\n\n<li><a href='?page_no=2'>2<\/a><\/li>\n\n\n\n<li><a>...<\/a><\/li>\n\n\n\n<li><a href='?page_no=13141'>13141<\/a><\/li>\n\n\n\n<li><a href='?page_no=13142'>13142<\/a><\/li>\n\n\n\n<li class='active'><a>13143<\/a><\/li>\n\n\n\n<li><a href='?page_no=13144'>13144<\/a><\/li>\n\n\n\n<li><a href='?page_no=13145'>13145<\/a><\/li>\n\n\n\n<li><a>...<\/a><\/li>\n\n\n\n<li><a href='?page_no=56169'>56169<\/a><\/li>\n\n\n\n<li><a href='?page_no=56170'>56170<\/a><\/li>\n\n    \n\t\n\n<li >\n\t<a href='?page_no=13144'>Next<\/a>\n\t<\/li>\n\n\n    \n\n<li><a href='?page_no=56170'>Last &rsaquo;&rsaquo;<\/a><\/li>\n\n<\/ul>\n\n\n--><br \/>\n<\/body><\/p>\n","protected":false},"excerpt":{"rendered":"<p>Santo Domingo. RD., 26 de abril.-En el d\u00eda de ayer, 25 de abril, varios pasados Secretarios de Educaci\u00f3n, miembros de organizaciones pol\u00edticas de oposici\u00f3n al gobierno nacional, emitieron una declaraci\u00f3n conjunta denostando al Plan Nacional de Alfabetizaci\u00f3n y haciendo una grave acusaci\u00f3n a mi persona al decir que durante el acto de certificaci\u00f3n del d\u00eda [&hellip;]<\/p>\n","protected":false},"author":3,"featured_media":0,"comment_status":"open","ping_status":"open","sticky":false,"template":"","format":"standard","meta":{"footnotes":""},"categories":[20],"tags":[],"class_list":["post-218753","post","type-post","status-publish","format-standard","hentry","category-dominicana-hoy"],"_links":{"self":[{"href":"https:\/\/diariodominicano.com\/index.php?rest_route=\/wp\/v2\/posts\/218753","targetHints":{"allow":["GET"]}}],"collection":[{"href":"https:\/\/diariodominicano.com\/index.php?rest_route=\/wp\/v2\/posts"}],"about":[{"href":"https:\/\/diariodominicano.com\/index.php?rest_route=\/wp\/v2\/types\/post"}],"author":[{"embeddable":true,"href":"https:\/\/diariodominicano.com\/index.php?rest_route=\/wp\/v2\/users\/3"}],"replies":[{"embeddable":true,"href":"https:\/\/diariodominicano.com\/index.php?rest_route=%2Fwp%2Fv2%2Fcomments&post=218753"}],"version-history":[{"count":0,"href":"https:\/\/diariodominicano.com\/index.php?rest_route=\/wp\/v2\/posts\/218753\/revisions"}],"wp:attachment":[{"href":"https:\/\/diariodominicano.com\/index.php?rest_route=%2Fwp%2Fv2%2Fmedia&parent=218753"}],"wp:term":[{"taxonomy":"category","embeddable":true,"href":"https:\/\/diariodominicano.com\/index.php?rest_route=%2Fwp%2Fv2%2Fcategories&post=218753"},{"taxonomy":"post_tag","embeddable":true,"href":"https:\/\/diariodominicano.com\/index.php?rest_route=%2Fwp%2Fv2%2Ftags&post=218753"}],"curies":[{"name":"wp","href":"https:\/\/api.w.org\/{rel}","templated":true}]}}