{"id":218752,"date":"2016-04-26T17:28:07","date_gmt":"2016-04-26T17:28:07","guid":{"rendered":"http:\/\/diariodominicano.ddns.net\/?p=218752"},"modified":"2016-04-26T17:28:07","modified_gmt":"2016-04-26T17:28:07","slug":"minerd-celebra-dia-internacional-de-las-ninas-en-las-tic","status":"publish","type":"post","link":"https:\/\/diariodominicano.com\/?p=218752","title":{"rendered":"MINERD celebra D\u00eda Internacional de las Ni\u00f1as  en  las TIC"},"content":{"rendered":"<p><body><\/p>\n<p><img decoding=\"async\" src=\"img3\/ACM_2450.JPG\" \/>  <\/p>\n<\/p>\n<p>Santo Domingo. RD., 26 de abril.-El Ministerio de  Educaci\u00f3n (MINERD) celebr\u00f3 el D\u00eda Internacional de las Ni\u00f1as en las TIC, con la proyecci\u00f3n de una pel\u00edcula interactiva a 275 estudiantes de centros educativos de las Regionales 10 y 15 de Santo Domingo. <\/p>\n<\/p>\n<p>En el evento organizado por la Direcci\u00f3n General de Inform\u00e1tica Educativa (DGIE), su directora Claudia Rita Abreu expres\u00f3 a las participantes la importancia de interesarse por carreras que involucren las tecnolog\u00edas de la informaci\u00f3n y la comunicaci\u00f3n, por las distintas ventajas y oportunidades que ofrecen en los campos laborales.<\/p>\n<\/p>\n<p>\u00abComo ustedes saben las tecnolog\u00edas vinieron a cambiar el mundo, y ya las sociedades no perciben el mundo sin \u00e9stas ventajas. Desde el Ministerio de Educaci\u00f3n hemos venido motivando a las ni\u00f1as a que se involucren y se interesen en estudiar carreras tecnol\u00f3gicas y que no las vean como carreras para chicos\u00bb, explic\u00f3.<\/p>\n<\/p>\n<p>Asimismo, dijo que seg\u00fan estudios realizados, actualmente el 41% de los hogares del mundo est\u00e1n siendo liderados por mujeres, y que si estas se enfocan en  las carreras tecnol\u00f3gicas les permitir\u00eda  llevar mejores ingresos a las casas. <\/p>\n<\/p>\n<p>Una pel\u00edcula interactiva fue proyectada en la Cinemateca Dominicana, en la Plaza de la Cultura, y conten\u00eda una serie de videos informativos que buscan crear conciencia en el empoderamiento as\u00ed como alentar a las j\u00f3venes a considerar los estudios y carreras en las TIC.<\/p>\n<p>Despu\u00e9s de la pel\u00edcula las ni\u00f1as respondieron preguntas relacionadas a la proyecci\u00f3n de historias de mujeres que han sobresalido en el mundo, a trav\u00e9s de carreras tecnol\u00f3gicas.<\/p>\n<\/p>\n<p>Al final, la ni\u00f1a Abigail Maciel Bonilla, del Centro Educativo Colombina Canario, result\u00f3 ganadora de una tableta, por haber respondido positivamente a la mayor cantidad de preguntas.<\/p>\n<\/p>\n<p>Los centros educativos participantes fueron Mar\u00eda Marcia Compr\u00e9s de Vargas, Centro Educativo la Inmaculada Fe y Alegr\u00eda, Colombina Canario, Rep\u00fablica de Paraguay, Liceo Jardines del Norte, Juan Pablo Duarte y Manuel del Cabral.<\/p>\n<\/p>\n<p>Esta actividad es la primera a realizarse en el marco de las festividades del D\u00eda Internacional de las Ni\u00f1as  en  las TIC que se celebra el cuarto jueves del mes abril, y que  \u00e9ste a\u00f1o ser\u00e1  el 28 de abril.<\/p>\n<\/p>\n<p>El evento se desarrollar\u00e1 en el Centro Cultural de las Telecomunicaciones y   tendr\u00e1 como expositoras  a mujeres expertas en \u00e1reas afines a la tecnolog\u00eda tales como: Desarrollo de software, Mecatr\u00f3nica, Impresora 3D,  Redes y  Emprendimiento tecnol\u00f3gico.<\/p>\n<\/p>\n<p>El D\u00eda de las Tic es producto de una iniciativa internacional respaldada por la Resoluci\u00f3n 70 de la Conferencia de Plenipotenciarios de la Uni\u00f3n Internacional de las Telecomunicaciones, UIT (Guadalajara, 2010) encaminada  a crear un entorno mundial  propicio que  capacite y  aliente a las ni\u00f1as y  mujeres j\u00f3venes  a  aspirar  a carreras en las TIC.<\/p>\n<\/p>\n<p>Clubes e-chicas y Superm\u00e1ticas<\/p>\n<\/p>\n<p>El MINERD, a trav\u00e9s de la Direcci\u00f3n de Inform\u00e1tica Educativa, y en coordinaci\u00f3n con el Centro de Investigaci\u00f3n para la Acci\u00f3n Femenina (CIPAF), implementa los clubes de chicas y Superm\u00e1ticas  para promover el inter\u00e9s en las matem\u00e1ticas,  ciencia y tecnolog\u00eda para  beneficio  de mil ni\u00f1as de escuelas de Jornada  Escolar Extendida.<\/p>\n<\/p>\n<p>Estos clubes dirigidos a ni\u00f1as de 6to-8vo grados y Superm\u00e1ticas  para las de 1ero-4to del Nivel Medio, son espacios de formaci\u00f3n y promoci\u00f3n de la excelencia acad\u00e9mica y orientaci\u00f3n vocacional en las \u00e1reas de matem\u00e1ticas, ciencias, ingenier\u00eda y tecnolog\u00eda (MCIT o STEM), por sus siglas en ingl\u00e9s.<\/p>\n<h6> 2016-04-26 17:28:07 <\/h6>\n<p><!--\n<link rel=\"stylesheet\" href=\"css\/bootstrap.min.css\">\n\n\n<ul class=\"pagination\">\n\t    \n\t\n\n<li >\n\t<a href='?page_no=13141'>Previous<\/a>\n\t<\/li>\n\n\n       \n    \n\n<li><a href='?page_no=1'>1<\/a><\/li>\n\n\n\n<li><a href='?page_no=2'>2<\/a><\/li>\n\n\n\n<li><a>...<\/a><\/li>\n\n\n\n<li><a href='?page_no=13140'>13140<\/a><\/li>\n\n\n\n<li><a href='?page_no=13141'>13141<\/a><\/li>\n\n\n\n<li class='active'><a>13142<\/a><\/li>\n\n\n\n<li><a href='?page_no=13143'>13143<\/a><\/li>\n\n\n\n<li><a href='?page_no=13144'>13144<\/a><\/li>\n\n\n\n<li><a>...<\/a><\/li>\n\n\n\n<li><a href='?page_no=56169'>56169<\/a><\/li>\n\n\n\n<li><a href='?page_no=56170'>56170<\/a><\/li>\n\n    \n\t\n\n<li >\n\t<a href='?page_no=13143'>Next<\/a>\n\t<\/li>\n\n\n    \n\n<li><a href='?page_no=56170'>Last &rsaquo;&rsaquo;<\/a><\/li>\n\n<\/ul>\n\n\n--><br \/>\n<\/body><\/p>\n","protected":false},"excerpt":{"rendered":"<p>Santo Domingo. RD., 26 de abril.-El Ministerio de Educaci\u00f3n (MINERD) celebr\u00f3 el D\u00eda Internacional de las Ni\u00f1as en las TIC, con la proyecci\u00f3n de una pel\u00edcula interactiva a 275 estudiantes de centros educativos de las Regionales 10 y 15 de Santo Domingo. En el evento organizado por la Direcci\u00f3n General de Inform\u00e1tica Educativa (DGIE), su [&hellip;]<\/p>\n","protected":false},"author":3,"featured_media":0,"comment_status":"open","ping_status":"open","sticky":false,"template":"","format":"standard","meta":{"footnotes":""},"categories":[20],"tags":[],"class_list":["post-218752","post","type-post","status-publish","format-standard","hentry","category-dominicana-hoy"],"_links":{"self":[{"href":"https:\/\/diariodominicano.com\/index.php?rest_route=\/wp\/v2\/posts\/218752","targetHints":{"allow":["GET"]}}],"collection":[{"href":"https:\/\/diariodominicano.com\/index.php?rest_route=\/wp\/v2\/posts"}],"about":[{"href":"https:\/\/diariodominicano.com\/index.php?rest_route=\/wp\/v2\/types\/post"}],"author":[{"embeddable":true,"href":"https:\/\/diariodominicano.com\/index.php?rest_route=\/wp\/v2\/users\/3"}],"replies":[{"embeddable":true,"href":"https:\/\/diariodominicano.com\/index.php?rest_route=%2Fwp%2Fv2%2Fcomments&post=218752"}],"version-history":[{"count":0,"href":"https:\/\/diariodominicano.com\/index.php?rest_route=\/wp\/v2\/posts\/218752\/revisions"}],"wp:attachment":[{"href":"https:\/\/diariodominicano.com\/index.php?rest_route=%2Fwp%2Fv2%2Fmedia&parent=218752"}],"wp:term":[{"taxonomy":"category","embeddable":true,"href":"https:\/\/diariodominicano.com\/index.php?rest_route=%2Fwp%2Fv2%2Fcategories&post=218752"},{"taxonomy":"post_tag","embeddable":true,"href":"https:\/\/diariodominicano.com\/index.php?rest_route=%2Fwp%2Fv2%2Ftags&post=218752"}],"curies":[{"name":"wp","href":"https:\/\/api.w.org\/{rel}","templated":true}]}}