{"id":218751,"date":"2016-04-27T13:58:51","date_gmt":"2016-04-27T13:58:51","guid":{"rendered":"http:\/\/diariodominicano.ddns.net\/?p=218751"},"modified":"2016-04-27T13:58:51","modified_gmt":"2016-04-27T13:58:51","slug":"danilo-medina-da-primer-palazo-hotel-hampton-hilton","status":"publish","type":"post","link":"https:\/\/diariodominicano.com\/?p=218751","title":{"rendered":"Danilo Medina da primer palazo hotel Hampton Hilton"},"content":{"rendered":"<p><body><\/p>\n<p><img decoding=\"async\" src=\"img3\/hilton.jpg\" \/><br \/><img decoding=\"async\" src=\"img3\/Hilton2.jpg\" \/>  <\/p>\n<p><span class=\"text1noticias\">Boca Chica, R. D., 27 de abril (DICOM).- En lo que constituye otra muestra del buen clima de negocios y de la confianza de los inversionistas en el pa\u00eds, el presidente Danilo Medina dio hoy el primer palazo para la construcci\u00f3n del hotel Hampton by Hilton Las Am\u00e9ricas.<\/span><\/p>\n<p><span class=\"text1noticias\"> <\/span><\/p>\n<p><span class=\"text1noticias\">60 empleos directos <\/span><\/p>\n<p><span class=\"text1noticias\"> <\/span><\/p>\n<p><span class=\"text1noticias\">El proyecto tur\u00edstico, cuyo monto de inversi\u00f3n supera los 7 millones de d\u00f3lares, generar\u00e1 de manera directa 60 empleos y ser\u00e1 construido en las inmediaciones del Aeropuerto Internacional Las Am\u00e9ricas (AILA).<\/span><\/p>\n<p><span class=\"text1noticias\"> <\/span><\/p>\n<p><span class=\"text1noticias\">Operar\u00e1 en el pa\u00eds bajo la direcci\u00f3n de la empresa promotora Dominican Development, de capital espa\u00f1ol, con los est\u00e1ndares de la cadena Hilton Worldwide.<\/span><\/p>\n<p><span class=\"text1noticias\"> <\/span><\/p>\n<p><span class=\"text1noticias\">Danilo Medina es l\u00edder de proyecto de pa\u00eds envidiable  <\/span><\/p>\n<p><span class=\"text1noticias\"> <\/span><\/p>\n<p><span class=\"text1noticias\">Durante el acto, el socio inversionista de Dominican Development, Lluis Salvad\u00f3 Morell\u00f3, manifest\u00f3 su satisfacci\u00f3n con el proyecto de pa\u00eds ideado y dirigido por el presidente Danilo Medina Rep\u00fablica Dominicana. <\/span><\/p>\n<p><span class=\"text1noticias\"> <\/span><\/p>\n<p><span class=\"text1noticias\">\u00abEs un pa\u00eds que tiene un proyecto envidiable, encomiable, que nos enamor\u00f3 desde un principio. Dijimos vaya, este pa\u00eds est\u00e1 funcionando muy bien. Quiero exaltar la figura del presidente Danilo Medina, porque \u00e9l es el l\u00edder y motor de este proyecto de pa\u00eds. Aqu\u00ed es donde se puede invertir y esto no se puede ocultar\u00bb, enfatiz\u00f3.<\/span><\/p>\n<p><span class=\"text1noticias\"> <\/span><\/p>\n<p><span class=\"text1noticias\">Rep\u00fablica Dominicana, excelente destino de inversi\u00f3n <\/span><\/p>\n<p><span class=\"text1noticias\"> <\/span><\/p>\n<p><span class=\"text1noticias\">Asimismo, valor\u00f3 de manera positiva la meta de recibir 10 millones de turistas y las inversiones del Gobierno en educaci\u00f3n e infraestructuras. En ese contexto, afirm\u00f3 que en Rep\u00fablica Dominicana encontr\u00f3 las condiciones id\u00f3neas para llevar a cabo sus proyectos. <\/span><\/p>\n<p><span class=\"text1noticias\"> <\/span><\/p>\n<p><span class=\"text1noticias\">Destac\u00f3 el crecimiento econ\u00f3mico sostenido, la estabilidad pol\u00edtica, la seguridad jur\u00eddica, un sistema financiero muy sano, la receptividad a las inversiones extranjeras, un proyecto tur\u00edstico s\u00f3lido y comprometido con el sector privado, como las caracter\u00edsticas que hacen del pa\u00eds un excelente destino de inversi\u00f3n.<\/span><\/p>\n<p><span class=\"text1noticias\"> <\/span><\/p>\n<p><span class=\"text1noticias\">Gobierno de promesas cumplidas: Ventanilla \u00danica de Inversi\u00f3n <\/span><\/p>\n<p><span class=\"text1noticias\"> <\/span><\/p>\n<p><span class=\"text1noticias\">De su lado, el director ejecutivo del Centro de Exportaci\u00f3n e Inversi\u00f3n de la Rep\u00fablica Dominicana (CEI-RD), Jean Alain Rodr\u00edguez, destac\u00f3 el dinamismo que experimentan las inversiones en infraestructura tur\u00edstica y de oferta hotelera en el pa\u00eds gracias a las pol\u00edticas aplicadas por el presidente Danilo Medina.<\/span><\/p>\n<p><span class=\"text1noticias\"> <\/span><\/p>\n<p><span class=\"text1noticias\">Dijo, adem\u00e1s, que este es un Gobierno de promesas cumplidas, como la Ventanilla \u00danica de Inversi\u00f3n, instrumento que ha logrado agilizar los tr\u00e1mites de los proyectos de inversi\u00f3n y que permiti\u00f3 que las gestiones de este proyecto se realizaran en tiempo r\u00e9cord, tan s\u00f3lo tres meses.<\/span><\/p>\n<p><span class=\"text1noticias\"> <\/span><\/p>\n<p><span class=\"text1noticias\">El director ejecutivo del CEI-RD, tambi\u00e9n destac\u00f3 la confianza de los inversionistas extranjeros. <\/span><\/p>\n<p><span class=\"text1noticias\"> <\/span><\/p>\n<p><span class=\"text1noticias\">\u00abNuestra posici\u00f3n como l\u00edderes regionales en el sector turismo se debe a la alianza p\u00fablico-privada con los empresarios locales y extranjeros que han confiado en nuestro clima de negocios e invertido en la Rep\u00fablica Dominicana\u00bb.<\/span><\/p>\n<p><span class=\"text1noticias\"> <\/span><\/p>\n<p><span class=\"text1noticias\">\u00abLos inversionistas van porque tienen seguridad jur\u00eddica. Aqu\u00ed la hay\u00bb<\/span><\/p>\n<p><span class=\"text1noticias\"> <\/span><\/p>\n<p><span class=\"text1noticias\">Mientras el ministro de Turismo, Francisco Javier Garc\u00eda, se\u00f1al\u00f3 que esta inversi\u00f3n se hace en un momento ideal en La Caleta y Boca Chica, pues el Gobierno ejecuta obras viales de gran impacto en la zona, al tiempo que manifest\u00f3 su orgullo por el desarrollo que tambi\u00e9n en ese sentido ha registrado el pa\u00eds.<\/span><\/p>\n<p><span class=\"text1noticias\"> <\/span><\/p>\n<p><span class=\"text1noticias\">\u00abLos inversionistas no van solamente porque les gusta el pa\u00eds, van porque tienen seguridad jur\u00eddica. Aqu\u00ed la hay\u00bb, destac\u00f3 Javier Garc\u00eda.<\/span><\/p>\n<p><span class=\"text1noticias\"> <\/span><\/p>\n<p><span class=\"text1noticias\">Turismo de negocios<\/span><\/p>\n<p><span class=\"text1noticias\"> <\/span><\/p>\n<p><span class=\"text1noticias\">Los hoteles Hampton se enfocan fundamentalmente en el mercado de turismo de negocios y, en el caso particular de Rep\u00fablica Dominicana, el proyecto estar\u00e1 dirigido a satisfacer la demanda de un flujo de pasajeros que viaja al exterior o regresa al pa\u00eds a trav\u00e9s del AILA, y que requiere hospedaje en un lugar estrat\u00e9gicamente ubicado en las cercan\u00edas del Aeropuerto.<\/span><\/p>\n<p><span class=\"text1noticias\"> <\/span><\/p>\n<p><span class=\"text1noticias\">El hotel Hampton by Hilton Las Am\u00e9ricas tendr\u00e1 117 habitaciones distribuidas en cinco edificios.<\/span><\/p>\n<p><span class=\"text1noticias\"> <\/span><\/p>\n<p><span class=\"text1noticias\">En el acto estuvieron presentes, adem\u00e1s, el socio fundador de Dominican Development, C\u00e9sar L\u00f3pez; la representante del grupo Hilton, Virginia G\u00f3mez; el ministro de Energ\u00eda y Minas, Antonio Isa Conde y el alcalde de Boca Chica, Daniel Ozuna.<\/span><\/p>\n<p><span class=\"text1noticias\"> <\/span><\/p>\n<p><span class=\"text1noticias\">De igual forma, los asistentes del presidente Danilo Medina, Carlos Pared P\u00e9rez y Robert De la Cruz, as\u00ed como monse\u00f1or Agripino N\u00fa\u00f1ez Collado, quien tuvo a su cargo la bendici\u00f3n de la obra, entre otras personalidades.<\/span><\/p>\n<h6> 2016-04-27 13:58:51 <\/h6>\n<p><!--\n<link rel=\"stylesheet\" href=\"css\/bootstrap.min.css\">\n\n\n<ul class=\"pagination\">\n\t    \n\t\n\n<li >\n\t<a href='?page_no=13140'>Previous<\/a>\n\t<\/li>\n\n\n       \n    \n\n<li><a href='?page_no=1'>1<\/a><\/li>\n\n\n\n<li><a href='?page_no=2'>2<\/a><\/li>\n\n\n\n<li><a>...<\/a><\/li>\n\n\n\n<li><a href='?page_no=13139'>13139<\/a><\/li>\n\n\n\n<li><a href='?page_no=13140'>13140<\/a><\/li>\n\n\n\n<li class='active'><a>13141<\/a><\/li>\n\n\n\n<li><a href='?page_no=13142'>13142<\/a><\/li>\n\n\n\n<li><a href='?page_no=13143'>13143<\/a><\/li>\n\n\n\n<li><a>...<\/a><\/li>\n\n\n\n<li><a href='?page_no=56169'>56169<\/a><\/li>\n\n\n\n<li><a href='?page_no=56170'>56170<\/a><\/li>\n\n    \n\t\n\n<li >\n\t<a href='?page_no=13142'>Next<\/a>\n\t<\/li>\n\n\n    \n\n<li><a href='?page_no=56170'>Last &rsaquo;&rsaquo;<\/a><\/li>\n\n<\/ul>\n\n\n--><br \/>\n<\/body><\/p>\n","protected":false},"excerpt":{"rendered":"<p>Boca Chica, R. D., 27 de abril (DICOM).- En lo que constituye otra muestra del buen clima de negocios y de la confianza de los inversionistas en el pa\u00eds, el presidente Danilo Medina dio hoy el primer palazo para la construcci\u00f3n del hotel Hampton by Hilton Las Am\u00e9ricas. 60 empleos directos El proyecto tur\u00edstico, cuyo [&hellip;]<\/p>\n","protected":false},"author":3,"featured_media":0,"comment_status":"open","ping_status":"open","sticky":false,"template":"","format":"standard","meta":{"footnotes":""},"categories":[20],"tags":[],"class_list":["post-218751","post","type-post","status-publish","format-standard","hentry","category-dominicana-hoy"],"_links":{"self":[{"href":"https:\/\/diariodominicano.com\/index.php?rest_route=\/wp\/v2\/posts\/218751","targetHints":{"allow":["GET"]}}],"collection":[{"href":"https:\/\/diariodominicano.com\/index.php?rest_route=\/wp\/v2\/posts"}],"about":[{"href":"https:\/\/diariodominicano.com\/index.php?rest_route=\/wp\/v2\/types\/post"}],"author":[{"embeddable":true,"href":"https:\/\/diariodominicano.com\/index.php?rest_route=\/wp\/v2\/users\/3"}],"replies":[{"embeddable":true,"href":"https:\/\/diariodominicano.com\/index.php?rest_route=%2Fwp%2Fv2%2Fcomments&post=218751"}],"version-history":[{"count":0,"href":"https:\/\/diariodominicano.com\/index.php?rest_route=\/wp\/v2\/posts\/218751\/revisions"}],"wp:attachment":[{"href":"https:\/\/diariodominicano.com\/index.php?rest_route=%2Fwp%2Fv2%2Fmedia&parent=218751"}],"wp:term":[{"taxonomy":"category","embeddable":true,"href":"https:\/\/diariodominicano.com\/index.php?rest_route=%2Fwp%2Fv2%2Fcategories&post=218751"},{"taxonomy":"post_tag","embeddable":true,"href":"https:\/\/diariodominicano.com\/index.php?rest_route=%2Fwp%2Fv2%2Ftags&post=218751"}],"curies":[{"name":"wp","href":"https:\/\/api.w.org\/{rel}","templated":true}]}}