{"id":218748,"date":"2016-04-27T15:01:25","date_gmt":"2016-04-27T15:01:25","guid":{"rendered":"http:\/\/diariodominicano.ddns.net\/?p=218748"},"modified":"2016-04-27T15:01:25","modified_gmt":"2016-04-27T15:01:25","slug":"uasd-reconoce-a-tres-servidoras-en-el-dia-de-las-secretarias","status":"publish","type":"post","link":"https:\/\/diariodominicano.com\/?p=218748","title":{"rendered":"UASD reconoce a tres servidoras en el d\u00eda de las secretarias"},"content":{"rendered":"<p><body><\/p>\n<p><img decoding=\"async\" src=\"img3\/Barahona.jpg\" \/>  <\/p>\n<p>Santo domingo, R.D., 27 de abril.- La Universidad Aut\u00f3noma de Santo Domingo, UASD, reconoci\u00f3 a tres  de sus secretarias al celebrarse el d\u00eda internacional de la secretaria, cuyo acto fue encabezado por el vicerrector Docente y encargado de la Rector\u00eda, doctor Jorge Asjana David.<\/p>\n<\/p>\n<p>David Asjana, al pronunciar las palabras centrales de la ceremonia que tuvo lugar en el auditorio Manuel del Cabral, destac\u00f3 la importancia de las secretarias en el desarrollo administrativo y docente de esta instituci\u00f3n acad\u00e9mica. <\/p>\n<\/p>\n<p>Por su importancia, las igual\u00f3 a la columna vertebral del cuerpo humano, al tiempo de resaltar el empoderamiento que han logrado tener esas servidoras en el manejo de las redes sociales y otras herramientas que eficientizan sus labores.  <\/p>\n<\/p>\n<p>Estim\u00f3 que es imposible que la UASD de pasos agigantados sin la labor que realizan sus secretarias, y las exhort\u00f3 a que contin\u00faen con la preparaci\u00f3n y actualizaci\u00f3n de sus conocimientos para el buen desarrollo de la academia y por ende, de la poblaci\u00f3n.<\/p>\n<\/p>\n<p>De su lado, el director General de Recursos Humanos, maestro Francisco Terrero Galarza, expres\u00f3 que hoy en d\u00eda la secretaria es una asistente multifuncional que, en la mayor\u00eda de los casos, act\u00faa como si fuera parte de la familia del ejecutivo.<\/p>\n<\/p>\n<p>\u00abLa Universidad Aut\u00f3noma es un referente nacional a nivel de gerencia p\u00fablica, nunca podemos olvidar que nos debemos al pueblo, por lo que siempre debemos de brindar un buen servicio\u00bb, se\u00f1al\u00f3 Terrero Galarza.<\/p>\n<\/p>\n<p>Como secretarias del a\u00f1o resultaron galardonadas, en primer lugar, Rosal\u00eda Mireya Batista Rodr\u00edguez, del Centro UASD-Barahona; en segundo puesto,   Guillermina Rodr\u00edguez Pe\u00f1a, de la escuela de Ciencias Fisiol\u00f3gicas, de la Facultad de Ciencias de la Salud y el tercer lugar se lo llev\u00f3, Luz Herminia Charles Mart\u00ednez del Economato Universitario. A las ganadoras se le entregaron placas de reconocimiento y premios en met\u00e1lico.  <\/p>\n<\/p>\n<p>En la actividad estuvieron presentes, adem\u00e1s de los mencionados, los vicerrectores Administrativo y de Extensi\u00f3n, los maestros Editrudis Beltr\u00e1n, y  Rafael Nino F\u00e8liz, respectivamente, as\u00ed como el Secretario General, maestro H\u00e9ctor Luis Mart\u00ednez.<\/p>\n<\/p>\n<p>Tambi\u00e9n, los decanos de las facultades de Ciencias Jur\u00eddicas y Pol\u00edticas, doctor Antonio Medina Calca\u00f1o; de Humanidades, maestro Ram\u00f3n Rodr\u00edguez Espinal, de Ciencias, maestro Alejandro Ozuna, as\u00ed como directores de escuelas, y de departamentos docente y administrativo.<\/p>\n<\/p>\n<p>En el marco de la celebraci\u00f3n, a estas servidores se rifaron equipos computacional (tablets, laptops) y se le ofreci\u00f3 un almuerzo, siendo amenizado por la orquesta El Caf\u00e9.<\/p>\n<\/p>\n<p>Pies de fotos<\/p>\n<p>1-El personal secretarial y funcionarios de la Universidad Aut\u00f3noma de Santo Domingo, UASD.<\/p>\n<\/p>\n<p>2- La Secretaria del A\u00f1o, Rosal\u00eda Mireya Batista Rodr\u00edguez, del Centro UASD-Barahona, recibe su trofeo de manos de los vicerrectores Docente, doctor Jorge Asjana David, encargado de la Rector\u00eda; maestro Editrudis Beltr\u00e1n, Administrativo; los directores general y administrativo, maestro Francisco Galarza Terrero, licenciado Reyes Castro, respectivamente,  y la presidenta de la Asociaci\u00f3n de Empleados Universitario, Asodemu, licenciada Mary Plasencia.<\/p>\n<\/p>\n<h6> 2016-04-27 15:01:25 <\/h6>\n<p><!--\n<link rel=\"stylesheet\" href=\"css\/bootstrap.min.css\">\n\n\n<ul class=\"pagination\">\n\t    \n\t\n\n<li >\n\t<a href='?page_no=13138'>Previous<\/a>\n\t<\/li>\n\n\n       \n    \n\n<li><a href='?page_no=1'>1<\/a><\/li>\n\n\n\n<li><a href='?page_no=2'>2<\/a><\/li>\n\n\n\n<li><a>...<\/a><\/li>\n\n\n\n<li><a href='?page_no=13137'>13137<\/a><\/li>\n\n\n\n<li><a href='?page_no=13138'>13138<\/a><\/li>\n\n\n\n<li class='active'><a>13139<\/a><\/li>\n\n\n\n<li><a href='?page_no=13140'>13140<\/a><\/li>\n\n\n\n<li><a href='?page_no=13141'>13141<\/a><\/li>\n\n\n\n<li><a>...<\/a><\/li>\n\n\n\n<li><a href='?page_no=56169'>56169<\/a><\/li>\n\n\n\n<li><a href='?page_no=56170'>56170<\/a><\/li>\n\n    \n\t\n\n<li >\n\t<a href='?page_no=13140'>Next<\/a>\n\t<\/li>\n\n\n    \n\n<li><a href='?page_no=56170'>Last &rsaquo;&rsaquo;<\/a><\/li>\n\n<\/ul>\n\n\n--><br \/>\n<\/body><\/p>\n","protected":false},"excerpt":{"rendered":"<p>Santo domingo, R.D., 27 de abril.- La Universidad Aut\u00f3noma de Santo Domingo, UASD, reconoci\u00f3 a tres de sus secretarias al celebrarse el d\u00eda internacional de la secretaria, cuyo acto fue encabezado por el vicerrector Docente y encargado de la Rector\u00eda, doctor Jorge Asjana David. David Asjana, al pronunciar las palabras centrales de la ceremonia que [&hellip;]<\/p>\n","protected":false},"author":3,"featured_media":0,"comment_status":"open","ping_status":"open","sticky":false,"template":"","format":"standard","meta":{"footnotes":""},"categories":[20],"tags":[],"class_list":["post-218748","post","type-post","status-publish","format-standard","hentry","category-dominicana-hoy"],"_links":{"self":[{"href":"https:\/\/diariodominicano.com\/index.php?rest_route=\/wp\/v2\/posts\/218748","targetHints":{"allow":["GET"]}}],"collection":[{"href":"https:\/\/diariodominicano.com\/index.php?rest_route=\/wp\/v2\/posts"}],"about":[{"href":"https:\/\/diariodominicano.com\/index.php?rest_route=\/wp\/v2\/types\/post"}],"author":[{"embeddable":true,"href":"https:\/\/diariodominicano.com\/index.php?rest_route=\/wp\/v2\/users\/3"}],"replies":[{"embeddable":true,"href":"https:\/\/diariodominicano.com\/index.php?rest_route=%2Fwp%2Fv2%2Fcomments&post=218748"}],"version-history":[{"count":0,"href":"https:\/\/diariodominicano.com\/index.php?rest_route=\/wp\/v2\/posts\/218748\/revisions"}],"wp:attachment":[{"href":"https:\/\/diariodominicano.com\/index.php?rest_route=%2Fwp%2Fv2%2Fmedia&parent=218748"}],"wp:term":[{"taxonomy":"category","embeddable":true,"href":"https:\/\/diariodominicano.com\/index.php?rest_route=%2Fwp%2Fv2%2Fcategories&post=218748"},{"taxonomy":"post_tag","embeddable":true,"href":"https:\/\/diariodominicano.com\/index.php?rest_route=%2Fwp%2Fv2%2Ftags&post=218748"}],"curies":[{"name":"wp","href":"https:\/\/api.w.org\/{rel}","templated":true}]}}