{"id":218747,"date":"2016-04-27T15:56:17","date_gmt":"2016-04-27T15:56:17","guid":{"rendered":"http:\/\/diariodominicano.ddns.net\/?p=218747"},"modified":"2016-04-27T15:56:17","modified_gmt":"2016-04-27T15:56:17","slug":"educa-elige-nueva-junta-de-directores-2","status":"publish","type":"post","link":"https:\/\/diariodominicano.com\/?p=218747","title":{"rendered":"Educa elige nueva Junta de Directores"},"content":{"rendered":"<p><body><\/p>\n<p><img decoding=\"async\" src=\"img3\/BPD_0201.JPG\" \/>  <\/p>\n<p><span class=\"text1noticias\">Santo Domingo, DR., 27 de abril. ? Tras la celebraci\u00f3n de la Asamblea General de Socios en funci\u00f3n eleccionaria, el intelectual y vicepresidente ejecutivo de Relaciones P\u00fablicas y Comunicaciones del Grupo Popular, se\u00f1or Jos\u00e9 M\u00e1rmol, fue electo este martes como nuevo presidente de la Junta Directiva de Acci\u00f3n Empresarial por la Educaci\u00f3n (EDUCA), organizaci\u00f3n sin fines de lucro que representa al sector empresarial en el logro de fortalecer los niveles educativos en la Rep\u00fablica Dominicana, como v\u00eda para alcanzar la creaci\u00f3n de oportunidades, el desarrollo del talento y la construcci\u00f3n de una sociedad y un mundo mejores.<\/span><\/p>\n<\/p>\n<p><span class=\"text1noticias\">La nueva Junta Directiva de EDUCA, elegida por el per\u00edodo 2016-2018, se present\u00f3 formalmente durante un c\u00f3ctel celebrado en el Hotel El Embajador, este martes 26 de abril.<\/span><\/p>\n<\/p>\n<p><span class=\"text1noticias\">El nuevo presidente de EDUCA agradeci\u00f3 a los asociados la confianza depositada en su persona y expres\u00f3 su compromiso en proseguir con los objetivos fundacionales de la organizaci\u00f3n, respaldando pol\u00edticas p\u00fablicas que contin\u00faen con la dignificaci\u00f3n y optimizaci\u00f3n de la educaci\u00f3n en el pa\u00eds: \u00abEsa visi\u00f3n de Estado ha contado y seguir\u00e1 contando con el respaldo de EDUCA, de manera que la transformaci\u00f3n de la educaci\u00f3n resulte del trabajo mancomunado de las autoridades p\u00fablicas y el sector empresarial privado\u00bb.<\/span><\/p>\n<\/p>\n<p><span class=\"text1noticias\">Al mismo tiempo, el se\u00f1or Jos\u00e9 M\u00e1rmol manifest\u00f3 que la nueva Junta Directiva trabajar\u00e1 tambi\u00e9n para promover \u00abel fortalecimiento de las acciones de la sociedad civil en lo que respecta a la calidad del gasto en educaci\u00f3n p\u00fablica y privada\u00bb, de manera que se logre un incremento en la capacidad docente y un mejor desempe\u00f1o de los estudiantes dominicanos en las pruebas internacionales, adem\u00e1s de aumentar la retenci\u00f3n de los j\u00f3venes en el sistema educativo.<\/span><\/p>\n<\/p>\n<p><span class=\"text1noticias\">\u00abPor tal raz\u00f3n, EDUCA reforzar\u00e1 su participaci\u00f3n y su compromiso como instituci\u00f3n coordinadora del Comit\u00e9 de Veedur\u00eda del Pacto Nacional por la Reforma Educativa\u00bb, subray\u00f3 el presidente de EDUCA.<\/span><\/p>\n<p><span class=\"text1noticias\">Veinte a\u00f1os vinculado a EDUCA<\/span><\/p>\n<\/p>\n<p><span class=\"text1noticias\">Jos\u00e9 M\u00e1rmol lleva m\u00e1s de veinte a\u00f1os vinculado a EDUCA y, como representante del Grupo Popular, ha sido vocal en los \u00faltimos cuatro de su Junta Directiva.<\/span><\/p>\n<\/p>\n<p><span class=\"text1noticias\">\u00abLlevo a\u00f1os vinculado a EDUCA, tanto por mis extensas conversaciones con su fundador y mi est\u00edmulo a sus iniciativas, como por mi involucramiento de m\u00e1s de dos d\u00e9cadas, de la mano del Banco Popular Dominicano y de la Fundaci\u00f3n Popular, Inc., a trav\u00e9s del patrocinio del seminario internacional Aprendo\u00bb, dijo Jos\u00e9 M\u00e1rmol en sus palabras, al tiempo que a\u00f1adi\u00f3 su convicci\u00f3n de ser \u00abun ferviente abanderado de la necesidad de mejorar la educaci\u00f3n de ni\u00f1os y j\u00f3venes, a fin de que a las aulas universitarias y niveles t\u00e9cnicos superiores lleguen estudiantes con una preparaci\u00f3n previa adecuada, y esos centros de formaci\u00f3n puedan, a su vez, entregar aut\u00e9nticos profesionales a la sociedad, con preparaci\u00f3n t\u00e9cnica, cient\u00edfica y human\u00edstica, as\u00ed como con valores \u00e9ticos y sensibilidad social.<\/span><\/p>\n<\/p>\n<p><span class=\"text1noticias\">Le acompa\u00f1an en esta nueva junta los se\u00f1ores Samuel Conde, como vicepresidente; Arelis Rodr\u00edguez, como secretario; Pedro Esteva, como vicesecretario; Yandra Portela, como tesorera; y Gustavo Ariza, como vicetesorero.<\/span><\/p>\n<\/p>\n<p><span class=\"text1noticias\">Tambi\u00e9n conforman la plancha como vocales los se\u00f1ores Rosa Margarita Bonetti de Santana, Frank El\u00edas Rainieri, William Phelan, \u00c1lex B\u00e1ez, Laura Acra, Fernando Rainieri, Gerty Valerio, Adolfo Betances y Amelia Vicini.<\/span><\/p>\n<\/p>\n<p><span class=\"text1noticias\">El presidente de EDUCA reiter\u00f3 la necesidad de que el empresariado est\u00e9 cada vez m\u00e1s involucrado con la misi\u00f3n y visi\u00f3n de esta organizaci\u00f3n sin fines de lucro a favor de la educaci\u00f3n en el pa\u00eds, en el entendido de que \u00abel \u00e9xito de una empresa est\u00e1 estrechamente vinculado a la creaci\u00f3n de oportunidades, al desarrollo del talento y a la construcci\u00f3n de una sociedad y un mundo mejores\u00bb.<\/span><\/p>\n<p><span class=\"text1noticias\">Norte estrat\u00e9gico para la competitividad<\/span><\/p>\n<p><span class=\"text1noticias\"> <\/span><\/p>\n<p><span class=\"text1noticias\">En este tenor, como balance por la gesti\u00f3n emprendida, la presidenta saliente de EDUCA, se\u00f1ora Elena Viyella de Paliza, subray\u00f3 en sus palabras que durante su presidencia la organizaci\u00f3n se ha enfocado permanentemente hacia la mejora de la calidad de la educaci\u00f3n dominicana, \u00abcon el deseo y el horizonte de contribuir y colaborar con el dise\u00f1o y la implementaci\u00f3n de pol\u00edticas p\u00fablicas que nos dirijan en esa direcci\u00f3n, ya que s\u00f3lo as\u00ed habr\u00e1 mejores oportunidades para cada ser humano que habite en nuestro pa\u00eds, s\u00f3lo as\u00ed podremos ser m\u00e1s competitivos y ofrecer m\u00e1s y mejores empleos y espacios de desarrollo personal para nuestros j\u00f3venes\u00bb.<\/span><\/p>\n<p><span class=\"text1noticias\"> <\/span><\/p>\n<\/p>\n<p><span class=\"text1noticias\">Este norte estrat\u00e9gico de EDUCA busca mejorar la posici\u00f3n internacional de la Rep\u00fablica Dominicana en los \u00edndices y mediciones que realizan los organismos internacionales, con el reto de posicionar el pa\u00eds en 2050 entre los 50 primeros puestos del \u00cdndice de Competitividad Global. Actualmente, Rep\u00fablica Dominicana ocupa el lugar 107 de 144 pa\u00edses.<\/span><\/p>\n<p><span class=\"text1noticias\"> <\/span><\/p>\n<\/p>\n<p><span class=\"text1noticias\">Viyella de Paliza destac\u00f3 que, durante su gesti\u00f3n, se ha podido \u00abtrabajar juntos en alianza p\u00fablico-privada por la mejora de la calidad de la educaci\u00f3n que cada ni\u00f1o, ni\u00f1a y adolescente tiene derecho a tener, tal y como lo establece nuestra Constituci\u00f3n\u00bb, evidenciando que esta es la v\u00eda para lograr ser \u00abm\u00e1s eficientes en el uso y la inversi\u00f3n de los recursos\u00bb, aumentar el impacto y aprovechar los mejores talentos a nivel nacional para lograr<\/span><\/p>\n<\/p>\n<h6> 2016-04-27 15:56:17 <\/h6>\n<p><!--\n<link rel=\"stylesheet\" href=\"css\/bootstrap.min.css\">\n\n\n<ul class=\"pagination\">\n\t    \n\t\n\n<li >\n\t<a href='?page_no=13137'>Previous<\/a>\n\t<\/li>\n\n\n       \n    \n\n<li><a href='?page_no=1'>1<\/a><\/li>\n\n\n\n<li><a href='?page_no=2'>2<\/a><\/li>\n\n\n\n<li><a>...<\/a><\/li>\n\n\n\n<li><a href='?page_no=13136'>13136<\/a><\/li>\n\n\n\n<li><a href='?page_no=13137'>13137<\/a><\/li>\n\n\n\n<li class='active'><a>13138<\/a><\/li>\n\n\n\n<li><a href='?page_no=13139'>13139<\/a><\/li>\n\n\n\n<li><a href='?page_no=13140'>13140<\/a><\/li>\n\n\n\n<li><a>...<\/a><\/li>\n\n\n\n<li><a href='?page_no=56169'>56169<\/a><\/li>\n\n\n\n<li><a href='?page_no=56170'>56170<\/a><\/li>\n\n    \n\t\n\n<li >\n\t<a href='?page_no=13139'>Next<\/a>\n\t<\/li>\n\n\n    \n\n<li><a href='?page_no=56170'>Last &rsaquo;&rsaquo;<\/a><\/li>\n\n<\/ul>\n\n\n--><br \/>\n<\/body><\/p>\n","protected":false},"excerpt":{"rendered":"<p>Santo Domingo, DR., 27 de abril. ? Tras la celebraci\u00f3n de la Asamblea General de Socios en funci\u00f3n eleccionaria, el intelectual y vicepresidente ejecutivo de Relaciones P\u00fablicas y Comunicaciones del Grupo Popular, se\u00f1or Jos\u00e9 M\u00e1rmol, fue electo este martes como nuevo presidente de la Junta Directiva de Acci\u00f3n Empresarial por la Educaci\u00f3n (EDUCA), organizaci\u00f3n sin [&hellip;]<\/p>\n","protected":false},"author":3,"featured_media":0,"comment_status":"open","ping_status":"open","sticky":false,"template":"","format":"standard","meta":{"footnotes":""},"categories":[20],"tags":[],"class_list":["post-218747","post","type-post","status-publish","format-standard","hentry","category-dominicana-hoy"],"_links":{"self":[{"href":"https:\/\/diariodominicano.com\/index.php?rest_route=\/wp\/v2\/posts\/218747","targetHints":{"allow":["GET"]}}],"collection":[{"href":"https:\/\/diariodominicano.com\/index.php?rest_route=\/wp\/v2\/posts"}],"about":[{"href":"https:\/\/diariodominicano.com\/index.php?rest_route=\/wp\/v2\/types\/post"}],"author":[{"embeddable":true,"href":"https:\/\/diariodominicano.com\/index.php?rest_route=\/wp\/v2\/users\/3"}],"replies":[{"embeddable":true,"href":"https:\/\/diariodominicano.com\/index.php?rest_route=%2Fwp%2Fv2%2Fcomments&post=218747"}],"version-history":[{"count":0,"href":"https:\/\/diariodominicano.com\/index.php?rest_route=\/wp\/v2\/posts\/218747\/revisions"}],"wp:attachment":[{"href":"https:\/\/diariodominicano.com\/index.php?rest_route=%2Fwp%2Fv2%2Fmedia&parent=218747"}],"wp:term":[{"taxonomy":"category","embeddable":true,"href":"https:\/\/diariodominicano.com\/index.php?rest_route=%2Fwp%2Fv2%2Fcategories&post=218747"},{"taxonomy":"post_tag","embeddable":true,"href":"https:\/\/diariodominicano.com\/index.php?rest_route=%2Fwp%2Fv2%2Ftags&post=218747"}],"curies":[{"name":"wp","href":"https:\/\/api.w.org\/{rel}","templated":true}]}}