{"id":218746,"date":"2016-04-27T16:27:15","date_gmt":"2016-04-27T16:27:15","guid":{"rendered":"http:\/\/diariodominicano.ddns.net\/?p=218746"},"modified":"2016-04-27T16:27:15","modified_gmt":"2016-04-27T16:27:15","slug":"iad-conmemora-54-aniversario-de-su-fundacion","status":"publish","type":"post","link":"https:\/\/diariodominicano.com\/?p=218746","title":{"rendered":"IAD conmemora 54 Aniversario de su fundaci\u00f3n"},"content":{"rendered":"<p><body><\/p>\n<p><img decoding=\"async\" src=\"img3\/DSC_5940.JPG\" \/>  <\/p>\n<p><span class=\"text1noticias\">Santo Domingo. RD., 27 de abril.- El Instituto Agrario Dominicano (IAD) celebr\u00f3 el 54 aniversario de su fundaci\u00f3n con una Misa de Acci\u00f3n de Gracias en la Parroquia Nuestra Se\u00f1ora de la Altagracia y una Ofrenda Floral en el Altar de la Patria.<\/span><\/p>\n<\/p>\n<p><span class=\"text1noticias\">Durante la misa celebrada en la Parroquia del Ministerio de Defensa, el director del IAD, Emilio Toribio Olivo resalt\u00f3 que \u00abNunca como ahora se han ejecutado nuevos proyectos agropecuarios y la rehabilitaci\u00f3n de otros, con la inversi\u00f3n en el campo de miles de millones de pesos, consecuencia de las Visitas Sorpresa del presidente Danilo Medina\u00bb.<\/span><\/p>\n<\/p>\n<p><span class=\"text1noticias\">Resalt\u00f3 adem\u00e1s que el extraordinario Plan Nacional de Titulaci\u00f3n que se lleva a cabo ha permitido que en tan solo 7 meses se hayan entregado 10 mil 179 t\u00edtulos definitivos a miles de familias campesinas.<\/span><\/p>\n<\/p>\n<p><span class=\"text1noticias\">\u00abLa entrega de esos t\u00edtulos definitivos ha implicado un arduo trabajo que ha valido la pena, porque le ha dado tranquilidad al sector reformado, donde los peque\u00f1os y medianos productores se han convertido en propietarios leg\u00edtimos de sus predios\u00bb dijo Toribio Olivo.<\/span><\/p>\n<\/p>\n<p><span class=\"text1noticias\">Explic\u00f3 que esta acci\u00f3n pone fin a a\u00f1os de incertidumbre, poder acceder a cr\u00e9ditos y cultivar con mas amor la tierra que les pertenece.<\/span><\/p>\n<\/p>\n<p><span class=\"text1noticias\">El funcionario reiter\u00f3 \u00abeste d\u00eda hay que celebrarlo con entusiasmo, convencidos de los grandes aportes que seguir\u00e1 haciendo el presidente Danilo Medina, para que la Reforma Agraria contin\u00fae siendo el hogar c\u00e1lido y seguro de miles de familias campesinas\u00bb.<\/span><\/p>\n<p><span class=\"text1noticias\">Al acto asistieron el administrador del Banco Agr\u00edcola, Carlos Segura Foster; el presidente administrador del IDECOOP, An\u00edbal Garc\u00eda Duverg\u00e9; el presidente de la Asociaci\u00f3n de Hacendados y Agricultores, Ulises de Beras; el director del IDIAF, Rafael P\u00e9rez Duverg\u00e9; Pablo Cedano, subdirector Administrativo y Financiero del IAD.<\/span><\/p>\n<\/p>\n<p><span class=\"text1noticias\">Adem\u00e1s los subdirectores Antonio Ram\u00edrez y Fausto Monegro; encargados departamentales, as\u00ed como otros empleados, dirigentes campesinos y autoridades militares.<\/span><\/p>\n<\/p>\n<\/p>\n<h6> 2016-04-27 16:27:15 <\/h6>\n<p><!--\n<link rel=\"stylesheet\" href=\"css\/bootstrap.min.css\">\n\n\n<ul class=\"pagination\">\n\t    \n\t\n\n<li >\n\t<a href='?page_no=13136'>Previous<\/a>\n\t<\/li>\n\n\n       \n    \n\n<li><a href='?page_no=1'>1<\/a><\/li>\n\n\n\n<li><a href='?page_no=2'>2<\/a><\/li>\n\n\n\n<li><a>...<\/a><\/li>\n\n\n\n<li><a href='?page_no=13135'>13135<\/a><\/li>\n\n\n\n<li><a href='?page_no=13136'>13136<\/a><\/li>\n\n\n\n<li class='active'><a>13137<\/a><\/li>\n\n\n\n<li><a href='?page_no=13138'>13138<\/a><\/li>\n\n\n\n<li><a href='?page_no=13139'>13139<\/a><\/li>\n\n\n\n<li><a>...<\/a><\/li>\n\n\n\n<li><a href='?page_no=56169'>56169<\/a><\/li>\n\n\n\n<li><a href='?page_no=56170'>56170<\/a><\/li>\n\n    \n\t\n\n<li >\n\t<a href='?page_no=13138'>Next<\/a>\n\t<\/li>\n\n\n    \n\n<li><a href='?page_no=56170'>Last &rsaquo;&rsaquo;<\/a><\/li>\n\n<\/ul>\n\n\n--><br \/>\n<\/body><\/p>\n","protected":false},"excerpt":{"rendered":"<p>Santo Domingo. RD., 27 de abril.- El Instituto Agrario Dominicano (IAD) celebr\u00f3 el 54 aniversario de su fundaci\u00f3n con una Misa de Acci\u00f3n de Gracias en la Parroquia Nuestra Se\u00f1ora de la Altagracia y una Ofrenda Floral en el Altar de la Patria. Durante la misa celebrada en la Parroquia del Ministerio de Defensa, el [&hellip;]<\/p>\n","protected":false},"author":3,"featured_media":0,"comment_status":"open","ping_status":"open","sticky":false,"template":"","format":"standard","meta":{"footnotes":""},"categories":[20],"tags":[],"class_list":["post-218746","post","type-post","status-publish","format-standard","hentry","category-dominicana-hoy"],"_links":{"self":[{"href":"https:\/\/diariodominicano.com\/index.php?rest_route=\/wp\/v2\/posts\/218746","targetHints":{"allow":["GET"]}}],"collection":[{"href":"https:\/\/diariodominicano.com\/index.php?rest_route=\/wp\/v2\/posts"}],"about":[{"href":"https:\/\/diariodominicano.com\/index.php?rest_route=\/wp\/v2\/types\/post"}],"author":[{"embeddable":true,"href":"https:\/\/diariodominicano.com\/index.php?rest_route=\/wp\/v2\/users\/3"}],"replies":[{"embeddable":true,"href":"https:\/\/diariodominicano.com\/index.php?rest_route=%2Fwp%2Fv2%2Fcomments&post=218746"}],"version-history":[{"count":0,"href":"https:\/\/diariodominicano.com\/index.php?rest_route=\/wp\/v2\/posts\/218746\/revisions"}],"wp:attachment":[{"href":"https:\/\/diariodominicano.com\/index.php?rest_route=%2Fwp%2Fv2%2Fmedia&parent=218746"}],"wp:term":[{"taxonomy":"category","embeddable":true,"href":"https:\/\/diariodominicano.com\/index.php?rest_route=%2Fwp%2Fv2%2Fcategories&post=218746"},{"taxonomy":"post_tag","embeddable":true,"href":"https:\/\/diariodominicano.com\/index.php?rest_route=%2Fwp%2Fv2%2Ftags&post=218746"}],"curies":[{"name":"wp","href":"https:\/\/api.w.org\/{rel}","templated":true}]}}