{"id":218745,"date":"2016-04-27T16:46:41","date_gmt":"2016-04-27T16:46:41","guid":{"rendered":"http:\/\/diariodominicano.ddns.net\/?p=218745"},"modified":"2016-04-27T16:46:41","modified_gmt":"2016-04-27T16:46:41","slug":"indotel-minerd-y-cipaf-convocan-a-130-ninas-a-un-taller-sobre-tecnologias-tic","status":"publish","type":"post","link":"https:\/\/diariodominicano.com\/?p=218745","title":{"rendered":"Indotel, MINERD y CIPAF convocan a 130 ni\u00f1as a un taller sobre tecnolog\u00edas TIC"},"content":{"rendered":"<p><body><\/p>\n<\/p>\n<p><span class=\"text1noticias\">Santo Domingo. RD., 27 de abril.-El Instituto Dominicano de las Telecomunicaciones (Indotel), el Ministerio de Educaci\u00f3n (MINERD) y el Centro de Investigaci\u00f3n para la Acci\u00f3n Femenina (CIPAF), convocaron a 130 ni\u00f1as a un taller con Ciencia Divertida sobre tem\u00e1tica de las Tecnolog\u00edas de la Informaci\u00f3n y la Comunicaci\u00f3n (TIC), con motivo de celebrarse el D\u00eda Mundial de las Ni\u00f1as en las TIC.<\/span><\/p>\n<\/p>\n<p><span class=\"text1noticias\">La actividad tendr\u00e1 lugar a partir de las 9:00 de la ma\u00f1ana este jueves 28 en el sal\u00f3n de actos del Centro Cultural de las Telecomunicaciones (CCT\/Indotel).<\/span><\/p>\n<p><span class=\"text1noticias\">El D\u00eda Internacional de las Ni\u00f1as en las TIC, que se celebra el cuarto jueves de abril de cada a\u00f1o, es una iniciativa impulsada desde el 2010 por la Uni\u00f3n Internacional de Telecomunicaciones (UIT), organismo de las Naciones Unidas que regula las tecnolog\u00edas de la comunicaci\u00f3n.<\/span><\/p>\n<\/p>\n<p><span class=\"text1noticias\">La designaci\u00f3n de este d\u00eda tiene como objetivo promover en todo el mundo un entorno que facilite el empoderamiento  de las ni\u00f1as y las mujeres j\u00f3venes interesadas en el estudio de carreras profesionales en el campo de las tecnolog\u00edas de la informaci\u00f3n y la comunicaci\u00f3n (TIC).<\/span><\/p>\n<\/p>\n<p><span class=\"text1noticias\">\u00abEl pa\u00eds y el mundo necesitan que m\u00e1s mujeres participen activamente en el desarrollo de las matem\u00e1ticas, tecnolog\u00eda, la ciencia y las ingenier\u00edas\u00bb, se\u00f1ala un documento de prensa del Indotel, MINERD y el CIPAF.<\/span><\/p>\n<\/p>\n<p><span class=\"text1noticias\">Advierten estas instituciones que a pesar de las grandes ventajas que las carreras tecnol\u00f3gicas ofrecen, tanto en el plano laboral como salarial, ni\u00f1as y mujeres j\u00f3venes, en todo el mundo, ni siquiera llegan a plantearse estudiar una carrera en estas \u00e1reas.<\/span><\/p>\n<\/p>\n<p><span class=\"text1noticias\">Atribuyen esta situaci\u00f3n a las limitaciones creadas por pre-juicios y estereotipos de g\u00e9nero que actualmente est\u00e1n en v\u00eda de superaci\u00f3n.<\/span><\/p>\n<\/p>\n<p><span class=\"text1noticias\">En tal sentido, el Indotel, MINERD y el CIPAF desarrollan durante la semana del 25 al 29 de este abril una serie de actividades dirigidas a acercar a las ni\u00f1a y j\u00f3venes a conocer las ventajas y las excelentes perspectivas sociales y laborales que existen en el sector de las TIC.<\/span><\/p>\n<\/p>\n<p><span class=\"text1noticias\">Ayer martes m\u00e1s de 300 j\u00f3venes de los clubes de matem\u00e1ticas, Ciencias, Ingenier\u00edas y tecnolog\u00edas (MCIT\/STEM), conocidas como las Superm\u00e1ticas de las escuelas de las Regionales 10 y 15 de Educaci\u00f3n, participaron en el Show interactivo de las Ni\u00f1as en las TIC que se celebr\u00f3 en Cinemateca Dominicana.<\/span><\/p>\n<p><span class=\"text1noticias\">La actividad consisti\u00f3 en la proyecci\u00f3n de una pel\u00edcula para dar a conocer las TIC, la cuales son carreras universitarias en estas \u00e1reas y las profesiones con mayor potencial de crecimiento.<\/span><\/p>\n<\/p>\n<p><span class=\"text1noticias\">En tanto, otras 130 ni\u00f1as asistir\u00e1n al taller con Ciencia Divertida sobre tem\u00e1tica TIC en el CCT y ma\u00f1ana viernes cerrar\u00e1 la semana aniversario con una celebraci\u00f3n en el programa radial de la DGIE \u00abEstamos en TIC\u00bb, que se transmite de 5:00  a 6:00 de la tarde en Radio Educativa Dominicana, que difunde el uso de las TIC en la educaci\u00f3n.<\/span><\/p>\n<\/p>\n<p><span class=\"text1noticias\">Indotel y las dem\u00e1s instituciones invitaron a la poblaci\u00f3n a entrar al Portal de las Ni\u00f1as en las TIC de la UIT en la direcci\u00f3n www.girlsinict.org, en el que se ofrecen m\u00e1s informaciones e iniciativas sobre c\u00f3mo realizar actividades que induzcan a participar en carreras profesionales en tecnolog\u00edas..<\/span>.<\/p>\n<\/p>\n<\/p>\n<h6> 2016-04-27 16:46:41 <\/h6>\n<p><!--\n<link rel=\"stylesheet\" href=\"css\/bootstrap.min.css\">\n\n\n<ul class=\"pagination\">\n\t    \n\t\n\n<li >\n\t<a href='?page_no=13135'>Previous<\/a>\n\t<\/li>\n\n\n       \n    \n\n<li><a href='?page_no=1'>1<\/a><\/li>\n\n\n\n<li><a href='?page_no=2'>2<\/a><\/li>\n\n\n\n<li><a>...<\/a><\/li>\n\n\n\n<li><a href='?page_no=13134'>13134<\/a><\/li>\n\n\n\n<li><a href='?page_no=13135'>13135<\/a><\/li>\n\n\n\n<li class='active'><a>13136<\/a><\/li>\n\n\n\n<li><a href='?page_no=13137'>13137<\/a><\/li>\n\n\n\n<li><a href='?page_no=13138'>13138<\/a><\/li>\n\n\n\n<li><a>...<\/a><\/li>\n\n\n\n<li><a href='?page_no=56169'>56169<\/a><\/li>\n\n\n\n<li><a href='?page_no=56170'>56170<\/a><\/li>\n\n    \n\t\n\n<li >\n\t<a href='?page_no=13137'>Next<\/a>\n\t<\/li>\n\n\n    \n\n<li><a href='?page_no=56170'>Last &rsaquo;&rsaquo;<\/a><\/li>\n\n<\/ul>\n\n\n--><br \/>\n<\/body><\/p>\n","protected":false},"excerpt":{"rendered":"<p>Santo Domingo. RD., 27 de abril.-El Instituto Dominicano de las Telecomunicaciones (Indotel), el Ministerio de Educaci\u00f3n (MINERD) y el Centro de Investigaci\u00f3n para la Acci\u00f3n Femenina (CIPAF), convocaron a 130 ni\u00f1as a un taller con Ciencia Divertida sobre tem\u00e1tica de las Tecnolog\u00edas de la Informaci\u00f3n y la Comunicaci\u00f3n (TIC), con motivo de celebrarse el D\u00eda [&hellip;]<\/p>\n","protected":false},"author":3,"featured_media":0,"comment_status":"open","ping_status":"open","sticky":false,"template":"","format":"standard","meta":{"footnotes":""},"categories":[20],"tags":[],"class_list":["post-218745","post","type-post","status-publish","format-standard","hentry","category-dominicana-hoy"],"_links":{"self":[{"href":"https:\/\/diariodominicano.com\/index.php?rest_route=\/wp\/v2\/posts\/218745","targetHints":{"allow":["GET"]}}],"collection":[{"href":"https:\/\/diariodominicano.com\/index.php?rest_route=\/wp\/v2\/posts"}],"about":[{"href":"https:\/\/diariodominicano.com\/index.php?rest_route=\/wp\/v2\/types\/post"}],"author":[{"embeddable":true,"href":"https:\/\/diariodominicano.com\/index.php?rest_route=\/wp\/v2\/users\/3"}],"replies":[{"embeddable":true,"href":"https:\/\/diariodominicano.com\/index.php?rest_route=%2Fwp%2Fv2%2Fcomments&post=218745"}],"version-history":[{"count":0,"href":"https:\/\/diariodominicano.com\/index.php?rest_route=\/wp\/v2\/posts\/218745\/revisions"}],"wp:attachment":[{"href":"https:\/\/diariodominicano.com\/index.php?rest_route=%2Fwp%2Fv2%2Fmedia&parent=218745"}],"wp:term":[{"taxonomy":"category","embeddable":true,"href":"https:\/\/diariodominicano.com\/index.php?rest_route=%2Fwp%2Fv2%2Fcategories&post=218745"},{"taxonomy":"post_tag","embeddable":true,"href":"https:\/\/diariodominicano.com\/index.php?rest_route=%2Fwp%2Fv2%2Ftags&post=218745"}],"curies":[{"name":"wp","href":"https:\/\/api.w.org\/{rel}","templated":true}]}}