{"id":218742,"date":"2016-04-27T18:35:32","date_gmt":"2016-04-27T18:35:32","guid":{"rendered":"http:\/\/diariodominicano.ddns.net\/?p=218742"},"modified":"2016-04-27T18:35:32","modified_gmt":"2016-04-27T18:35:32","slug":"rd-sede-de-reunion-de-gestion-integral-de-riesgos-de-desastres-de-la-celac","status":"publish","type":"post","link":"https:\/\/diariodominicano.com\/?p=218742","title":{"rendered":"RD sede de reuni\u00f3n de gesti\u00f3n integral de riesgos de desastres de la CELAC"},"content":{"rendered":"<p><body><\/p>\n<p><img decoding=\"async\" src=\"img3\/Fachada.jpg\" \/>  <\/p>\n<\/p>\n<p><span class=\"text1noticias\">Santo Domingo. RD., 27 de abril.- El ministro de Relaciones Exteriores, arquitecto Andr\u00e9s Navarro, encabezar\u00e1 este jueves la apertura de la \u00abReuni\u00f3n de Altos Funcionarios sobre Gesti\u00f3n Integral de Riesgos de Desastres\u00bb de la Comunidad de Estados Latinoamericanos y Caribe\u00f1os (CELAC), evento que se desarrollar\u00e1 durante los d\u00edas 28 y 29 de abril en el hotel  Barcel\u00f3- Lina.<\/span><\/p>\n<\/p>\n<p><span class=\"text1noticias\">En el encuentro regional, en el marco de la agenda de la Presidencia Pro T\u00e9mpore de la CELAC que ostenta la Rep\u00fablica Dominicana, participar\u00e1n funcionarios del m\u00e1s alto nivel en materia de gesti\u00f3n de riesgos de desastres pertenecientes a los 33 estados miembros del organismo regional.<\/span><\/p>\n<\/p>\n<p><span class=\"text1noticias\">\u00abCon este compromiso de la PPT-CELAC se iniciar\u00e1n los trabajos para desarrollar un plan de acci\u00f3n regional sobre la base de los avances alcanzados en el marco de los Mecanismos Internacionales para la Asistencia Humanitaria (MIAH) y de acara a las oportunidades que ofrece el Acuerdo de Par\u00eds sobre el Cambio Clim\u00e1tico adoptado en diciembre del a\u00f1o pasado\u00bb, precisa la Canciller\u00eda a trav\u00e9s de un comunicado de prensa.<\/span><\/p>\n<\/p>\n<p><span class=\"text1noticias\">Durante la actividad que iniciar\u00e1 a las 8:30 de la ma\u00f1ana, encabezada por el presidente de la Comisi\u00f3n Nacional de Emergencias (CNE), mayor general Rafael De Luna Pichirilo, se producir\u00e1 la disertaci\u00f3n magistral con el tema \u00abDesaf\u00edos y Oportunidades para Fortalecer los Mecanismos de Asistencia Humanitaria\u00bb, a cargo de la doctora Wendy Cue, jefa de la Oficina Regional para Am\u00e9rica Latina y el Caribe del Departamento de Coordinaci\u00f3n de Asuntos Humanitarios de la Organizaci\u00f3n de las Naciones Unidas (ONU).<\/span><\/p>\n<\/p>\n<p><span class=\"text1noticias\">En esta reuni\u00f3n sectorial de la PPT-CELAC-RD tiene como prop\u00f3sito de identificar los lineamientos generales de una agenda estrat\u00e9gica regional, que persiga adem\u00e1s, incluir propuestas de reducci\u00f3n de riesgos de desastres y asistencia humanitaria y de apoyo para la rehabilitaci\u00f3n de los pa\u00edses.<\/span><\/p>\n<\/p>\n<p><span class=\"text1noticias\">Los trabajos se enfocar\u00e1n en la discusi\u00f3n de los elementos prioritarios para la regi\u00f3n en el contexto de la reducci\u00f3n de riesgos de desastres y la acci\u00f3n humanitaria, a fin de establecer un plan de acci\u00f3n regional hacia el fortalecimiento y creaci\u00f3n de nuevos mecanismos de colaboraci\u00f3n mutua.<\/span><\/p>\n<\/p>\n<p><span class=\"text1noticias\">Indica que el referido plan de acci\u00f3n responder\u00e1 a las prioridades de la CELAC en materia de desastres de cara al futuro, as\u00ed como el estudio de posibles mecanismos para el intercambio de capacidades y recursos en casos de emergencias de ese tipo, as\u00ed como promover el intercambio de informaci\u00f3n, di\u00e1logo y coordinaci\u00f3n entre los pa\u00edses miembros de la CELAC, en el proceso hacia la Cumbre Mundial Humanitaria a desarrollarse el mayo pr\u00f3ximo en Estambul, Turqu\u00eda.<\/span><\/p>\n<\/p>\n<p><span class=\"text1noticias\">En las plenarias del evento regional que se extender\u00e1 hasta el viernes, participar\u00e1n delegaciones de Rep\u00fablica Dominicana, Argentina, Chile, Bolivia, Brasil, Colombia, Costa Rica, Guatemala, Jamaica, Honduras, M\u00e9xico, Nicaragua, Panam\u00e1, Paraguay, Per\u00fa, Santa Luc\u00eda y Uruguay, entre otras.<\/span><\/p>\n<\/p>\n<h6> 2016-04-27 18:35:32 <\/h6>\n<p><!--\n<link rel=\"stylesheet\" href=\"css\/bootstrap.min.css\">\n\n\n<ul class=\"pagination\">\n\t    \n\t\n\n<li >\n\t<a href='?page_no=13132'>Previous<\/a>\n\t<\/li>\n\n\n       \n    \n\n<li><a href='?page_no=1'>1<\/a><\/li>\n\n\n\n<li><a href='?page_no=2'>2<\/a><\/li>\n\n\n\n<li><a>...<\/a><\/li>\n\n\n\n<li><a href='?page_no=13131'>13131<\/a><\/li>\n\n\n\n<li><a href='?page_no=13132'>13132<\/a><\/li>\n\n\n\n<li class='active'><a>13133<\/a><\/li>\n\n\n\n<li><a href='?page_no=13134'>13134<\/a><\/li>\n\n\n\n<li><a href='?page_no=13135'>13135<\/a><\/li>\n\n\n\n<li><a>...<\/a><\/li>\n\n\n\n<li><a href='?page_no=56169'>56169<\/a><\/li>\n\n\n\n<li><a href='?page_no=56170'>56170<\/a><\/li>\n\n    \n\t\n\n<li >\n\t<a href='?page_no=13134'>Next<\/a>\n\t<\/li>\n\n\n    \n\n<li><a href='?page_no=56170'>Last &rsaquo;&rsaquo;<\/a><\/li>\n\n<\/ul>\n\n\n--><br \/>\n<\/body><\/p>\n","protected":false},"excerpt":{"rendered":"<p>Santo Domingo. RD., 27 de abril.- El ministro de Relaciones Exteriores, arquitecto Andr\u00e9s Navarro, encabezar\u00e1 este jueves la apertura de la \u00abReuni\u00f3n de Altos Funcionarios sobre Gesti\u00f3n Integral de Riesgos de Desastres\u00bb de la Comunidad de Estados Latinoamericanos y Caribe\u00f1os (CELAC), evento que se desarrollar\u00e1 durante los d\u00edas 28 y 29 de abril en el [&hellip;]<\/p>\n","protected":false},"author":3,"featured_media":0,"comment_status":"open","ping_status":"open","sticky":false,"template":"","format":"standard","meta":{"footnotes":""},"categories":[20],"tags":[],"class_list":["post-218742","post","type-post","status-publish","format-standard","hentry","category-dominicana-hoy"],"_links":{"self":[{"href":"https:\/\/diariodominicano.com\/index.php?rest_route=\/wp\/v2\/posts\/218742","targetHints":{"allow":["GET"]}}],"collection":[{"href":"https:\/\/diariodominicano.com\/index.php?rest_route=\/wp\/v2\/posts"}],"about":[{"href":"https:\/\/diariodominicano.com\/index.php?rest_route=\/wp\/v2\/types\/post"}],"author":[{"embeddable":true,"href":"https:\/\/diariodominicano.com\/index.php?rest_route=\/wp\/v2\/users\/3"}],"replies":[{"embeddable":true,"href":"https:\/\/diariodominicano.com\/index.php?rest_route=%2Fwp%2Fv2%2Fcomments&post=218742"}],"version-history":[{"count":0,"href":"https:\/\/diariodominicano.com\/index.php?rest_route=\/wp\/v2\/posts\/218742\/revisions"}],"wp:attachment":[{"href":"https:\/\/diariodominicano.com\/index.php?rest_route=%2Fwp%2Fv2%2Fmedia&parent=218742"}],"wp:term":[{"taxonomy":"category","embeddable":true,"href":"https:\/\/diariodominicano.com\/index.php?rest_route=%2Fwp%2Fv2%2Fcategories&post=218742"},{"taxonomy":"post_tag","embeddable":true,"href":"https:\/\/diariodominicano.com\/index.php?rest_route=%2Fwp%2Fv2%2Ftags&post=218742"}],"curies":[{"name":"wp","href":"https:\/\/api.w.org\/{rel}","templated":true}]}}