{"id":218739,"date":"2016-04-28T11:20:05","date_gmt":"2016-04-28T11:20:05","guid":{"rendered":"http:\/\/diariodominicano.ddns.net\/?p=218739"},"modified":"2016-04-28T11:20:05","modified_gmt":"2016-04-28T11:20:05","slug":"fiscalia-puerto-plata-y-consejo-nacional-de-drogas-imparten-charla","status":"publish","type":"post","link":"https:\/\/diariodominicano.com\/?p=218739","title":{"rendered":"Fiscal\u00eda Puerto Plata y Consejo Nacional de Drogas imparten charla"},"content":{"rendered":"<p><body><\/p>\n<p><img decoding=\"async\" src=\"img3\/DSC_6734.JPG\" \/><br \/><img decoding=\"async\" src=\"img3\/DSC02895.JPG\" \/>  <\/p>\n<p><span class=\"text1noticias\">Puerto Plata, R.D., 28 de abril.- En ocasi\u00f3n de celebrarse las fiestas patronales de San Jos\u00e9 de Altamira, la Fiscal\u00eda de esta ciudad y el Consejo Nacional de Drogas, impartieron charlas en diferentes centros educativos, sobre prevenci\u00f3n en las diferentes problem\u00e1ticas que afectan dicha comunidad.<\/span><\/p>\n<p><span class=\"text1noticias\"> <\/span><\/p>\n<p><span class=\"text1noticias\">El liceo Rub\u00e9n Dar\u00edo, las escuelas Rafaela Santos y Enrique Chamberlain, recibieron la visita del fiscal titular de Puerto Plata, Osvaldo Bonilla, miembros del Consejo Nacional de Drogas; y Mario Almonte, fiscal del departamento de drogas de la fiscal\u00eda de Santiago, quienes orientaron a los padres y estudiantes sobre el consumo de drogas en la adolescencia, protecci\u00f3n al medio ambiente y  la permisividad  de menores de edad en centros de diversi\u00f3n donde se consume bebidas alcoh\u00f3licas.<\/span><\/p>\n<p><span class=\"text1noticias\"> <\/span><\/p>\n<p><span class=\"text1noticias\">De igual modo se les hizo el llamado a cuidar su vida y reflexionar sobre sus actos a los j\u00f3venes que acostumbran hacer carreras en motores en las comunidades de Quebrada Honda y las Piedras.<\/span><\/p>\n<p><span class=\"text1noticias\"> <\/span><\/p>\n<p><span class=\"text1noticias\">Adem\u00e1s le invitaron a participar en la construcci\u00f3n de una nueva educaci\u00f3n basada en valores respetando a los padres y maestros, dejando atr\u00e1s el modelo del dinero f\u00e1cil y los anti valores para juntos formar una mejor sociedad.<\/span><\/p>\n<p><span class=\"text1noticias\"> <\/span><\/p>\n<h6> 2016-04-28 11:20:05 <\/h6>\n<p><!--\n<link rel=\"stylesheet\" href=\"css\/bootstrap.min.css\">\n\n\n<ul class=\"pagination\">\n\t    \n\t\n\n<li >\n\t<a href='?page_no=13129'>Previous<\/a>\n\t<\/li>\n\n\n       \n    \n\n<li><a href='?page_no=1'>1<\/a><\/li>\n\n\n\n<li><a href='?page_no=2'>2<\/a><\/li>\n\n\n\n<li><a>...<\/a><\/li>\n\n\n\n<li><a href='?page_no=13128'>13128<\/a><\/li>\n\n\n\n<li><a href='?page_no=13129'>13129<\/a><\/li>\n\n\n\n<li class='active'><a>13130<\/a><\/li>\n\n\n\n<li><a href='?page_no=13131'>13131<\/a><\/li>\n\n\n\n<li><a href='?page_no=13132'>13132<\/a><\/li>\n\n\n\n<li><a>...<\/a><\/li>\n\n\n\n<li><a href='?page_no=56169'>56169<\/a><\/li>\n\n\n\n<li><a href='?page_no=56170'>56170<\/a><\/li>\n\n    \n\t\n\n<li >\n\t<a href='?page_no=13131'>Next<\/a>\n\t<\/li>\n\n\n    \n\n<li><a href='?page_no=56170'>Last &rsaquo;&rsaquo;<\/a><\/li>\n\n<\/ul>\n\n\n--><br \/>\n<\/body><\/p>\n","protected":false},"excerpt":{"rendered":"<p>Puerto Plata, R.D., 28 de abril.- En ocasi\u00f3n de celebrarse las fiestas patronales de San Jos\u00e9 de Altamira, la Fiscal\u00eda de esta ciudad y el Consejo Nacional de Drogas, impartieron charlas en diferentes centros educativos, sobre prevenci\u00f3n en las diferentes problem\u00e1ticas que afectan dicha comunidad. El liceo Rub\u00e9n Dar\u00edo, las escuelas Rafaela Santos y Enrique [&hellip;]<\/p>\n","protected":false},"author":3,"featured_media":0,"comment_status":"open","ping_status":"open","sticky":false,"template":"","format":"standard","meta":{"footnotes":""},"categories":[20],"tags":[],"class_list":["post-218739","post","type-post","status-publish","format-standard","hentry","category-dominicana-hoy"],"_links":{"self":[{"href":"https:\/\/diariodominicano.com\/index.php?rest_route=\/wp\/v2\/posts\/218739","targetHints":{"allow":["GET"]}}],"collection":[{"href":"https:\/\/diariodominicano.com\/index.php?rest_route=\/wp\/v2\/posts"}],"about":[{"href":"https:\/\/diariodominicano.com\/index.php?rest_route=\/wp\/v2\/types\/post"}],"author":[{"embeddable":true,"href":"https:\/\/diariodominicano.com\/index.php?rest_route=\/wp\/v2\/users\/3"}],"replies":[{"embeddable":true,"href":"https:\/\/diariodominicano.com\/index.php?rest_route=%2Fwp%2Fv2%2Fcomments&post=218739"}],"version-history":[{"count":0,"href":"https:\/\/diariodominicano.com\/index.php?rest_route=\/wp\/v2\/posts\/218739\/revisions"}],"wp:attachment":[{"href":"https:\/\/diariodominicano.com\/index.php?rest_route=%2Fwp%2Fv2%2Fmedia&parent=218739"}],"wp:term":[{"taxonomy":"category","embeddable":true,"href":"https:\/\/diariodominicano.com\/index.php?rest_route=%2Fwp%2Fv2%2Fcategories&post=218739"},{"taxonomy":"post_tag","embeddable":true,"href":"https:\/\/diariodominicano.com\/index.php?rest_route=%2Fwp%2Fv2%2Ftags&post=218739"}],"curies":[{"name":"wp","href":"https:\/\/api.w.org\/{rel}","templated":true}]}}