{"id":218730,"date":"2016-04-29T14:04:50","date_gmt":"2016-04-29T14:04:50","guid":{"rendered":"http:\/\/diariodominicano.ddns.net\/?p=218730"},"modified":"2016-04-29T14:04:50","modified_gmt":"2016-04-29T14:04:50","slug":"director-general-de-la-dgdc-aboga-por-la-creacion-del-sueno-dominicano","status":"publish","type":"post","link":"https:\/\/diariodominicano.com\/?p=218730","title":{"rendered":"Director General de la DGDC Aboga por la Creaci\u00f3n del Sue\u00f1o Dominicano"},"content":{"rendered":"<p><body><\/p>\n<p><img decoding=\"async\" src=\"img3\/dgd.JPG\" \/>  <\/p>\n<p>Bani, R. D., 29 de abril.- El Director General de Desarrollo de la Comunidad (DGDC) Luis Acosta Moreta, Luis ?EL GALLO-, abog\u00f3 por la formaci\u00f3n de nuevas generaciones que forjen en sus mentes el gran sue\u00f1o dominicano en vez de estar pensando en el llamado sue\u00f1o americano, que no deja de ser una ilusi\u00f3n o una fantas\u00eda.<\/p>\n<\/p>\n<p>Se\u00f1al\u00f3 que esta es la mejor forma de tener en el futuro un mejor pa\u00eds y que los j\u00f3venes de hoy, as\u00ed como las futuras generaciones amen a su Patria y asuman un concepto de defensa a la Soberan\u00eda Dominicana.<\/p>\n<\/p>\n<p>Acosta Moreta hizo el se\u00f1alamiento mientras encabezaba el acto de investidura de 66 ni\u00f1os, ni\u00f1as y adolescentes de ambos sexos que recibieron los certificados de graduaci\u00f3n  del curso \u00abDiscipulado Cristiano\u00bb, en la Iglesia Faro de Luz del Distrito Municipal Villa Sombrero, Provincia Peravia.<\/p>\n<\/p>\n<p>En su intervenci\u00f3n, Luis ?EL GALLO- dijo sentirse feliz de encabezar una ceremonia donde los protagonistas son los ni\u00f1os, asegurando que hay que protegerlos, cuidarlos y sobre todo ense\u00f1arlos amar su pa\u00eds, su tierra y sus ra\u00edces.<\/p>\n<\/p>\n<p>     \u00abLa sociedad de Villa Sombrero hay que felicitarla y reconocerla por el rol que realiza de cuidar sus ni\u00f1os y proteger esa inocencia  que en los \u00faltimos a\u00f1os se ha perdido. Pedirles a los padres que prolonguen la inocencia de nuestros ni\u00f1os, que s\u00f3lo por capricho no se le cree en sus mentes que para lograr un sue\u00f1o o un mejor porvenir hay que abandonar su pa\u00eds y buscar en tierras extranjeras lo que en nuestro pa\u00eds tenemos\u00bb, indic\u00f3 Acosta Moreta.<\/p>\n<\/p>\n<p>Durante la ceremonia en que se invistieron 66 ni\u00f1os y adolescentes en edades de 8 a 14 a\u00f1os, el dirigente comunitario y pastor de la Iglesia Faro de Luz, Joel Avalo,  agradeci\u00f3 todo el respaldo brindado por el Director General de la DGDC Luis Acosta Moreta, as\u00ed como a los directores de los centros educativos que facilitaron y confiaron en el desarrollo del curso.<\/p>\n<\/p>\n<p>En la actividad, Acosta Moreta distribuy\u00f3 entre los graduandos el Manual de Comportamiento C\u00edvico y Prevenci\u00f3n de Enfermedades, el cual recoge un amplio contenido de consultas sobre educaci\u00f3n c\u00edvica,  as\u00ed como la forma de comportarse para evitar enfermedades.<\/p>\n<\/p>\n<p>Luis ?EL GALLO- en compa\u00f1\u00eda del pastor Joel Avalo, el director de la Escuela Salventina Puello, Oscar Beltr\u00e9, la directora de la Escuela Luis Emilio Pe\u00f1a, Ofelia D\u00edaz, la se\u00f1ora Carmen D\u00edaz, as\u00ed como otras personalidades, recorrieron junto a los graduandos y la Banda Interbarrial de la Direcci\u00f3n General de Desarrollo de la Comunidad las principales calles y avenidas del Distrito Municipal de Villa Sombrero.<\/p>\n<h6> 2016-04-29 14:04:50 <\/h6>\n<p><!--\n<link rel=\"stylesheet\" href=\"css\/bootstrap.min.css\">\n\n\n<ul class=\"pagination\">\n\t    \n\t\n\n<li >\n\t<a href='?page_no=13121'>Previous<\/a>\n\t<\/li>\n\n\n       \n    \n\n<li><a href='?page_no=1'>1<\/a><\/li>\n\n\n\n<li><a href='?page_no=2'>2<\/a><\/li>\n\n\n\n<li><a>...<\/a><\/li>\n\n\n\n<li><a href='?page_no=13120'>13120<\/a><\/li>\n\n\n\n<li><a href='?page_no=13121'>13121<\/a><\/li>\n\n\n\n<li class='active'><a>13122<\/a><\/li>\n\n\n\n<li><a href='?page_no=13123'>13123<\/a><\/li>\n\n\n\n<li><a href='?page_no=13124'>13124<\/a><\/li>\n\n\n\n<li><a>...<\/a><\/li>\n\n\n\n<li><a href='?page_no=56169'>56169<\/a><\/li>\n\n\n\n<li><a href='?page_no=56170'>56170<\/a><\/li>\n\n    \n\t\n\n<li >\n\t<a href='?page_no=13123'>Next<\/a>\n\t<\/li>\n\n\n    \n\n<li><a href='?page_no=56170'>Last &rsaquo;&rsaquo;<\/a><\/li>\n\n<\/ul>\n\n\n--><br \/>\n<\/body><\/p>\n","protected":false},"excerpt":{"rendered":"<p>Bani, R. D., 29 de abril.- El Director General de Desarrollo de la Comunidad (DGDC) Luis Acosta Moreta, Luis ?EL GALLO-, abog\u00f3 por la formaci\u00f3n de nuevas generaciones que forjen en sus mentes el gran sue\u00f1o dominicano en vez de estar pensando en el llamado sue\u00f1o americano, que no deja de ser una ilusi\u00f3n o [&hellip;]<\/p>\n","protected":false},"author":3,"featured_media":0,"comment_status":"open","ping_status":"open","sticky":false,"template":"","format":"standard","meta":{"footnotes":""},"categories":[20],"tags":[],"class_list":["post-218730","post","type-post","status-publish","format-standard","hentry","category-dominicana-hoy"],"_links":{"self":[{"href":"https:\/\/diariodominicano.com\/index.php?rest_route=\/wp\/v2\/posts\/218730","targetHints":{"allow":["GET"]}}],"collection":[{"href":"https:\/\/diariodominicano.com\/index.php?rest_route=\/wp\/v2\/posts"}],"about":[{"href":"https:\/\/diariodominicano.com\/index.php?rest_route=\/wp\/v2\/types\/post"}],"author":[{"embeddable":true,"href":"https:\/\/diariodominicano.com\/index.php?rest_route=\/wp\/v2\/users\/3"}],"replies":[{"embeddable":true,"href":"https:\/\/diariodominicano.com\/index.php?rest_route=%2Fwp%2Fv2%2Fcomments&post=218730"}],"version-history":[{"count":0,"href":"https:\/\/diariodominicano.com\/index.php?rest_route=\/wp\/v2\/posts\/218730\/revisions"}],"wp:attachment":[{"href":"https:\/\/diariodominicano.com\/index.php?rest_route=%2Fwp%2Fv2%2Fmedia&parent=218730"}],"wp:term":[{"taxonomy":"category","embeddable":true,"href":"https:\/\/diariodominicano.com\/index.php?rest_route=%2Fwp%2Fv2%2Fcategories&post=218730"},{"taxonomy":"post_tag","embeddable":true,"href":"https:\/\/diariodominicano.com\/index.php?rest_route=%2Fwp%2Fv2%2Ftags&post=218730"}],"curies":[{"name":"wp","href":"https:\/\/api.w.org\/{rel}","templated":true}]}}