{"id":218721,"date":"2016-04-30T14:13:23","date_gmt":"2016-04-30T14:13:23","guid":{"rendered":"http:\/\/diariodominicano.ddns.net\/?p=218721"},"modified":"2016-04-30T14:13:23","modified_gmt":"2016-04-30T14:13:23","slug":"policia-nacional-forma-28-miembros-en-curso-institucional","status":"publish","type":"post","link":"https:\/\/diariodominicano.com\/?p=218721","title":{"rendered":"Polic\u00eda Nacional forma  28 miembros en curso institucional"},"content":{"rendered":"<p><body><\/p>\n<p><img decoding=\"async\" src=\"img3\/db7988940f85c8f86cdf3389be5bbe0f.jpg\" \/>  <\/p>\n<p><span class=\"text1noticias\">Santo Domingo, R.D., 30 de abril.- La Jefatura de la Polic\u00eda Nacional, a trav\u00e9s del Instituto Especializados de Estudios Superiores  Polic\u00eda Nacional, IEESPON, realiz\u00f3 este viernes la clausura del curso \u00abAn\u00e1lisis Estrat\u00e9gico de la Informaci\u00f3n Policial\u00bb, la cual se llev\u00f3 a cabo con el apoyo de las organizaciones internacionales del Sistema de la Integraci\u00f3n Centroamericana (SICA) y la Direcci\u00f3n General de la Guardia Civil de Espa\u00f1a.<\/span><\/p>\n<\/p>\n<p><span class=\"text1noticias\">Unos 28 miembros de la Polic\u00eda Nacional fueron capacitados en obtenci\u00f3n del conocimiento sobre la Seguridad Democr\u00e1tica Centroamericana en el marco del proceso de integraci\u00f3n y las nuevas amenazas emergentes, adem\u00e1s fueron instruidos en herramientas de intercambio de informaci\u00f3n e inteligencia policial en la UE, entre otros m\u00f3dulos de aprendizaje.<\/span><\/p>\n<\/p>\n<p><span class=\"text1noticias\">El curso fue planificado bajo la \u00abEstrategia de Seguridad de Centroam\u00e9rica\u00bb, programa de profesionalizaci\u00f3n y fortalecimiento que llevan a cabo las agencias de seguridad del pa\u00eds, en combinaci\u00f3n con organismos internacionales; entre ellos la Uni\u00f3n Europea, Cooperaci\u00f3n Espa\u00f1ola, Estrategia de Seguridad de Centroam\u00e9rica (ESCA), el ICESPO y el SICA.<\/span><\/p>\n<\/p>\n<p><span class=\"text1noticias\">El acto estuvo presidido por el General de Brigada Licenciado Orison Olivence Minaya, Rector del IESSPON, el General de Brigada Licenciado Jacinto Minaya Herrera, Director Central de Inteligencia Delictiva (DINTEL), el General de Brigada Licenciado Edward S\u00e1nchez Gonz\u00e1lez, Director de la Direcci\u00f3n Central de Antinarc\u00f3ticos, P.N. (DICAN).<\/span><\/p>\n<\/p>\n<p><span class=\"text1noticias\">El General Orison Olivence Minaya dijo que la jefatura que encabeza el Mayor General Licenciado Nelson Peguero Paredes, contin\u00faa en marcha con la formaci\u00f3n de los hombres y mujeres de la instituci\u00f3n, en cumplimiento a lo estipulado en el art\u00edculo 4 de la Ley 96-04.<\/span><\/p>\n<\/p>\n<p><span class=\"text1noticias\">El alto oficial dijo que este curso fue impartido a los miembros policiales en posici\u00f3n de mando gerencial y de supervisi\u00f3n, as\u00ed como los del nivel operativo.<\/span><\/p>\n<\/p>\n<p><span class=\"text1noticias\">Estuvieron en el acto, adem\u00e1s la Licenciada Carmen Maritza P\u00e9rez, Subdirectora de la Escuela de Capacitaci\u00f3n y Entrenamiento de la DICAN, el Coronel V\u00edctor Bienvenido Cruz Fabi\u00e1n, vicerrector de investigaci\u00f3n y extensi\u00f3n de IEESPON, el Instructor PN, Mayor Licenciado Edgar Bid\u00f3 S\u00e1nchez.<\/span><\/p>\n<\/p>\n<p><span class=\"text1noticias\">En tanto que en la parte extranjera estuvieron el Licenciado Vinicio Mart\u00ednez, Subdirector de la Direcci\u00f3n de Seguridad Democr\u00e1tica de la Secretaria General del SICA, el alto oficial espa\u00f1ol Vicente Corral, de la Direcci\u00f3n General de la Guardia Civil de su pa\u00eds, la Licenciada Cristina Moriz, Coordinadora de Formaci\u00f3n de la Fundaci\u00f3n CEDDET.<\/span><\/p>\n<\/p>\n<p><span class=\"text1noticias\">En el acto, realizado en las instalaciones de la DICAN, el oficial espa\u00f1ol Vicente Corral, dijo sentirse feliz por el alto grado de responsabilidad y aprendizaje que dijo ver en los miembros policiales.<\/span><\/p>\n<\/p>\n<p><span class=\"text1noticias\">El curso fue realizado durante los d\u00edas 25, 26, 27 y 29 de abril, bajo las instrucciones del Mayor P.N., Bid\u00f3 S\u00e1nchez y el oficial espa\u00f1ol Vicente Corral.<\/span><\/p>\n<\/p>\n<h6> 2016-04-30 14:13:23 <\/h6>\n<p><!--\n<link rel=\"stylesheet\" href=\"css\/bootstrap.min.css\">\n\n\n<ul class=\"pagination\">\n\t    \n\t\n\n<li >\n\t<a href='?page_no=13113'>Previous<\/a>\n\t<\/li>\n\n\n       \n    \n\n<li><a href='?page_no=1'>1<\/a><\/li>\n\n\n\n<li><a href='?page_no=2'>2<\/a><\/li>\n\n\n\n<li><a>...<\/a><\/li>\n\n\n\n<li><a href='?page_no=13112'>13112<\/a><\/li>\n\n\n\n<li><a href='?page_no=13113'>13113<\/a><\/li>\n\n\n\n<li class='active'><a>13114<\/a><\/li>\n\n\n\n<li><a href='?page_no=13115'>13115<\/a><\/li>\n\n\n\n<li><a href='?page_no=13116'>13116<\/a><\/li>\n\n\n\n<li><a>...<\/a><\/li>\n\n\n\n<li><a href='?page_no=56169'>56169<\/a><\/li>\n\n\n\n<li><a href='?page_no=56170'>56170<\/a><\/li>\n\n    \n\t\n\n<li >\n\t<a href='?page_no=13115'>Next<\/a>\n\t<\/li>\n\n\n    \n\n<li><a href='?page_no=56170'>Last &rsaquo;&rsaquo;<\/a><\/li>\n\n<\/ul>\n\n\n--><br \/>\n<\/body><\/p>\n","protected":false},"excerpt":{"rendered":"<p>Santo Domingo, R.D., 30 de abril.- La Jefatura de la Polic\u00eda Nacional, a trav\u00e9s del Instituto Especializados de Estudios Superiores Polic\u00eda Nacional, IEESPON, realiz\u00f3 este viernes la clausura del curso \u00abAn\u00e1lisis Estrat\u00e9gico de la Informaci\u00f3n Policial\u00bb, la cual se llev\u00f3 a cabo con el apoyo de las organizaciones internacionales del Sistema de la Integraci\u00f3n Centroamericana [&hellip;]<\/p>\n","protected":false},"author":3,"featured_media":0,"comment_status":"open","ping_status":"open","sticky":false,"template":"","format":"standard","meta":{"footnotes":""},"categories":[20],"tags":[],"class_list":["post-218721","post","type-post","status-publish","format-standard","hentry","category-dominicana-hoy"],"_links":{"self":[{"href":"https:\/\/diariodominicano.com\/index.php?rest_route=\/wp\/v2\/posts\/218721","targetHints":{"allow":["GET"]}}],"collection":[{"href":"https:\/\/diariodominicano.com\/index.php?rest_route=\/wp\/v2\/posts"}],"about":[{"href":"https:\/\/diariodominicano.com\/index.php?rest_route=\/wp\/v2\/types\/post"}],"author":[{"embeddable":true,"href":"https:\/\/diariodominicano.com\/index.php?rest_route=\/wp\/v2\/users\/3"}],"replies":[{"embeddable":true,"href":"https:\/\/diariodominicano.com\/index.php?rest_route=%2Fwp%2Fv2%2Fcomments&post=218721"}],"version-history":[{"count":0,"href":"https:\/\/diariodominicano.com\/index.php?rest_route=\/wp\/v2\/posts\/218721\/revisions"}],"wp:attachment":[{"href":"https:\/\/diariodominicano.com\/index.php?rest_route=%2Fwp%2Fv2%2Fmedia&parent=218721"}],"wp:term":[{"taxonomy":"category","embeddable":true,"href":"https:\/\/diariodominicano.com\/index.php?rest_route=%2Fwp%2Fv2%2Fcategories&post=218721"},{"taxonomy":"post_tag","embeddable":true,"href":"https:\/\/diariodominicano.com\/index.php?rest_route=%2Fwp%2Fv2%2Ftags&post=218721"}],"curies":[{"name":"wp","href":"https:\/\/api.w.org\/{rel}","templated":true}]}}