{"id":218715,"date":"2016-05-02T02:37:48","date_gmt":"2016-05-02T02:37:48","guid":{"rendered":"http:\/\/diariodominicano.ddns.net\/?p=218715"},"modified":"2016-05-02T02:37:48","modified_gmt":"2016-05-02T02:37:48","slug":"repararan-danos-ocasionados-por-lluvias-en-cotui-cevicos-y-gaspar-hernandez","status":"publish","type":"post","link":"https:\/\/diariodominicano.com\/?p=218715","title":{"rendered":"Reparar\u00e1n da\u00f1os ocasionados por lluvias en Cotui, Cevicos y Gaspar Hern\u00e1ndez"},"content":{"rendered":"<p><body><\/p>\n<p><img decoding=\"async\" src=\"img3\/M10-300x297.jpg\" \/><br \/><img decoding=\"async\" src=\"img3\/M11-300x189.jpg\" \/><br \/><img decoding=\"async\" src=\"img3\/M8-300x225.jpg\" \/>  <\/p>\n<p><strong> <\/strong><\/p>\n<p><strong><span class=\"text1noticias\">SANCHEZ RAM\u00cdREZ, (DICOM) 1 de Mayo de 2016.- <\/span><\/strong><span class=\"text1noticias\">Por instrucciones del presidente de la Rep\u00fablica, Danilo Medina, brigadas de Obras Publicas y otras instituciones del Gobierno supervisaron hoy las zonas afectadas por las lluvias, en la que se dispuso la reparaci\u00f3n inmediata de los puentes y carreteras que sufrieron da\u00f1os. La comisi\u00f3n estuvo encabezada por: Ram\u00f3n Pep\u00edn, Jefe de Gabinete de Obras P\u00fablicas, junto a los  generales  Juan Manuel M\u00e9ndez Garc\u00eda, director del Centro de Operaciones de Emergencias  y Estanislao Gonell Regalado, director de la Comisi\u00f3n Militar y Policial adscrita a Obras P\u00fablicas.<\/span><\/p>\n<\/p>\n<p><span class=\"text1noticias\">Ram\u00f3n Pep\u00edn, Jefe de Gabinete MOPCRD, y otros funcionarios iniciaron el recorrido. <\/span><\/p>\n<p><span class=\"text1noticias\">Indicaron que el objetivo de estos trabajos de supervisi\u00f3n, consiste en conocer la problem\u00e1tica de primera mano, para proporcionar la soluci\u00f3n a las comunidades lo m\u00e1s pronto posible, tal y como lo dispuso el jefe de Estado.<\/span><\/p>\n<\/p>\n<p><span class=\"text1noticias\"> Gobierno brinda socorro a familias afectadas<\/span><\/p>\n<\/p>\n<p><span class=\"text1noticias\"> El recorrido para evaluar los da\u00f1os ocasionados por las lluvias registradas en los \u00faltimos d\u00edas abarc\u00f3 las comunidades de Gaspar Hern\u00e1ndez, Cotu\u00ed y Cevicos, en el \u00e1rea m\u00e1s afectada por inundaciones.<\/span><\/p>\n<\/p>\n<p><span class=\"text1noticias\"> En Gaspar Hern\u00e1ndez, las precipitaciones provocaron erosi\u00f3n en la carretera que bordea el r\u00edo Y\u00e1sica, acumulaciones de lodo y escombros, derrumbe de una de las paredes del Polideportivo, y rotura de uno de los aproches del puente sobre el puente que comunica las comunidad de Sabaneta de Y\u00e1sica.<\/span><\/p>\n<\/p>\n<p><span class=\"text1noticias\">Ministro Obras P\u00fablicas acoge llamado del Presidente<\/span><\/p>\n<\/p>\n<p><span class=\"text1noticias\">Brigadas de MOPCRD retiran lodo y escombros de los entornos del polideportivo y play de la comunidad.<\/span><\/p>\n<\/p>\n<p><span class=\"text1noticias\">De inmediato, el ministro de Obras P\u00fablicas Gonzalo Castillo, orden\u00f3 iniciar los trabajos de se\u00f1alizaci\u00f3n preventiva del \u00e1rea afectada de la carretera, el retiro de lodo y escombros con pala mec\u00e1nica, a fin de habilitar el tr\u00e1nsito.<\/span><\/p>\n<\/p>\n<p><span class=\"text1noticias\"> De acuerdo con Obras P\u00fablicas, una vez el r\u00edo Y\u00e1sica vuelva a su caudal, se proceder\u00e1 a intervenir la carretera erosionada.<\/span><\/p>\n<\/p>\n<p><span class=\"text1noticias\"> Juan Manuel M\u00e9ndez  dijo que  tan pronto el presidente Danilo Medina se enter\u00f3 de la situaci\u00f3n instruy\u00f3 a las entidades para que se procediera de inmediato en el socorro de las familias  afectadas y de que se intervenga de una vez los puentes y carreteras  que fueron afectados.<\/span><\/p>\n<\/p>\n<p><span class=\"text1noticias\"> De su lado, la gobernadora de la provincia S\u00e1nchez Ram\u00edrez, Teresa Ynoa detall\u00f3 los da\u00f1os producidos por las fuertes lluvias y destac\u00f3 el inter\u00e9s del presidente Danilo Medina de corregir de inmediato los da\u00f1os producidos.<\/span><\/p>\n<\/p>\n<p><span class=\"text1noticias\"> Soluciones puntuales<\/span><\/p>\n<\/p>\n<p><span class=\"text1noticias\">Las lluvias provocaron erosi\u00f3n en la carretera que bordea el Y\u00e1sica.<\/span><\/p>\n<\/p>\n<\/p>\n<h6> 2016-05-02 02:37:48 <\/h6>\n<p><!--\n<link rel=\"stylesheet\" href=\"css\/bootstrap.min.css\">\n\n\n<ul class=\"pagination\">\n\t    \n\t\n\n<li >\n\t<a href='?page_no=13108'>Previous<\/a>\n\t<\/li>\n\n\n       \n    \n\n<li><a href='?page_no=1'>1<\/a><\/li>\n\n\n\n<li><a href='?page_no=2'>2<\/a><\/li>\n\n\n\n<li><a>...<\/a><\/li>\n\n\n\n<li><a href='?page_no=13107'>13107<\/a><\/li>\n\n\n\n<li><a href='?page_no=13108'>13108<\/a><\/li>\n\n\n\n<li class='active'><a>13109<\/a><\/li>\n\n\n\n<li><a href='?page_no=13110'>13110<\/a><\/li>\n\n\n\n<li><a href='?page_no=13111'>13111<\/a><\/li>\n\n\n\n<li><a>...<\/a><\/li>\n\n\n\n<li><a href='?page_no=56169'>56169<\/a><\/li>\n\n\n\n<li><a href='?page_no=56170'>56170<\/a><\/li>\n\n    \n\t\n\n<li >\n\t<a href='?page_no=13110'>Next<\/a>\n\t<\/li>\n\n\n    \n\n<li><a href='?page_no=56170'>Last &rsaquo;&rsaquo;<\/a><\/li>\n\n<\/ul>\n\n\n--><br \/>\n<\/body><\/p>\n","protected":false},"excerpt":{"rendered":"<p>SANCHEZ RAM\u00cdREZ, (DICOM) 1 de Mayo de 2016.- Por instrucciones del presidente de la Rep\u00fablica, Danilo Medina, brigadas de Obras Publicas y otras instituciones del Gobierno supervisaron hoy las zonas afectadas por las lluvias, en la que se dispuso la reparaci\u00f3n inmediata de los puentes y carreteras que sufrieron da\u00f1os. La comisi\u00f3n estuvo encabezada por: [&hellip;]<\/p>\n","protected":false},"author":3,"featured_media":0,"comment_status":"open","ping_status":"open","sticky":false,"template":"","format":"standard","meta":{"footnotes":""},"categories":[20],"tags":[],"class_list":["post-218715","post","type-post","status-publish","format-standard","hentry","category-dominicana-hoy"],"_links":{"self":[{"href":"https:\/\/diariodominicano.com\/index.php?rest_route=\/wp\/v2\/posts\/218715","targetHints":{"allow":["GET"]}}],"collection":[{"href":"https:\/\/diariodominicano.com\/index.php?rest_route=\/wp\/v2\/posts"}],"about":[{"href":"https:\/\/diariodominicano.com\/index.php?rest_route=\/wp\/v2\/types\/post"}],"author":[{"embeddable":true,"href":"https:\/\/diariodominicano.com\/index.php?rest_route=\/wp\/v2\/users\/3"}],"replies":[{"embeddable":true,"href":"https:\/\/diariodominicano.com\/index.php?rest_route=%2Fwp%2Fv2%2Fcomments&post=218715"}],"version-history":[{"count":0,"href":"https:\/\/diariodominicano.com\/index.php?rest_route=\/wp\/v2\/posts\/218715\/revisions"}],"wp:attachment":[{"href":"https:\/\/diariodominicano.com\/index.php?rest_route=%2Fwp%2Fv2%2Fmedia&parent=218715"}],"wp:term":[{"taxonomy":"category","embeddable":true,"href":"https:\/\/diariodominicano.com\/index.php?rest_route=%2Fwp%2Fv2%2Fcategories&post=218715"},{"taxonomy":"post_tag","embeddable":true,"href":"https:\/\/diariodominicano.com\/index.php?rest_route=%2Fwp%2Fv2%2Ftags&post=218715"}],"curies":[{"name":"wp","href":"https:\/\/api.w.org\/{rel}","templated":true}]}}