{"id":218714,"date":"2016-05-02T03:28:38","date_gmt":"2016-05-02T03:28:38","guid":{"rendered":"http:\/\/diariodominicano.ddns.net\/?p=218714"},"modified":"2016-05-02T03:28:38","modified_gmt":"2016-05-02T03:28:38","slug":"danilo-medina-hombres-y-mujeres-trabajadoras-hoy-y-siempre-estare-de-su-lado","status":"publish","type":"post","link":"https:\/\/diariodominicano.com\/?p=218714","title":{"rendered":"Danilo Medina: \u00abHombres y mujeres trabajadoras hoy y siempre estar\u00e9 de su lado\u00bb"},"content":{"rendered":"<p><body><\/p>\n<p><img decoding=\"async\" src=\"img3\/trabador.jpg\" \/>  <\/p>\n<p><strong> <\/strong><\/p>\n<p><strong> <\/strong><\/p>\n<p><strong><span class=\"text1noticias\">SANTO DOMINGO, RD, 1 (DICOM)  de Mayo de 2016.-<\/span><\/strong><span class=\"text1noticias\"> El presidente Danilo Medina felicit\u00f3 este domingo a todos los hombres y mujeres que con su talento y dedicaci\u00f3n al trabajo han contribuido al crecimiento y buena imagen del pa\u00eds.<\/span><\/p>\n<\/p>\n<p><span class=\"text1noticias\">A trav\u00e9s de mensajes formulados en su cuenta de twitter, el jefe de Estado expres\u00f3: \u00abLos hombres y mujeres que con su trabajo tesonero hacen crecer la Rep\u00fablica Dominicana saben que hoy y siempre estamos a su lado!\u00bb.<\/span><\/p>\n<\/p>\n<p><span class=\"text1noticias\">En \u00e9ste D\u00eda del Trabajador el gobernante manifest\u00f3 el j\u00fabilo que siente de brindar por la laboriosidad de dominicanos y dominicanas que con su esfuerzo dignifican la naci\u00f3n.  <\/span><\/p>\n<p><span class=\"text1noticias\"><strong>Su esfuerzo engrandece el pa\u00eds<\/strong><\/span><\/p>\n<\/p>\n<p><span class=\"text1noticias\">\u00abCelebramos junto a todos los dominicanos y dominicanas el d\u00eda del trabajador. Su esfuerzo engrandece nuestro pa\u00eds cada d\u00eda\u00bb, manifest\u00f3.<\/span><\/p>\n<\/p>\n<p><span class=\"text1noticias\">En su cuenta personal @DaniloMedina, tambi\u00e9n ratific\u00f3  su compromiso de seguir trabajando por la creaci\u00f3n de m\u00e1s fuentes de empleos, as\u00ed como por el fortalecimiento de mejores condiciones de vida para el sector.<\/span><\/p>\n<p><span class=\"text1noticias\"><strong>400 mil empleos m\u00e1s<\/strong><\/span><\/p>\n<\/p>\n<p><span class=\"text1noticias\">\u00abNuestro compromiso para los pr\u00f3ximos 4 a\u00f1os es crear 400,000 empleos m\u00e1s, para seguir mejorando las condiciones de vida de la gente\u00bb, expres\u00f3 Danilo Medina.<\/span><\/p>\n<\/p>\n<p><span class=\"text1noticias\">Finalmente enfatiz\u00f3 que: \u00abSolo con el apoyo de todos los trabajadores dominicanos y su talento lograremos cumplir nuestras metas. Feliz d\u00eda del trabajador a todos y todas!\u00bb<\/span><\/p>\n<\/p>\n<p><span class=\"text1noticias\">Firme en su comprometido con los trabajadores<\/span><\/p>\n<\/p>\n<p><span class=\"text1noticias\">A trav\u00e9s de su gesti\u00f3n de Gobierno, el presidente Danilo Medina ha dado muestra de colocar al trabajador y la trabajadora dominicana en el centro de las pol\u00edticas p\u00fablicas, superando la meta de alcanzar los 400 mil empleos que se propuso en su presente gesti\u00f3n, as\u00ed como la mejor\u00eda de las condiciones laborales.<\/span><\/p>\n<\/p>\n<h6> 2016-05-02 03:28:38 <\/h6>\n<p><!--\n<link rel=\"stylesheet\" href=\"css\/bootstrap.min.css\">\n\n\n<ul class=\"pagination\">\n\t    \n\t\n\n<li >\n\t<a href='?page_no=13107'>Previous<\/a>\n\t<\/li>\n\n\n       \n    \n\n<li><a href='?page_no=1'>1<\/a><\/li>\n\n\n\n<li><a href='?page_no=2'>2<\/a><\/li>\n\n\n\n<li><a>...<\/a><\/li>\n\n\n\n<li><a href='?page_no=13106'>13106<\/a><\/li>\n\n\n\n<li><a href='?page_no=13107'>13107<\/a><\/li>\n\n\n\n<li class='active'><a>13108<\/a><\/li>\n\n\n\n<li><a href='?page_no=13109'>13109<\/a><\/li>\n\n\n\n<li><a href='?page_no=13110'>13110<\/a><\/li>\n\n\n\n<li><a>...<\/a><\/li>\n\n\n\n<li><a href='?page_no=56169'>56169<\/a><\/li>\n\n\n\n<li><a href='?page_no=56170'>56170<\/a><\/li>\n\n    \n\t\n\n<li >\n\t<a href='?page_no=13109'>Next<\/a>\n\t<\/li>\n\n\n    \n\n<li><a href='?page_no=56170'>Last &rsaquo;&rsaquo;<\/a><\/li>\n\n<\/ul>\n\n\n--><br \/>\n<\/body><\/p>\n","protected":false},"excerpt":{"rendered":"<p>SANTO DOMINGO, RD, 1 (DICOM) de Mayo de 2016.- El presidente Danilo Medina felicit\u00f3 este domingo a todos los hombres y mujeres que con su talento y dedicaci\u00f3n al trabajo han contribuido al crecimiento y buena imagen del pa\u00eds. A trav\u00e9s de mensajes formulados en su cuenta de twitter, el jefe de Estado expres\u00f3: \u00abLos [&hellip;]<\/p>\n","protected":false},"author":3,"featured_media":0,"comment_status":"open","ping_status":"open","sticky":false,"template":"","format":"standard","meta":{"footnotes":""},"categories":[20],"tags":[],"class_list":["post-218714","post","type-post","status-publish","format-standard","hentry","category-dominicana-hoy"],"_links":{"self":[{"href":"https:\/\/diariodominicano.com\/index.php?rest_route=\/wp\/v2\/posts\/218714","targetHints":{"allow":["GET"]}}],"collection":[{"href":"https:\/\/diariodominicano.com\/index.php?rest_route=\/wp\/v2\/posts"}],"about":[{"href":"https:\/\/diariodominicano.com\/index.php?rest_route=\/wp\/v2\/types\/post"}],"author":[{"embeddable":true,"href":"https:\/\/diariodominicano.com\/index.php?rest_route=\/wp\/v2\/users\/3"}],"replies":[{"embeddable":true,"href":"https:\/\/diariodominicano.com\/index.php?rest_route=%2Fwp%2Fv2%2Fcomments&post=218714"}],"version-history":[{"count":0,"href":"https:\/\/diariodominicano.com\/index.php?rest_route=\/wp\/v2\/posts\/218714\/revisions"}],"wp:attachment":[{"href":"https:\/\/diariodominicano.com\/index.php?rest_route=%2Fwp%2Fv2%2Fmedia&parent=218714"}],"wp:term":[{"taxonomy":"category","embeddable":true,"href":"https:\/\/diariodominicano.com\/index.php?rest_route=%2Fwp%2Fv2%2Fcategories&post=218714"},{"taxonomy":"post_tag","embeddable":true,"href":"https:\/\/diariodominicano.com\/index.php?rest_route=%2Fwp%2Fv2%2Ftags&post=218714"}],"curies":[{"name":"wp","href":"https:\/\/api.w.org\/{rel}","templated":true}]}}