{"id":218711,"date":"2016-05-03T12:42:04","date_gmt":"2016-05-03T12:42:04","guid":{"rendered":"http:\/\/diariodominicano.ddns.net\/?p=218711"},"modified":"2016-05-03T12:42:04","modified_gmt":"2016-05-03T12:42:04","slug":"el-presidente-de-la-wao-enaltece-la-labor-de-los-caid","status":"publish","type":"post","link":"https:\/\/diariodominicano.com\/?p=218711","title":{"rendered":"El presidente de la WAO enaltece la labor de los  CAID"},"content":{"rendered":"<p><body><\/p>\n<p><img decoding=\"async\" src=\"img3\/IMG_4108.JPG\" \/>  <\/p>\n<p><span class=\"text1noticias\">Santiago, R. D., 3 de mayo.- El  Presidente de la Organizaci\u00f3n Mundial de Alergia WAO, Dr. Mario S\u00e1nchez, conoci\u00f3 durante una visita de cortes\u00eda los servicios y las instalaciones del CAID, y expres\u00f3 sentirse sorprendido con la labor tan importante y de trascendencia que realiza este centro modelo de atenci\u00f3n integral.  <\/span><\/p>\n<p><span class=\"text1noticias\"> <\/span><\/p>\n<p><span class=\"text1noticias\">Esta visita la realiz\u00f3 junto al expresidente de la Sociedad Venezolana de Alergia, Asma e Inmunolog\u00eda, Dr. Paolo Tassinari, quien destac\u00f3 el compromiso social que tienen los CAID por la creciente demanda de este tipo de atenciones y servicios de calidad.<\/span><\/p>\n<p><span class=\"text1noticias\"> <\/span><\/p>\n<p><span class=\"text1noticias\">Modelo aplicable a nivel mundial<\/span><\/p>\n<p><span class=\"text1noticias\">\u00abA pesar de que no soy experto en las \u00e1reas m\u00e9dicas en las que desempe\u00f1an su labor los CAID, puedo asegurar que este centro viene a llenar un vac\u00edo que es inminente en todos los pa\u00edses en v\u00edas de desarrollo, por lo que este modelo deber\u00eda implementarse en cada uno de ellos\u00bb, expres\u00f3 el doctor S\u00e1nchez, especialista en Inmunolog\u00eda Cl\u00ednica y Alergia, en el Instituto de Inmunolog\u00eda de la Universidad Central de Venezuela.<\/span><\/p>\n<p><span class=\"text1noticias\"> <\/span><\/p>\n<p><span class=\"text1noticias\">Felicitan a Primera Dama<\/span><\/p>\n<p><span class=\"text1noticias\">Los galenos venezolanos felicitaron a la primera dama C\u00e1ndida Montilla de Medina por la labor que realiza a favor de los ni\u00f1os y ni\u00f1as con habilidades diferentes, as\u00ed como a todas sus redes de apoyo.<\/span><\/p>\n<\/p>\n<p><span class=\"text1noticias\">De igual forma, el doctor Paolo Tassinari, Gerente M\u00e9dico l\u00ednea respiratoria Novartis, dijo despu\u00e9s de recorrer las instalaciones del CAID-Santiago, que  esta iniciativa es loable porque da atenci\u00f3n integral y  supervisi\u00f3n continua a los ni\u00f1os y ni\u00f1as con estas condiciones, sobretodo porque en la cultura latinoamericana no existe ese apego a cumplir con los tratamientos y procedimientos que indican los especialistas. <\/span><\/p>\n<p><span class=\"text1noticias\"> <\/span><\/p>\n<p><span class=\"text1noticias\">CAID los distingue<\/span><\/p>\n<p><span class=\"text1noticias\">Durante su visita los especialistas fueron recibidos por el director de CAID-Santiago, Dr. Guillermo \u00c1ngeles,  con quien conversaron sobre diferentes asuntos relativos a la instituci\u00f3n.<\/span><\/p>\n<p><span class=\"text1noticias\"> <\/span><\/p>\n<p><span class=\"text1noticias\">En el encuentro, se les distingui\u00f3 con un pin a cada  galeno con la insignia del centro en agradecimiento por la visita al CAID-Santiago.<\/span><\/p>\n<p><span class=\"text1noticias\"> <\/span><\/p>\n<p><span class=\"text1noticias\">Capacitaci\u00f3n contin\u00faa<\/span><\/p>\n<p><span class=\"text1noticias\">Los CAID nacen como parte de las pol\u00edticas p\u00fablicas de inclusi\u00f3n del gobierno a trav\u00e9s del Despacho de la Primera Dama, en la persona de C\u00e1ndida Montilla de Medina y tiene como valor agregado, ser la \u00fanica entidad de esta naturaleza en reunir 18 servicios en un mismo centro, explic\u00f3 el Dr. Guillermo \u00c1ngeles.<\/span><\/p>\n<p><span class=\"text1noticias\"> <\/span><\/p>\n<p><span class=\"text1noticias\">Como parte del fortalecimiento institucional, los CAID se enfocan en la capacitaci\u00f3n continuada de sus colaboradores y forman parte de una red de trabajo junto a instituciones gubernamentales como INAIPI y las universidades nacionales e internacionales de mayor reconocimie<\/span>nto. <\/p>\n<h6> 2016-05-03 12:42:04 <\/h6>\n<p><!--\n<link rel=\"stylesheet\" href=\"css\/bootstrap.min.css\">\n\n\n<ul class=\"pagination\">\n\t    \n\t\n\n<li >\n\t<a href='?page_no=13104'>Previous<\/a>\n\t<\/li>\n\n\n       \n    \n\n<li><a href='?page_no=1'>1<\/a><\/li>\n\n\n\n<li><a href='?page_no=2'>2<\/a><\/li>\n\n\n\n<li><a>...<\/a><\/li>\n\n\n\n<li><a href='?page_no=13103'>13103<\/a><\/li>\n\n\n\n<li><a href='?page_no=13104'>13104<\/a><\/li>\n\n\n\n<li class='active'><a>13105<\/a><\/li>\n\n\n\n<li><a href='?page_no=13106'>13106<\/a><\/li>\n\n\n\n<li><a href='?page_no=13107'>13107<\/a><\/li>\n\n\n\n<li><a>...<\/a><\/li>\n\n\n\n<li><a href='?page_no=56169'>56169<\/a><\/li>\n\n\n\n<li><a href='?page_no=56170'>56170<\/a><\/li>\n\n    \n\t\n\n<li >\n\t<a href='?page_no=13106'>Next<\/a>\n\t<\/li>\n\n\n    \n\n<li><a href='?page_no=56170'>Last &rsaquo;&rsaquo;<\/a><\/li>\n\n<\/ul>\n\n\n--><br \/>\n<\/body><\/p>\n","protected":false},"excerpt":{"rendered":"<p>Santiago, R. D., 3 de mayo.- El Presidente de la Organizaci\u00f3n Mundial de Alergia WAO, Dr. Mario S\u00e1nchez, conoci\u00f3 durante una visita de cortes\u00eda los servicios y las instalaciones del CAID, y expres\u00f3 sentirse sorprendido con la labor tan importante y de trascendencia que realiza este centro modelo de atenci\u00f3n integral. Esta visita la realiz\u00f3 [&hellip;]<\/p>\n","protected":false},"author":3,"featured_media":0,"comment_status":"open","ping_status":"open","sticky":false,"template":"","format":"standard","meta":{"footnotes":""},"categories":[20],"tags":[],"class_list":["post-218711","post","type-post","status-publish","format-standard","hentry","category-dominicana-hoy"],"_links":{"self":[{"href":"https:\/\/diariodominicano.com\/index.php?rest_route=\/wp\/v2\/posts\/218711","targetHints":{"allow":["GET"]}}],"collection":[{"href":"https:\/\/diariodominicano.com\/index.php?rest_route=\/wp\/v2\/posts"}],"about":[{"href":"https:\/\/diariodominicano.com\/index.php?rest_route=\/wp\/v2\/types\/post"}],"author":[{"embeddable":true,"href":"https:\/\/diariodominicano.com\/index.php?rest_route=\/wp\/v2\/users\/3"}],"replies":[{"embeddable":true,"href":"https:\/\/diariodominicano.com\/index.php?rest_route=%2Fwp%2Fv2%2Fcomments&post=218711"}],"version-history":[{"count":0,"href":"https:\/\/diariodominicano.com\/index.php?rest_route=\/wp\/v2\/posts\/218711\/revisions"}],"wp:attachment":[{"href":"https:\/\/diariodominicano.com\/index.php?rest_route=%2Fwp%2Fv2%2Fmedia&parent=218711"}],"wp:term":[{"taxonomy":"category","embeddable":true,"href":"https:\/\/diariodominicano.com\/index.php?rest_route=%2Fwp%2Fv2%2Fcategories&post=218711"},{"taxonomy":"post_tag","embeddable":true,"href":"https:\/\/diariodominicano.com\/index.php?rest_route=%2Fwp%2Fv2%2Ftags&post=218711"}],"curies":[{"name":"wp","href":"https:\/\/api.w.org\/{rel}","templated":true}]}}