{"id":218708,"date":"2016-05-03T18:14:25","date_gmt":"2016-05-03T18:14:25","guid":{"rendered":"http:\/\/diariodominicano.ddns.net\/?p=218708"},"modified":"2016-05-03T18:14:25","modified_gmt":"2016-05-03T18:14:25","slug":"idac-en-un-dia-con-la-comunidad-en-las-terrenas","status":"publish","type":"post","link":"https:\/\/diariodominicano.com\/?p=218708","title":{"rendered":"IDAC EN \u00abUN D\u00cdA CON LA COMUNIDAD\u00bb EN LAS TERRENAS"},"content":{"rendered":"<p><body><\/p>\n<p><img decoding=\"async\" src=\"img3\/NI.jpg\" \/>  <\/p>\n<\/p>\n<p><span class=\"text1noticias\">Saman\u00e1, RD., 3 de mayo.- Las autoridades y los moradores de Las Terrenas, provincia Saman\u00e1, se manifestaron agradecidos  del Instituto Dominicano de Aviaci\u00f3n Civil (IDAC) por su operativo de car\u00e1cter social del fin de semana, \u00abUn D\u00eda en la Comunidad\u00bb, en ese municipio, que incluy\u00f3  atenciones m\u00e9dicas, orientaci\u00f3n, animaci\u00f3n cultural y entretenimiento.<\/span><\/p>\n<\/p>\n<p><span class=\"text1noticias\">El director del IDAC,  Dr. Alejandro Herrera,  encabez\u00f3 el operativo que cont\u00f3 con la colaboraci\u00f3n de otras instituciones y de funcionarios y servidores de la instituci\u00f3n l\u00edder del sector aeron\u00e1utico nacional en la aplicaci\u00f3n de su programa de responsabilidad social.<\/span><\/p>\n<\/p>\n<p><span class=\"text1noticias\">Desde tempranas horas de la ma\u00f1ana de este s\u00e1bado  las aulas del  centro educativo Profesor Juan Bosch en Las Terrenas se convirtieron en consultorios m\u00e9dicos donde especialistas de la salud, entre ellos pediatras, oftalm\u00f3logos, ginec\u00f3logos, ur\u00f3logos, odont\u00f3logos e internistas recib\u00edan a los pacientes brind\u00e1ndoles atenciones m\u00e9dicas.<\/span><\/p>\n<\/p>\n<p><span class=\"text1noticias\">Los ex\u00e1menes se complementaron con el obsequio de los f\u00e1rmacos requeridos para tratar las dolencias detectados a los pacientes examinados, pues se  cont\u00f3 con una  farmacia habilitada en una de las aulas para hacer entrega de los medicamentos totalmente gratis.<\/span><\/p>\n<\/p>\n<p><span class=\"text1noticias\">Finalizada la consulta, j\u00f3venes y adultos  enriquecieron sus conocimientos a trav\u00e9s de las charlas \u00abPrevenci\u00f3n del  Dengue, Zika y Chikunguya\u00bb, \u00abEquidad de g\u00e9nero y violencia intrafamiliar\u00bb,  \u00abLactancia materna un regalo para toda la vida\u00bb, y \u00abConociendo el IDAC y la ASCA\u00bb.<\/span><\/p>\n<\/p>\n<p><span class=\"text1noticias\">Los expositores interactuaban con los asistentes,  colocando im\u00e1genes y documentales para mayor entendimiento de los temas tratados.<\/span><\/p>\n<\/p>\n<p><span class=\"text1noticias\">En el operativo se donaron  \u00fatiles deportivos, incluyendo canastos de b\u00e1squetbol, pelotas de softbol y de volibol, mesas de domin\u00f3  y de ajedrez.<\/span><\/p>\n<\/p>\n<p><span class=\"text1noticias\">A las embarazadas se les obsequiaron canastillas  y bonos de mil y dos mil pesos para \u00f3rdenes de compras de art\u00edculos requeridos para el parto.<\/span><\/p>\n<\/p>\n<p><span class=\"text1noticias\">Terminada la jornada social, a los mun\u00edcipes se les hac\u00eda entrega de mosquiteros junto a  un material impreso detallando todo sobre la prevenci\u00f3n y el cuidado que se debe tener con  Dengue, Zika y Chikunguya, tambi\u00e9n recib\u00edan raciones de alimentos crudos y un almuerzo suministrado por los Comedores Econ\u00f3micos.<\/span><\/p>\n<\/p>\n<p><span class=\"text1noticias\">La coordinaci\u00f3n del operativo estuvo a cargo  de   Enna Amaro de Arredondo, directora de Planificaci\u00f3n y Desarrollo,  y Luis Abreu, coordinador de Responsabilidad Social, con el apoyo del personal de las diferentes dependencias. Participaron en el operativo: el subdirector general Santiago Rosa Mart\u00ednez y  Lucrecio Polanco, subdirector, as\u00ed como Bol\u00edvar de Le\u00f3n, director de Navegaci\u00f3n A\u00e9rea.<\/span><\/p>\n<\/p>\n<p><span class=\"text1noticias\">Las instituciones que colaboran con esta labor social son: Cuerpo Especializado de Seguridad Aviaci\u00f3n Civil (CESAC), Fuerza A\u00e9rea Dominicana (FAD), Ministerio de Salud P\u00fablica (PS), Ministerio de Obras P\u00fablicas (MOPC), Comedores Econ\u00f3micos, Ministerio de Educaci\u00f3n (MINER), Fundaci\u00f3n Project HOPE, Fundaciones Operativo Oftalmol\u00f3gico (INCA),  Operativo Odontol\u00f3gico Dr. Jos\u00e9 Salda\u00f1a y Walter Gonz\u00e1lez  y la Asociaci\u00f3n Dominicana de Especialistas de Informaci\u00f3n Aeron\u00e1utica (ADEIA). <\/span><\/p>\n<\/p>\n<h6> 2016-05-03 18:14:25 <\/h6>\n<p><!--\n<link rel=\"stylesheet\" href=\"css\/bootstrap.min.css\">\n\n\n<ul class=\"pagination\">\n\t    \n\t\n\n<li >\n\t<a href='?page_no=13101'>Previous<\/a>\n\t<\/li>\n\n\n       \n    \n\n<li><a href='?page_no=1'>1<\/a><\/li>\n\n\n\n<li><a href='?page_no=2'>2<\/a><\/li>\n\n\n\n<li><a>...<\/a><\/li>\n\n\n\n<li><a href='?page_no=13100'>13100<\/a><\/li>\n\n\n\n<li><a href='?page_no=13101'>13101<\/a><\/li>\n\n\n\n<li class='active'><a>13102<\/a><\/li>\n\n\n\n<li><a href='?page_no=13103'>13103<\/a><\/li>\n\n\n\n<li><a href='?page_no=13104'>13104<\/a><\/li>\n\n\n\n<li><a>...<\/a><\/li>\n\n\n\n<li><a href='?page_no=56169'>56169<\/a><\/li>\n\n\n\n<li><a href='?page_no=56170'>56170<\/a><\/li>\n\n    \n\t\n\n<li >\n\t<a href='?page_no=13103'>Next<\/a>\n\t<\/li>\n\n\n    \n\n<li><a href='?page_no=56170'>Last &rsaquo;&rsaquo;<\/a><\/li>\n\n<\/ul>\n\n\n--><br \/>\n<\/body><\/p>\n","protected":false},"excerpt":{"rendered":"<p>Saman\u00e1, RD., 3 de mayo.- Las autoridades y los moradores de Las Terrenas, provincia Saman\u00e1, se manifestaron agradecidos del Instituto Dominicano de Aviaci\u00f3n Civil (IDAC) por su operativo de car\u00e1cter social del fin de semana, \u00abUn D\u00eda en la Comunidad\u00bb, en ese municipio, que incluy\u00f3 atenciones m\u00e9dicas, orientaci\u00f3n, animaci\u00f3n cultural y entretenimiento. El director del [&hellip;]<\/p>\n","protected":false},"author":3,"featured_media":0,"comment_status":"open","ping_status":"open","sticky":false,"template":"","format":"standard","meta":{"footnotes":""},"categories":[20],"tags":[],"class_list":["post-218708","post","type-post","status-publish","format-standard","hentry","category-dominicana-hoy"],"_links":{"self":[{"href":"https:\/\/diariodominicano.com\/index.php?rest_route=\/wp\/v2\/posts\/218708","targetHints":{"allow":["GET"]}}],"collection":[{"href":"https:\/\/diariodominicano.com\/index.php?rest_route=\/wp\/v2\/posts"}],"about":[{"href":"https:\/\/diariodominicano.com\/index.php?rest_route=\/wp\/v2\/types\/post"}],"author":[{"embeddable":true,"href":"https:\/\/diariodominicano.com\/index.php?rest_route=\/wp\/v2\/users\/3"}],"replies":[{"embeddable":true,"href":"https:\/\/diariodominicano.com\/index.php?rest_route=%2Fwp%2Fv2%2Fcomments&post=218708"}],"version-history":[{"count":0,"href":"https:\/\/diariodominicano.com\/index.php?rest_route=\/wp\/v2\/posts\/218708\/revisions"}],"wp:attachment":[{"href":"https:\/\/diariodominicano.com\/index.php?rest_route=%2Fwp%2Fv2%2Fmedia&parent=218708"}],"wp:term":[{"taxonomy":"category","embeddable":true,"href":"https:\/\/diariodominicano.com\/index.php?rest_route=%2Fwp%2Fv2%2Fcategories&post=218708"},{"taxonomy":"post_tag","embeddable":true,"href":"https:\/\/diariodominicano.com\/index.php?rest_route=%2Fwp%2Fv2%2Ftags&post=218708"}],"curies":[{"name":"wp","href":"https:\/\/api.w.org\/{rel}","templated":true}]}}