{"id":218706,"date":"2016-05-04T11:29:44","date_gmt":"2016-05-04T11:29:44","guid":{"rendered":"http:\/\/diariodominicano.ddns.net\/?p=218706"},"modified":"2016-05-04T11:29:44","modified_gmt":"2016-05-04T11:29:44","slug":"presidente-recibe-cartas-credenciales-de-cuatro-nuevos-embajadores","status":"publish","type":"post","link":"https:\/\/diariodominicano.com\/?p=218706","title":{"rendered":"Presidente recibe cartas credenciales de cuatro nuevos embajadores"},"content":{"rendered":"<p><body><\/p>\n<p><img decoding=\"async\" src=\"img3\/credenciales4516.jpg\" \/>  <\/p>\n<p><span class=\"text1noticias\">Santo Domingo, R. D., 3 de mayo (DICOM).- El presidente Danilo Medina recibi\u00f3 la ma\u00f1ana de hoy las cartas credenciales de los nuevos embajadores de El Salvador, la Rep\u00fablica Bolivariana de Venezuela, la Rep\u00fablica de Argentina y la Rep\u00fablica de Costa Rica.<\/span><\/p>\n<p><span class=\"text1noticias\"> <\/span><\/p>\n<p><span class=\"text1noticias\">Los embajadores extraordinarios y plenipotenciarios son Oscar Oswaldo Ch\u00e1vez Valiente, de El Salvador; Al\u00ed de Jes\u00fas Uzc\u00e1tegui Duque, de la Rep\u00fablica Bolivariana de Venezuela; Mar\u00eda Cristina Castro, de la Rep\u00fablica de Argentina y Zaida Emilce Z\u00fa\u00f1iga Valverde, de la Rep\u00fablica de Costa Rica.<\/span><\/p>\n<p><span class=\"text1noticias\"> <\/span><\/p>\n<p><span class=\"text1noticias\">La solemne ceremonia tuvo lugar en el sal\u00f3n de Embajadores del Palacio Nacional a las diez de la ma\u00f1ana.<\/span><\/p>\n<p><span class=\"text1noticias\"> <\/span><\/p>\n<p><span class=\"text1noticias\">En el acto estuvieron adem\u00e1s, la vicepresidenta Margarita Cede\u00f1o, el canciller Andr\u00e9s Navarro, la vicecanciller, Alejandra Liriano, el director de Ceremonial de Estado y Protocolo, Pedro G\u00f3mez y el encargado de Ceremonial de la Direcci\u00f3n de Ceremonial y Protocolo del Poder Ejecutivo, Juan Francisco Rodr\u00edguez El\u00edas.<\/span><\/p>\n<p><span class=\"text1noticias\"> <\/span><\/p>\n<p><span class=\"text1noticias\">Los embajadores<\/span><\/p>\n<p><span class=\"text1noticias\"> <\/span><\/p>\n<p><span class=\"text1noticias\">Oscar Oswaldo Ch\u00e1vez Valiente, El Salvador<\/span><\/p>\n<p><span class=\"text1noticias\"> <\/span><\/p>\n<p><span class=\"text1noticias\"> <\/span><\/p>\n<p><span class=\"text1noticias\">El acto protocolar tuvo lugar en el sal\u00f3n de Embajadores del Palacio Nacional a las diez de la ma\u00f1ana.<\/span><\/p>\n<p><span class=\"text1noticias\">Es soci\u00f3logo, m\u00e1ster en Derechos Humanos y Educaci\u00f3n para la Paz. Fue Comisionado de Polic\u00eda, presidente del Tribunal de Planificaci\u00f3n, Organizaci\u00f3n y Direcci\u00f3n del Desarrollo de las Funciones del Tribunal de Ingresos y Ascensos de la Polic\u00eda Nacional Civil.<\/span><\/p>\n<p><span class=\"text1noticias\"> <\/span><\/p>\n<p><span class=\"text1noticias\">Estuvo en misi\u00f3n en Operaciones de Mantenimiento de la Paz de las Naciones Unidas; form\u00f3 parte de la Polic\u00eda de las Naciones Unidas y Asesor Policial Internacional en la Misi\u00f3n de las Naciones Unidas para la Estabilizaci\u00f3n de Hait\u00ed (MINUSTAH), entre otras. Habla ingl\u00e9s y franc\u00e9s.<\/span><\/p>\n<p><span class=\"text1noticias\"> <\/span><\/p>\n<p><span class=\"text1noticias\">Al\u00ed de Jes\u00fas  Uzc\u00e1tegui Duque, Venezuela<\/span><\/p>\n<p><span class=\"text1noticias\"> <\/span><\/p>\n<p><span class=\"text1noticias\">Licenciado en Ciencias de Artes Militares, egresado de la Academia Militar de Venezuela. Especialista en Finanzas y Magister en Seguridad y Defensa. Ha recibido diferentes condecoraciones otorgadas por las unidades de la Fuerza Armada Nacional y entidades del Gobierno Nacional, entre otros cargos.<\/span><\/p>\n<p><span class=\"text1noticias\"> <\/span><\/p>\n<p><span class=\"text1noticias\">En su trayectoria diplom\u00e1tica se ha desempe\u00f1ado como Embajador de Venezuela en Austria, paralelamente fue representante permanente ante los organismos internacionales con sede en Viena, como son la Oficina de las Naciones Unidas contra la Droga y el Delito y la Oficina para Asuntos de Espacio Exterior.<\/span><\/p>\n<p><span class=\"text1noticias\"> <\/span><\/p>\n<p><span class=\"text1noticias\">Mar\u00eda Cristina Castro, Argentina<\/span><\/p>\n<p><span class=\"text1noticias\"> <\/span><\/p>\n<p><span class=\"text1noticias\">Abogada, graduada en la Universidad de Buenos Aires. Ha realizado estudios superiores de los idiomas ingl\u00e9s, italiano, franc\u00e9s y portugu\u00e9s.<\/span><\/p>\n<p><span class=\"text1noticias\"> <\/span><\/p>\n<p><span class=\"text1noticias\">Ingres\u00f3 al servicio exterior de su pa\u00eds en 1988 y desde entonces ha ocupado distintos cargos diplom\u00e1ticos en Europa y Am\u00e9rica Latina. Ha participado en m\u00faltiples reuniones y conferencias internacionales.<\/span><\/p>\n<p><span class=\"text1noticias\"> <\/span><\/p>\n<p><span class=\"text1noticias\">Zaida Emilce Z\u00fa\u00f1iga Valverde, Costa Rica<\/span><\/p>\n<p><span class=\"text1noticias\"> <\/span><\/p>\n<p><span class=\"text1noticias\">Abogada y notaria, graduada en la Universidad Nacional Mayor de San Marcos, en Per\u00fa, con el t\u00edtulo reconocido y equiparado por la Universidad de Costa Rica.<\/span><\/p>\n<p><span class=\"text1noticias\"> <\/span><\/p>\n<p><span class=\"text1noticias\">Ha desempe\u00f1ado numerosas funciones en el servicio exterior, tales como ministra consejera en la Misi\u00f3n Permanente de Costa Rica ante la Organizaci\u00f3n de Estados Americanos (OEA); ministra consejera y c\u00f3nsul general de Costa Rica en Per\u00fa; encargada de negocios de Costa Rica en Chile; integrante de la Comisi\u00f3n de Derecho Internacional del Colegio de Abogados y Abogadas de Costa Rica, entre otras.<\/span><\/p>\n<h6> 2016-05-04 11:29:44 <\/h6>\n<p><!--\n<link rel=\"stylesheet\" href=\"css\/bootstrap.min.css\">\n\n\n<ul class=\"pagination\">\n\t    \n\t\n\n<li >\n\t<a href='?page_no=13099'>Previous<\/a>\n\t<\/li>\n\n\n       \n    \n\n<li><a href='?page_no=1'>1<\/a><\/li>\n\n\n\n<li><a href='?page_no=2'>2<\/a><\/li>\n\n\n\n<li><a>...<\/a><\/li>\n\n\n\n<li><a href='?page_no=13098'>13098<\/a><\/li>\n\n\n\n<li><a href='?page_no=13099'>13099<\/a><\/li>\n\n\n\n<li class='active'><a>13100<\/a><\/li>\n\n\n\n<li><a href='?page_no=13101'>13101<\/a><\/li>\n\n\n\n<li><a href='?page_no=13102'>13102<\/a><\/li>\n\n\n\n<li><a>...<\/a><\/li>\n\n\n\n<li><a href='?page_no=56169'>56169<\/a><\/li>\n\n\n\n<li><a href='?page_no=56170'>56170<\/a><\/li>\n\n    \n\t\n\n<li >\n\t<a href='?page_no=13101'>Next<\/a>\n\t<\/li>\n\n\n    \n\n<li><a href='?page_no=56170'>Last &rsaquo;&rsaquo;<\/a><\/li>\n\n<\/ul>\n\n\n--><br \/>\n<\/body><\/p>\n","protected":false},"excerpt":{"rendered":"<p>Santo Domingo, R. D., 3 de mayo (DICOM).- El presidente Danilo Medina recibi\u00f3 la ma\u00f1ana de hoy las cartas credenciales de los nuevos embajadores de El Salvador, la Rep\u00fablica Bolivariana de Venezuela, la Rep\u00fablica de Argentina y la Rep\u00fablica de Costa Rica. Los embajadores extraordinarios y plenipotenciarios son Oscar Oswaldo Ch\u00e1vez Valiente, de El Salvador; [&hellip;]<\/p>\n","protected":false},"author":3,"featured_media":0,"comment_status":"open","ping_status":"open","sticky":false,"template":"","format":"standard","meta":{"footnotes":""},"categories":[20],"tags":[],"class_list":["post-218706","post","type-post","status-publish","format-standard","hentry","category-dominicana-hoy"],"_links":{"self":[{"href":"https:\/\/diariodominicano.com\/index.php?rest_route=\/wp\/v2\/posts\/218706","targetHints":{"allow":["GET"]}}],"collection":[{"href":"https:\/\/diariodominicano.com\/index.php?rest_route=\/wp\/v2\/posts"}],"about":[{"href":"https:\/\/diariodominicano.com\/index.php?rest_route=\/wp\/v2\/types\/post"}],"author":[{"embeddable":true,"href":"https:\/\/diariodominicano.com\/index.php?rest_route=\/wp\/v2\/users\/3"}],"replies":[{"embeddable":true,"href":"https:\/\/diariodominicano.com\/index.php?rest_route=%2Fwp%2Fv2%2Fcomments&post=218706"}],"version-history":[{"count":0,"href":"https:\/\/diariodominicano.com\/index.php?rest_route=\/wp\/v2\/posts\/218706\/revisions"}],"wp:attachment":[{"href":"https:\/\/diariodominicano.com\/index.php?rest_route=%2Fwp%2Fv2%2Fmedia&parent=218706"}],"wp:term":[{"taxonomy":"category","embeddable":true,"href":"https:\/\/diariodominicano.com\/index.php?rest_route=%2Fwp%2Fv2%2Fcategories&post=218706"},{"taxonomy":"post_tag","embeddable":true,"href":"https:\/\/diariodominicano.com\/index.php?rest_route=%2Fwp%2Fv2%2Ftags&post=218706"}],"curies":[{"name":"wp","href":"https:\/\/api.w.org\/{rel}","templated":true}]}}