{"id":218703,"date":"2016-05-04T11:39:11","date_gmt":"2016-05-04T11:39:11","guid":{"rendered":"http:\/\/diariodominicano.ddns.net\/?p=218703"},"modified":"2016-05-04T11:39:11","modified_gmt":"2016-05-04T11:39:11","slug":"rodriguez-marchena-informa-danilo-conducira-primer-viaje-extension-metro","status":"publish","type":"post","link":"https:\/\/diariodominicano.com\/?p=218703","title":{"rendered":"Rodr\u00edguez Marchena informa  Danilo conducir\u00e1 primer viaje extensi\u00f3n Metro"},"content":{"rendered":"<p><body><\/p>\n<p><img decoding=\"async\" src=\"img3\/metro-4-5-2016.jpg\" \/><br \/><img decoding=\"async\" src=\"img3\/metro4-5-16.jpg\" \/>  <\/p>\n<p>Santo Domingo, R. D., 4 de mayo (DICOM).- El presidente Danilo Medina conducir\u00e1 este jueves a las 11 de la ma\u00f1ana el primer viaje con pasajeros en la II L\u00ednea del Metro de Santo Domingo en la ruta Distrito Nacional-Santo Domingo Este.<\/p>\n<\/p>\n<p>As\u00ed lo anunci\u00f3 el portavoz del Gobierno y director General de Comunicaci\u00f3n  Roberto Rodr\u00edguez Marchena a trav\u00e9s de su  cuenta Twitter @Rodrigmarchena.<\/p>\n<\/p>\n<p>La extensi\u00f3n de la Segunda L\u00ednea del Metro se encuentra en proceso de prueba, y desde el fin de semana ya varios trenes han estado rodando por rieles que conectan al Distrito Nacional con el municipio Santo Domingo Este.<\/p>\n<\/p>\n<p>Primer presidente en inaugurar dos l\u00edneas del metro en un solo gobierno.<\/p>\n<\/p>\n<p>Al conducir este jueves el primer viaje con pasajeros, Danilo Medina se convertir\u00e1 en el primer presidente dominicano y uno de los pocos en el mundo en inaugurar en un solo periodo de gobierno dos l\u00edneas del metro. El lunes 3 de abril de 2013 puso en marcha la L\u00ednea A del novedoso medio de transporte.<\/p>\n<\/p>\n<p>Seguimiento constante y permanente<\/p>\n<\/p>\n<p>Desde que inici\u00f3 la importante obra el presidente Danilo Medina ha dado un seguimiento constante y permanente a la misma a trav\u00e9s de visitas sorpresa en la que recibe informaciones de primera mano del avance la construcci\u00f3n.<\/p>\n<\/p>\n<p>M\u00e1s de 60 millones de pasajeros usaron el Metro de Santo Domingo en 2015<\/p>\n<\/p>\n<p>Seg\u00fan datos de las  \u00abMemorias Institucionales 2015\u00bb de la Oficina para el Reordenamiento del Transporte (Opret), las l\u00edneas 1 y 2 del Metro de Santo Domingo movilizaron 60,737,690 pasajeros durante el a\u00f1o 2015, lo que se traduce en un incremento de 7.75% en comparaci\u00f3n a los 56,410,989 usuarios transportados en 2014.<\/p>\n<\/p>\n<p>DICOM transmitir\u00e1 EN VIVO<\/p>\n<\/p>\n<p>El acto de inauguraci\u00f3n de la L\u00ednea B del Metro Santo Domingo que conectar\u00e1 en breves minutos al Distrito Nacional con el pujante municipio de Santo Domingo Este ser\u00e1 transmitido EN VIVO desde la p\u00e1gina de la Presidencia de la Rep\u00fablica y por una ampl\u00edsima red de medios digitales, paginas gubernamentales y canales de cable.<\/p>\n<h6> 2016-05-04 11:39:11 <\/h6>\n<p><!--\n<link rel=\"stylesheet\" href=\"css\/bootstrap.min.css\">\n\n\n<ul class=\"pagination\">\n\t    \n\t\n\n<li >\n\t<a href='?page_no=13098'>Previous<\/a>\n\t<\/li>\n\n\n       \n    \n\n<li><a href='?page_no=1'>1<\/a><\/li>\n\n\n\n<li><a href='?page_no=2'>2<\/a><\/li>\n\n\n\n<li><a>...<\/a><\/li>\n\n\n\n<li><a href='?page_no=13097'>13097<\/a><\/li>\n\n\n\n<li><a href='?page_no=13098'>13098<\/a><\/li>\n\n\n\n<li class='active'><a>13099<\/a><\/li>\n\n\n\n<li><a href='?page_no=13100'>13100<\/a><\/li>\n\n\n\n<li><a href='?page_no=13101'>13101<\/a><\/li>\n\n\n\n<li><a>...<\/a><\/li>\n\n\n\n<li><a href='?page_no=56169'>56169<\/a><\/li>\n\n\n\n<li><a href='?page_no=56170'>56170<\/a><\/li>\n\n    \n\t\n\n<li >\n\t<a href='?page_no=13100'>Next<\/a>\n\t<\/li>\n\n\n    \n\n<li><a href='?page_no=56170'>Last &rsaquo;&rsaquo;<\/a><\/li>\n\n<\/ul>\n\n\n--><br \/>\n<\/body><\/p>\n","protected":false},"excerpt":{"rendered":"<p>Santo Domingo, R. D., 4 de mayo (DICOM).- El presidente Danilo Medina conducir\u00e1 este jueves a las 11 de la ma\u00f1ana el primer viaje con pasajeros en la II L\u00ednea del Metro de Santo Domingo en la ruta Distrito Nacional-Santo Domingo Este. As\u00ed lo anunci\u00f3 el portavoz del Gobierno y director General de Comunicaci\u00f3n Roberto [&hellip;]<\/p>\n","protected":false},"author":3,"featured_media":0,"comment_status":"open","ping_status":"open","sticky":false,"template":"","format":"standard","meta":{"footnotes":""},"categories":[20],"tags":[],"class_list":["post-218703","post","type-post","status-publish","format-standard","hentry","category-dominicana-hoy"],"_links":{"self":[{"href":"https:\/\/diariodominicano.com\/index.php?rest_route=\/wp\/v2\/posts\/218703","targetHints":{"allow":["GET"]}}],"collection":[{"href":"https:\/\/diariodominicano.com\/index.php?rest_route=\/wp\/v2\/posts"}],"about":[{"href":"https:\/\/diariodominicano.com\/index.php?rest_route=\/wp\/v2\/types\/post"}],"author":[{"embeddable":true,"href":"https:\/\/diariodominicano.com\/index.php?rest_route=\/wp\/v2\/users\/3"}],"replies":[{"embeddable":true,"href":"https:\/\/diariodominicano.com\/index.php?rest_route=%2Fwp%2Fv2%2Fcomments&post=218703"}],"version-history":[{"count":0,"href":"https:\/\/diariodominicano.com\/index.php?rest_route=\/wp\/v2\/posts\/218703\/revisions"}],"wp:attachment":[{"href":"https:\/\/diariodominicano.com\/index.php?rest_route=%2Fwp%2Fv2%2Fmedia&parent=218703"}],"wp:term":[{"taxonomy":"category","embeddable":true,"href":"https:\/\/diariodominicano.com\/index.php?rest_route=%2Fwp%2Fv2%2Fcategories&post=218703"},{"taxonomy":"post_tag","embeddable":true,"href":"https:\/\/diariodominicano.com\/index.php?rest_route=%2Fwp%2Fv2%2Ftags&post=218703"}],"curies":[{"name":"wp","href":"https:\/\/api.w.org\/{rel}","templated":true}]}}