{"id":218700,"date":"2016-05-04T15:58:34","date_gmt":"2016-05-04T15:58:34","guid":{"rendered":"http:\/\/diariodominicano.ddns.net\/?p=218700"},"modified":"2016-05-04T15:58:34","modified_gmt":"2016-05-04T15:58:34","slug":"hospital-reynaldo-almanzar-firma-carta-compromiso-para-reducir-muerte-materna-e-infantil","status":"publish","type":"post","link":"https:\/\/diariodominicano.com\/?p=218700","title":{"rendered":"Hospital Reynaldo Alm\u00e1nzar firma Carta Compromiso para reducir muerte materna e infantil"},"content":{"rendered":"<p><body><\/p>\n<p><img decoding=\"async\" src=\"img3\/DSC_0154.JPG\" \/>  <\/p>\n<\/p>\n<p><span class=\"text1noticias\">Santo Domingo. RD., 4 de mayo.- El Hospital Materno Dr. Reynaldo Alm\u00e1nzar (HMRA) firm\u00f3 la Carta Compromiso con el Fondo de las Naciones Unidas Para la Infancia (UNICEF), el Servicio Regional de Salud Metropolitano (SRSM), para reducir las muertes evitables maternas y neonatales como \u00abHospital Amigo del Bebe\u00bb<\/span><\/p>\n<p><span class=\"text1noticias\"> <\/span><\/p>\n<\/p>\n<p><span class=\"text1noticias\">El doctor Rafael Draper, director del centro  materno reafirm\u00f3 su compromiso para que el hospital mantenga la m\u00e1s baja tasa de fallecimientos de madres e hijos.<\/span><\/p>\n<\/p>\n<\/p>\n<p><span class=\"text1noticias\">\u00abDesde hace tres a\u00f1os un equipo de colaboradores ha venido trabajando en la reducci\u00f3n de muertes maternas e infantil, ofreciendo servicio de salud humanizado y con calidad\u00bb, subray\u00f3 Draper.<\/span><\/p>\n<\/p>\n<p><span class=\"text1noticias\">Junto al hospital Reynaldo Alm\u00e1nzar firmaron el acuerdo adem\u00e1s los directores de los hospitales maternos Nuestra Se\u00f1ora de la Altagracia, Infantil San Lorenzo de Los Mina, el Municipal de Engombe y Materno Infantil de Boca Chica.<\/span><\/p>\n<\/p>\n<p><span class=\"text1noticias\">Con el acuerdo, los hospitales del SRSM asumen la responsabilidad de ofrecer un servicio de calidad con la consulta prenatal, estimular el apego precoz \u00aba piel\u00bb de reci\u00e9n nacido con su madre.<\/span><\/p>\n<\/p>\n<p><span class=\"text1noticias\">Las instituciones, asimismo, se comprometieron a promover la lactancia materna, realizar partos limpios, promover una atenci\u00f3n humanizada y amigable a la madre, reducir la sepsis neonatal y registrar el nacimiento de los bebes antes de salir del hospital.<\/span><\/p>\n<\/p>\n<p><span class=\"text1noticias\">La implementaci\u00f3n de la carta compromiso constituye una excelente oportunidad para desarrollar el proceso de mejora continua de la calidad de los servicios maternos neonatales y una iniciativa del hospital amigo del bebe, auspiciado por la UNICEF.<\/span><\/p>\n<\/p>\n<p><span class=\"text1noticias\">A trav\u00e9s del compromiso asumido los hospitales inician un arduo trabajo para lograr la certificaci\u00f3n como hospital amigo del bebe que se otorga al comprobar el cumplimiento de 17 pasos que estimula la iniciativa.<\/span><\/p>\n<\/p>\n<p><span class=\"text1noticias\">En el acto estuvieron presentes representantes del Ministerio de Salud P\u00fablica, subdirectores y gerentes de diferentes centros maternos, de la UNICEF, del SRSM y del Grupo Ramos.<\/span><\/p>\n<\/p>\n<p><span class=\"text1noticias\">Al final de la actividad los directores de los hospitales fueron juramentados en comit\u00e9 que velara por el cumplimiento de las normas, por lo cual recibieron una estatuilla de reconocimiento.<\/span><\/p>\n<\/p>\n<\/p>\n<h6> 2016-05-04 15:58:34 <\/h6>\n<p><!--\n<link rel=\"stylesheet\" href=\"css\/bootstrap.min.css\">\n\n\n<ul class=\"pagination\">\n\t    \n\t\n\n<li >\n\t<a href='?page_no=13095'>Previous<\/a>\n\t<\/li>\n\n\n       \n    \n\n<li><a href='?page_no=1'>1<\/a><\/li>\n\n\n\n<li><a href='?page_no=2'>2<\/a><\/li>\n\n\n\n<li><a>...<\/a><\/li>\n\n\n\n<li><a href='?page_no=13094'>13094<\/a><\/li>\n\n\n\n<li><a href='?page_no=13095'>13095<\/a><\/li>\n\n\n\n<li class='active'><a>13096<\/a><\/li>\n\n\n\n<li><a href='?page_no=13097'>13097<\/a><\/li>\n\n\n\n<li><a href='?page_no=13098'>13098<\/a><\/li>\n\n\n\n<li><a>...<\/a><\/li>\n\n\n\n<li><a href='?page_no=56169'>56169<\/a><\/li>\n\n\n\n<li><a href='?page_no=56170'>56170<\/a><\/li>\n\n    \n\t\n\n<li >\n\t<a href='?page_no=13097'>Next<\/a>\n\t<\/li>\n\n\n    \n\n<li><a href='?page_no=56170'>Last &rsaquo;&rsaquo;<\/a><\/li>\n\n<\/ul>\n\n\n--><br \/>\n<\/body><\/p>\n","protected":false},"excerpt":{"rendered":"<p>Santo Domingo. RD., 4 de mayo.- El Hospital Materno Dr. Reynaldo Alm\u00e1nzar (HMRA) firm\u00f3 la Carta Compromiso con el Fondo de las Naciones Unidas Para la Infancia (UNICEF), el Servicio Regional de Salud Metropolitano (SRSM), para reducir las muertes evitables maternas y neonatales como \u00abHospital Amigo del Bebe\u00bb El doctor Rafael Draper, director del centro [&hellip;]<\/p>\n","protected":false},"author":3,"featured_media":0,"comment_status":"open","ping_status":"open","sticky":false,"template":"","format":"standard","meta":{"footnotes":""},"categories":[20],"tags":[],"class_list":["post-218700","post","type-post","status-publish","format-standard","hentry","category-dominicana-hoy"],"_links":{"self":[{"href":"https:\/\/diariodominicano.com\/index.php?rest_route=\/wp\/v2\/posts\/218700","targetHints":{"allow":["GET"]}}],"collection":[{"href":"https:\/\/diariodominicano.com\/index.php?rest_route=\/wp\/v2\/posts"}],"about":[{"href":"https:\/\/diariodominicano.com\/index.php?rest_route=\/wp\/v2\/types\/post"}],"author":[{"embeddable":true,"href":"https:\/\/diariodominicano.com\/index.php?rest_route=\/wp\/v2\/users\/3"}],"replies":[{"embeddable":true,"href":"https:\/\/diariodominicano.com\/index.php?rest_route=%2Fwp%2Fv2%2Fcomments&post=218700"}],"version-history":[{"count":0,"href":"https:\/\/diariodominicano.com\/index.php?rest_route=\/wp\/v2\/posts\/218700\/revisions"}],"wp:attachment":[{"href":"https:\/\/diariodominicano.com\/index.php?rest_route=%2Fwp%2Fv2%2Fmedia&parent=218700"}],"wp:term":[{"taxonomy":"category","embeddable":true,"href":"https:\/\/diariodominicano.com\/index.php?rest_route=%2Fwp%2Fv2%2Fcategories&post=218700"},{"taxonomy":"post_tag","embeddable":true,"href":"https:\/\/diariodominicano.com\/index.php?rest_route=%2Fwp%2Fv2%2Ftags&post=218700"}],"curies":[{"name":"wp","href":"https:\/\/api.w.org\/{rel}","templated":true}]}}