{"id":218689,"date":"2016-05-05T18:14:40","date_gmt":"2016-05-05T18:14:40","guid":{"rendered":"http:\/\/diariodominicano.ddns.net\/?p=218689"},"modified":"2016-05-05T18:14:40","modified_gmt":"2016-05-05T18:14:40","slug":"plan-social-de-la-presidencia-auxilio-mas-de-200-familias-de-gaspar-hernandez-afectadas-por-inundaciones","status":"publish","type":"post","link":"https:\/\/diariodominicano.com\/?p=218689","title":{"rendered":"Plan Social de la Presidencia auxili\u00f3 m\u00e1s de 200 familias de Gaspar Hern\u00e1ndez afectadas por inundaciones"},"content":{"rendered":"<p><body><\/p>\n<p><img decoding=\"async\" src=\"img3\/45.JPG\" \/>  <\/p>\n<\/p>\n<p><span class=\"text1noticias\">Espaillat. RD., 5 de mayo.-El Plan Social de la Presidencia, auxili\u00f3 este mi\u00e9rcoles a familias afectadas de las inundaciones provocadas por las lluvias de los \u00faltimos d\u00edas en Gaspar Hern\u00e1ndez. <\/span><\/p>\n<\/p>\n<p><span class=\"text1noticias\">Los principales perjudicados residen en barrios como el Ra\u00fal Lantigua y Los Caimanes, Ca\u00f1\u00f3n Abajo, La Hoya Abajo, la Cueva de los Leones, en la Zona Deportiva y el Distrito Municipal de Joba Arriba.<\/span><\/p>\n<\/p>\n<p><span class=\"text1noticias\">Para la entrega personal del Plan Social convoc\u00f3 a los afectados al Polit\u00e9cnico profesor Juan Bosch y desde all\u00ed entregaron electrodom\u00e9sticos y materiales de construcci\u00f3n de forma organizada.<\/span><\/p>\n<\/p>\n<p><span class=\"text1noticias\">A los afectados les entregaron camas, neveras, estufas, abanicos, tanque de gas, colchones, raciones de comidas y televisores, todo seg\u00fan un levantamiento previo hecho por la instituci\u00f3n oficial en las zonas afectadas.<\/span><\/p>\n<\/p>\n<p><span class=\"text1noticias\">La licenciada Belkis Morel, quien represent\u00f3 al ingeniero Cesar Prieto, director general del Plan Social, inform\u00f3 que por mandato del presidente de la Rep\u00fablica Danilo Medina, esa instituci\u00f3n realiza una evaluaci\u00f3n total a cuatro viviendas que fueron totalmente destruidas por los efectos de las lluvias y que sus propietarios ya no podr\u00e1n retornar a ese lugar, para fines de reubicarlos.<\/span><\/p>\n<\/p>\n<h6> 2016-05-05 18:14:40 <\/h6>\n<p><!--\n<link rel=\"stylesheet\" href=\"css\/bootstrap.min.css\">\n\n\n<ul class=\"pagination\">\n\t    \n\t\n\n<li >\n\t<a href='?page_no=13085'>Previous<\/a>\n\t<\/li>\n\n\n       \n    \n\n<li><a href='?page_no=1'>1<\/a><\/li>\n\n\n\n<li><a href='?page_no=2'>2<\/a><\/li>\n\n\n\n<li><a>...<\/a><\/li>\n\n\n\n<li><a href='?page_no=13084'>13084<\/a><\/li>\n\n\n\n<li><a href='?page_no=13085'>13085<\/a><\/li>\n\n\n\n<li class='active'><a>13086<\/a><\/li>\n\n\n\n<li><a href='?page_no=13087'>13087<\/a><\/li>\n\n\n\n<li><a href='?page_no=13088'>13088<\/a><\/li>\n\n\n\n<li><a>...<\/a><\/li>\n\n\n\n<li><a href='?page_no=56169'>56169<\/a><\/li>\n\n\n\n<li><a href='?page_no=56170'>56170<\/a><\/li>\n\n    \n\t\n\n<li >\n\t<a href='?page_no=13087'>Next<\/a>\n\t<\/li>\n\n\n    \n\n<li><a href='?page_no=56170'>Last &rsaquo;&rsaquo;<\/a><\/li>\n\n<\/ul>\n\n\n--><br \/>\n<\/body><\/p>\n","protected":false},"excerpt":{"rendered":"<p>Espaillat. RD., 5 de mayo.-El Plan Social de la Presidencia, auxili\u00f3 este mi\u00e9rcoles a familias afectadas de las inundaciones provocadas por las lluvias de los \u00faltimos d\u00edas en Gaspar Hern\u00e1ndez. Los principales perjudicados residen en barrios como el Ra\u00fal Lantigua y Los Caimanes, Ca\u00f1\u00f3n Abajo, La Hoya Abajo, la Cueva de los Leones, en la [&hellip;]<\/p>\n","protected":false},"author":3,"featured_media":0,"comment_status":"open","ping_status":"open","sticky":false,"template":"","format":"standard","meta":{"footnotes":""},"categories":[20],"tags":[],"class_list":["post-218689","post","type-post","status-publish","format-standard","hentry","category-dominicana-hoy"],"_links":{"self":[{"href":"https:\/\/diariodominicano.com\/index.php?rest_route=\/wp\/v2\/posts\/218689","targetHints":{"allow":["GET"]}}],"collection":[{"href":"https:\/\/diariodominicano.com\/index.php?rest_route=\/wp\/v2\/posts"}],"about":[{"href":"https:\/\/diariodominicano.com\/index.php?rest_route=\/wp\/v2\/types\/post"}],"author":[{"embeddable":true,"href":"https:\/\/diariodominicano.com\/index.php?rest_route=\/wp\/v2\/users\/3"}],"replies":[{"embeddable":true,"href":"https:\/\/diariodominicano.com\/index.php?rest_route=%2Fwp%2Fv2%2Fcomments&post=218689"}],"version-history":[{"count":0,"href":"https:\/\/diariodominicano.com\/index.php?rest_route=\/wp\/v2\/posts\/218689\/revisions"}],"wp:attachment":[{"href":"https:\/\/diariodominicano.com\/index.php?rest_route=%2Fwp%2Fv2%2Fmedia&parent=218689"}],"wp:term":[{"taxonomy":"category","embeddable":true,"href":"https:\/\/diariodominicano.com\/index.php?rest_route=%2Fwp%2Fv2%2Fcategories&post=218689"},{"taxonomy":"post_tag","embeddable":true,"href":"https:\/\/diariodominicano.com\/index.php?rest_route=%2Fwp%2Fv2%2Ftags&post=218689"}],"curies":[{"name":"wp","href":"https:\/\/api.w.org\/{rel}","templated":true}]}}