{"id":218653,"date":"2016-05-10T09:50:04","date_gmt":"2016-05-10T09:50:04","guid":{"rendered":"http:\/\/diariodominicano.ddns.net\/?p=218653"},"modified":"2016-05-10T09:50:04","modified_gmt":"2016-05-10T09:50:04","slug":"capacitan-maestros-y-maestras-de-santiago-en-saneamiento-ambiental","status":"publish","type":"post","link":"https:\/\/diariodominicano.com\/?p=218653","title":{"rendered":"Capacitan  maestros y maestras de Santiago en  saneamiento ambiental"},"content":{"rendered":"<p><body><\/p>\n<p><span class=\"text1noticias\">Santo Domingo,  R. D., 10 mayo.- M\u00e1s de 50 educadores y educadoras de escuelas p\u00fablicas  de Santiago, recibieron capacitaci\u00f3n en medio Ambiente y Gesti\u00f3n de Residuos S\u00f3lidos, para convertirse en multiplicadores, y promover entre sus estudiantes la importancia de crear conciencia ambiental para proteger la microcuenca de Arroyo Gurabo y mejorar las condiciones de vida de los habitantes de esta zona.<\/span><\/p>\n<\/p>\n<p><span class=\"text1noticias\">Esta iniciativa es parte de las acciones que desarrolla el Plan Nacional de Desarrollo Local, Quisqueya Somos Todos, en apoyo a la  Comisi\u00f3n de Coordinaci\u00f3n de Iniciativas y Proyectos Presidenciales en Santiago, para el saneamiento, preservaci\u00f3n  y desarrollo sostenible de la cuenca del r\u00edo Yaque del Norte.<\/span><\/p>\n<\/p>\n<p><span class=\"text1noticias\">Los temas fueron abordados desde las perspectivas  te\u00f3rica y pr\u00e1ctica, de modo a  que los participantes tuvieron la oportunidad de observar el deterioro y las condiciones de insalubridad en las que se encuentra la microcuenca de Arroyo Gurabo, en una visita guiada por los facilitadores Margarita Betances, Gilberto G\u00f3mez y Esclaudys P\u00e9rez Gonz\u00e1lez, expertos en educaci\u00f3n ambiental de la universidad ISA. <\/span><\/p>\n<\/p>\n<p><span class=\"text1noticias\">Las instituciones que auspiciaron esta capacitaci\u00f3n fueron: la Direcci\u00f3n Regional del Ministerio de Educaci\u00f3n en Santiago, el departamento de Recursos Naturales de la Universidad ISA, el Centro de Formaci\u00f3n y Acci\u00f3n Social y Agraria (CEFASA), el Comit\u00e9 Unificado por el Desarrollo de Gurabo, la Direcci\u00f3n de Programas Especiales de la Presidencia (DIGEPEP) representada por su Subdirector, el se\u00f1or Salvador Demallistre y con la colaboraci\u00f3n de la Alcald\u00eda de Santiago y la Uni\u00f3n de Juntas de Vecinos de Arroyo Gurabo.  <\/span><\/p>\n<\/p>\n<h6> 2016-05-10 09:50:04 <\/h6>\n<p><!--\n<link rel=\"stylesheet\" href=\"css\/bootstrap.min.css\">\n\n\n<ul class=\"pagination\">\n\t    \n\t\n\n<li >\n\t<a href='?page_no=13052'>Previous<\/a>\n\t<\/li>\n\n\n       \n    \n\n<li><a href='?page_no=1'>1<\/a><\/li>\n\n\n\n<li><a href='?page_no=2'>2<\/a><\/li>\n\n\n\n<li><a>...<\/a><\/li>\n\n\n\n<li><a href='?page_no=13051'>13051<\/a><\/li>\n\n\n\n<li><a href='?page_no=13052'>13052<\/a><\/li>\n\n\n\n<li class='active'><a>13053<\/a><\/li>\n\n\n\n<li><a href='?page_no=13054'>13054<\/a><\/li>\n\n\n\n<li><a href='?page_no=13055'>13055<\/a><\/li>\n\n\n\n<li><a>...<\/a><\/li>\n\n\n\n<li><a href='?page_no=56169'>56169<\/a><\/li>\n\n\n\n<li><a href='?page_no=56170'>56170<\/a><\/li>\n\n    \n\t\n\n<li >\n\t<a href='?page_no=13054'>Next<\/a>\n\t<\/li>\n\n\n    \n\n<li><a href='?page_no=56170'>Last &rsaquo;&rsaquo;<\/a><\/li>\n\n<\/ul>\n\n\n--><br \/>\n<\/body><\/p>\n","protected":false},"excerpt":{"rendered":"<p>Santo Domingo, R. D., 10 mayo.- M\u00e1s de 50 educadores y educadoras de escuelas p\u00fablicas de Santiago, recibieron capacitaci\u00f3n en medio Ambiente y Gesti\u00f3n de Residuos S\u00f3lidos, para convertirse en multiplicadores, y promover entre sus estudiantes la importancia de crear conciencia ambiental para proteger la microcuenca de Arroyo Gurabo y mejorar las condiciones de vida [&hellip;]<\/p>\n","protected":false},"author":3,"featured_media":0,"comment_status":"open","ping_status":"open","sticky":false,"template":"","format":"standard","meta":{"footnotes":""},"categories":[20],"tags":[],"class_list":["post-218653","post","type-post","status-publish","format-standard","hentry","category-dominicana-hoy"],"_links":{"self":[{"href":"https:\/\/diariodominicano.com\/index.php?rest_route=\/wp\/v2\/posts\/218653","targetHints":{"allow":["GET"]}}],"collection":[{"href":"https:\/\/diariodominicano.com\/index.php?rest_route=\/wp\/v2\/posts"}],"about":[{"href":"https:\/\/diariodominicano.com\/index.php?rest_route=\/wp\/v2\/types\/post"}],"author":[{"embeddable":true,"href":"https:\/\/diariodominicano.com\/index.php?rest_route=\/wp\/v2\/users\/3"}],"replies":[{"embeddable":true,"href":"https:\/\/diariodominicano.com\/index.php?rest_route=%2Fwp%2Fv2%2Fcomments&post=218653"}],"version-history":[{"count":0,"href":"https:\/\/diariodominicano.com\/index.php?rest_route=\/wp\/v2\/posts\/218653\/revisions"}],"wp:attachment":[{"href":"https:\/\/diariodominicano.com\/index.php?rest_route=%2Fwp%2Fv2%2Fmedia&parent=218653"}],"wp:term":[{"taxonomy":"category","embeddable":true,"href":"https:\/\/diariodominicano.com\/index.php?rest_route=%2Fwp%2Fv2%2Fcategories&post=218653"},{"taxonomy":"post_tag","embeddable":true,"href":"https:\/\/diariodominicano.com\/index.php?rest_route=%2Fwp%2Fv2%2Ftags&post=218653"}],"curies":[{"name":"wp","href":"https:\/\/api.w.org\/{rel}","templated":true}]}}